{"id":988,"date":"2025-08-22T11:34:58","date_gmt":"2025-08-22T09:34:58","guid":{"rendered":"https:\/\/www.carloscastrofotografo.com\/blog\/?p=988"},"modified":"2025-08-22T11:47:50","modified_gmt":"2025-08-22T09:47:50","slug":"roma-en-4-horas-costa-smeralda-fotografia","status":"publish","type":"post","link":"https:\/\/www.carloscastrofotografo.com\/blog\/roma-en-4-horas-costa-smeralda-fotografia\/","title":{"rendered":"Roma en 4 horas desde el Costa Smeralda: \u00bfmerece la pena para hacer fotos? [Vlog]"},"content":{"rendered":"\n<p class=\"has-text-align-left\">Visita expr\u00e9s a Roma durante mi escala con el Costa Smeralda: ruta optimizada de 4 horas, fotos con la Sony A7 IV, consejos r\u00e1pidos y conclusiones. \u00bfMerece la pena? Lo vemos en el vlog y en este art\u00edculo.<\/p>\n\n\n\n<h2 class=\"wp-block-heading\"><strong>\ud83c\udfac Mira el v\u00eddeo completo<\/strong><\/h2>\n\n\n\n<figure class=\"wp-block-embed aligncenter is-type-video is-provider-youtube wp-block-embed-youtube wp-embed-aspect-16-9 wp-has-aspect-ratio\"><div class=\"wp-block-embed__wrapper\">\n<iframe loading=\"lazy\" title=\"ROMA en 4 horas desde un crucero \ud83d\udea2\ud83d\udcf8 \u00bfMerece la pena para hacer fotos? | Costa Cruceros\" width=\"696\" height=\"392\" src=\"https:\/\/www.youtube.com\/embed\/m35tiojC0AU?feature=oembed\" frameborder=\"0\" allow=\"accelerometer; autoplay; clipboard-write; encrypted-media; gyroscope; picture-in-picture; web-share\" referrerpolicy=\"strict-origin-when-cross-origin\" allowfullscreen><\/iframe>\n<\/div><\/figure>\n\n\n\n<h2 class=\"wp-block-heading\"><strong>\u00cdndice<\/strong><\/h2>\n\n\n\n<ol start=\"1\" class=\"wp-block-list\">\n<li><a href=\"#mapa-y-recorrido-expr%C3%A9s\">Mapa y recorrido expr\u00e9s<\/a><\/li>\n\n\n\n<li><a href=\"#itinerario-que-ver\">Itinerario: qu\u00e9 ver y por qu\u00e9 (fotograf\u00eda)<\/a><\/li>\n\n\n\n<li><a href=\"#equipo-ligero-y-ajustes-recomendados\">Equipo ligero y ajustes recomendados<\/a><\/li>\n\n\n\n<li><a href=\"#moverse-rapido\">Moverse r\u00e1pido: del Vaticano al Coliseo<\/a><\/li>\n\n\n\n<li><a href=\"#merece-la-pena-conclusi%C3%B3n\">\u00bfMerece la pena? Conclusi\u00f3n<\/a><\/li>\n\n\n\n<li><a href=\"#preguntas-frecuentes\">Preguntas frecuentes<\/a><\/li>\n<\/ol>\n\n\n\n<h2 class=\"wp-block-heading\" id=\"mapa-y-recorrido-expr\u00e9s\"><strong>Mapa y recorrido expr\u00e9s<\/strong><\/h2>\n\n\n\n<p><strong>Ruta circular<\/strong>\u00a0pensando en volver a\u00a0<strong>Plaza de San Pedro<\/strong>\u00a0en ~4 h:<\/p>\n\n\n\n<p><strong>San Pedro \u2192 Sant\u2019Angelo \u2192 Piazza Navona \u2192 Pante\u00f3n \u2192 Fontana di Trevi \u2192 Vittorio Emanuele II \u2192 Foro\/Columna\/Mercado de Trajano \u2192 Coliseo (exterior) \u2192 regreso<\/strong>.<\/p>\n\n\n<div class=\"wp-block-image\">\n<figure data-wp-context=\"{&quot;imageId&quot;:&quot;69ee847572905&quot;}\" data-wp-interactive=\"core\/image\" data-wp-key=\"69ee847572905\" class=\"aligncenter size-large td-caption-align-https:\/\/www.carloscastrofotografo.com\/blog\/wp-content\/uploads\/2025\/08\/mapa-roma-en-4-horas-1-scaled.jpeg wp-lightbox-container\"><img loading=\"lazy\" decoding=\"async\" width=\"1024\" height=\"599\" data-wp-class--hide=\"state.isContentHidden\" data-wp-class--show=\"state.isContentVisible\" data-wp-init=\"callbacks.setButtonStyles\" data-wp-on--click=\"actions.showLightbox\" data-wp-on--load=\"callbacks.setButtonStyles\" data-wp-on-window--resize=\"callbacks.setButtonStyles\" src=\"https:\/\/www.carloscastrofotografo.com\/blog\/wp-content\/uploads\/2025\/08\/mapa-roma-en-4-horas-1-1024x599.jpeg\" alt=\"\" class=\"wp-image-1007\" srcset=\"https:\/\/www.carloscastrofotografo.com\/blog\/wp-content\/uploads\/2025\/08\/mapa-roma-en-4-horas-1-1024x599.jpeg 1024w, https:\/\/www.carloscastrofotografo.com\/blog\/wp-content\/uploads\/2025\/08\/mapa-roma-en-4-horas-1-300x175.jpeg 300w, https:\/\/www.carloscastrofotografo.com\/blog\/wp-content\/uploads\/2025\/08\/mapa-roma-en-4-horas-1-768x449.jpeg 768w, https:\/\/www.carloscastrofotografo.com\/blog\/wp-content\/uploads\/2025\/08\/mapa-roma-en-4-horas-1-1536x898.jpeg 1536w, https:\/\/www.carloscastrofotografo.com\/blog\/wp-content\/uploads\/2025\/08\/mapa-roma-en-4-horas-1-2048x1198.jpeg 2048w, https:\/\/www.carloscastrofotografo.com\/blog\/wp-content\/uploads\/2025\/08\/mapa-roma-en-4-horas-1-696x407.jpeg 696w, https:\/\/www.carloscastrofotografo.com\/blog\/wp-content\/uploads\/2025\/08\/mapa-roma-en-4-horas-1-1068x625.jpeg 1068w, https:\/\/www.carloscastrofotografo.com\/blog\/wp-content\/uploads\/2025\/08\/mapa-roma-en-4-horas-1-1920x1123.jpeg 1920w, https:\/\/www.carloscastrofotografo.com\/blog\/wp-content\/uploads\/2025\/08\/mapa-roma-en-4-horas-1-718x420.jpeg 718w\" sizes=\"auto, (max-width: 1024px) 100vw, 1024px\" \/><button\n\t\t\tclass=\"lightbox-trigger\"\n\t\t\ttype=\"button\"\n\t\t\taria-haspopup=\"dialog\"\n\t\t\taria-label=\"Agrandar\"\n\t\t\tdata-wp-init=\"callbacks.initTriggerButton\"\n\t\t\tdata-wp-on--click=\"actions.showLightbox\"\n\t\t\tdata-wp-style--right=\"state.imageButtonRight\"\n\t\t\tdata-wp-style--top=\"state.imageButtonTop\"\n\t\t>\n\t\t\t<svg xmlns=\"http:\/\/www.w3.org\/2000\/svg\" width=\"12\" height=\"12\" fill=\"none\" viewBox=\"0 0 12 12\">\n\t\t\t\t<path fill=\"#fff\" d=\"M2 0a2 2 0 0 0-2 2v2h1.5V2a.5.5 0 0 1 .5-.5h2V0H2Zm2 10.5H2a.5.5 0 0 1-.5-.5V8H0v2a2 2 0 0 0 2 2h2v-1.5ZM8 12v-1.5h2a.5.5 0 0 0 .5-.5V8H12v2a2 2 0 0 1-2 2H8Zm2-12a2 2 0 0 1 2 2v2h-1.5V2a.5.5 0 0 0-.5-.5H8V0h2Z\" \/>\n\t\t\t<\/svg>\n\t\t<\/button><\/figure>\n<\/div>\n\n\n<h2 class=\"wp-block-heading\" id=\"itinerario-que-ver\"><strong>Itinerario: qu\u00e9 ver y por qu\u00e9 (fotograf\u00eda)<\/strong><\/h2>\n\n\n\n<h3 class=\"wp-block-heading\"><strong>Plaza de San Pedro (Vaticano)<\/strong><\/h3>\n\n\n\n<ul class=\"wp-block-list\">\n<li><strong>Foto:<\/strong>&nbsp;panor\u00e1mica de la plaza, detalle de columnas y simetr\u00edas.<\/li>\n\n\n\n<li><strong>Dato \u00fatil:<\/strong>&nbsp;dise\u00f1o de&nbsp;<strong>Bernini<\/strong>; m\u00e1s de&nbsp;<strong>300.000<\/strong>&nbsp;personas de capacidad;&nbsp;<strong>284<\/strong>&nbsp;columnas d\u00f3ricas.<\/li>\n\n\n\n<li><strong>Tip:<\/strong>&nbsp;busca el&nbsp;<strong>punto marcado en el suelo<\/strong>&nbsp;donde las cuatro filas de columnas se ven como una sola; ideal para un&nbsp;<em>reveal<\/em>.<\/li>\n<\/ul>\n\n\n<div class=\"wp-block-image\">\n<figure class=\"aligncenter size-large td-caption-align-https:\/\/www.carloscastrofotografo.com\/blog\/wp-content\/uploads\/2025\/08\/columnas-san-pedro.jpeg\"><img loading=\"lazy\" decoding=\"async\" width=\"1024\" height=\"682\" src=\"https:\/\/www.carloscastrofotografo.com\/blog\/wp-content\/uploads\/2025\/08\/columnas-san-pedro-1024x682.jpeg\" alt=\"\" class=\"wp-image-991\" srcset=\"https:\/\/www.carloscastrofotografo.com\/blog\/wp-content\/uploads\/2025\/08\/columnas-san-pedro-1024x682.jpeg 1024w, https:\/\/www.carloscastrofotografo.com\/blog\/wp-content\/uploads\/2025\/08\/columnas-san-pedro-300x200.jpeg 300w, https:\/\/www.carloscastrofotografo.com\/blog\/wp-content\/uploads\/2025\/08\/columnas-san-pedro-768x512.jpeg 768w, https:\/\/www.carloscastrofotografo.com\/blog\/wp-content\/uploads\/2025\/08\/columnas-san-pedro-696x464.jpeg 696w, https:\/\/www.carloscastrofotografo.com\/blog\/wp-content\/uploads\/2025\/08\/columnas-san-pedro-1068x712.jpeg 1068w, https:\/\/www.carloscastrofotografo.com\/blog\/wp-content\/uploads\/2025\/08\/columnas-san-pedro-630x420.jpeg 630w, https:\/\/www.carloscastrofotografo.com\/blog\/wp-content\/uploads\/2025\/08\/columnas-san-pedro.jpeg 1280w\" sizes=\"auto, (max-width: 1024px) 100vw, 1024px\" \/><\/figure>\n<\/div>\n\n\n<h3 class=\"wp-block-heading\"><strong>Castel Sant\u2019Angelo<\/strong><\/h3>\n\n\n\n<ul class=\"wp-block-list\">\n<li><strong>Foto:<\/strong>&nbsp;simetr\u00eda desde el puente con estatuas en primer plano.<\/li>\n\n\n\n<li><strong>Dato:<\/strong>&nbsp;naci\u00f3 como mausoleo de&nbsp;<strong>Adriano<\/strong>&nbsp;(s. II) y luego pas\u00f3 a fortaleza papal (tiene el&nbsp;<strong>Passetto di Borgo<\/strong>).<\/li>\n\n\n\n<li><strong>Tip:<\/strong>&nbsp;diafragma medio (f\/5.6\u2013f\/8) para equilibrar profundidad y nitidez.<\/li>\n<\/ul>\n\n\n<div class=\"wp-block-image\">\n<figure class=\"aligncenter size-large td-caption-align-https:\/\/www.carloscastrofotografo.com\/blog\/wp-content\/uploads\/2025\/08\/castel-san-angelo-1.jpeg\"><img loading=\"lazy\" decoding=\"async\" width=\"1024\" height=\"638\" src=\"https:\/\/www.carloscastrofotografo.com\/blog\/wp-content\/uploads\/2025\/08\/castel-san-angelo-1-1024x638.jpeg\" alt=\"\" class=\"wp-image-993\" srcset=\"https:\/\/www.carloscastrofotografo.com\/blog\/wp-content\/uploads\/2025\/08\/castel-san-angelo-1-1024x638.jpeg 1024w, https:\/\/www.carloscastrofotografo.com\/blog\/wp-content\/uploads\/2025\/08\/castel-san-angelo-1-300x187.jpeg 300w, https:\/\/www.carloscastrofotografo.com\/blog\/wp-content\/uploads\/2025\/08\/castel-san-angelo-1-768x479.jpeg 768w, https:\/\/www.carloscastrofotografo.com\/blog\/wp-content\/uploads\/2025\/08\/castel-san-angelo-1-696x434.jpeg 696w, https:\/\/www.carloscastrofotografo.com\/blog\/wp-content\/uploads\/2025\/08\/castel-san-angelo-1-1068x666.jpeg 1068w, https:\/\/www.carloscastrofotografo.com\/blog\/wp-content\/uploads\/2025\/08\/castel-san-angelo-1-674x420.jpeg 674w, https:\/\/www.carloscastrofotografo.com\/blog\/wp-content\/uploads\/2025\/08\/castel-san-angelo-1.jpeg 1280w\" sizes=\"auto, (max-width: 1024px) 100vw, 1024px\" \/><\/figure>\n<\/div>\n\n\n<h3 class=\"wp-block-heading\"><strong>Piazza Navona<\/strong><\/h3>\n\n\n\n<ul class=\"wp-block-list\">\n<li><strong>Foto:<\/strong>&nbsp;<strong>Fuente de los Cuatro R\u00edos<\/strong>&nbsp;y plano general ovalado.<\/li>\n\n\n\n<li><strong>Dato:<\/strong>&nbsp;est\u00e1 sobre el antiguo&nbsp;<strong>estadio de Domiciano<\/strong>; de ah\u00ed su forma.<\/li>\n\n\n\n<li><strong>Tip:<\/strong>&nbsp;encuadres con reflejos tras limpieza o fuentes; espera micro-pausas de gente.<\/li>\n<\/ul>\n\n\n<div class=\"wp-block-image\">\n<figure class=\"aligncenter size-large td-caption-align-https:\/\/www.carloscastrofotografo.com\/blog\/wp-content\/uploads\/2025\/08\/piazza-navona.jpeg\"><img loading=\"lazy\" decoding=\"async\" width=\"1024\" height=\"682\" src=\"https:\/\/www.carloscastrofotografo.com\/blog\/wp-content\/uploads\/2025\/08\/piazza-navona-1024x682.jpeg\" alt=\"\" class=\"wp-image-994\" srcset=\"https:\/\/www.carloscastrofotografo.com\/blog\/wp-content\/uploads\/2025\/08\/piazza-navona-1024x682.jpeg 1024w, https:\/\/www.carloscastrofotografo.com\/blog\/wp-content\/uploads\/2025\/08\/piazza-navona-300x200.jpeg 300w, https:\/\/www.carloscastrofotografo.com\/blog\/wp-content\/uploads\/2025\/08\/piazza-navona-768x512.jpeg 768w, https:\/\/www.carloscastrofotografo.com\/blog\/wp-content\/uploads\/2025\/08\/piazza-navona-696x464.jpeg 696w, https:\/\/www.carloscastrofotografo.com\/blog\/wp-content\/uploads\/2025\/08\/piazza-navona-1068x712.jpeg 1068w, https:\/\/www.carloscastrofotografo.com\/blog\/wp-content\/uploads\/2025\/08\/piazza-navona-630x420.jpeg 630w, https:\/\/www.carloscastrofotografo.com\/blog\/wp-content\/uploads\/2025\/08\/piazza-navona.jpeg 1280w\" sizes=\"auto, (max-width: 1024px) 100vw, 1024px\" \/><\/figure>\n<\/div>\n\n\n<h3 class=\"wp-block-heading\"><strong>Pante\u00f3n<\/strong><\/h3>\n\n\n\n<ul class=\"wp-block-list\">\n<li><strong>Foto:<\/strong>&nbsp;frontal sim\u00e9trico; si entras,&nbsp;<strong>\u00f3culo<\/strong>&nbsp;con luz dram\u00e1tica.<\/li>\n\n\n\n<li><strong>Dato:<\/strong>&nbsp;mayor&nbsp;<strong>c\u00fapula de hormig\u00f3n no armado<\/strong>&nbsp;del mundo; \u00f3culo de ~9 m.<\/li>\n\n\n\n<li><strong>Tip:<\/strong>&nbsp;mide exposici\u00f3n por altas luces si captas el rayo de sol del \u00f3culo.<\/li>\n<\/ul>\n\n\n<div class=\"wp-block-image\">\n<figure class=\"aligncenter size-large td-caption-align-https:\/\/www.carloscastrofotografo.com\/blog\/wp-content\/uploads\/2025\/08\/panteon-agripa-1.jpeg\"><img loading=\"lazy\" decoding=\"async\" width=\"1024\" height=\"682\" src=\"https:\/\/www.carloscastrofotografo.com\/blog\/wp-content\/uploads\/2025\/08\/panteon-agripa-1-1024x682.jpeg\" alt=\"\" class=\"wp-image-996\" srcset=\"https:\/\/www.carloscastrofotografo.com\/blog\/wp-content\/uploads\/2025\/08\/panteon-agripa-1-1024x682.jpeg 1024w, https:\/\/www.carloscastrofotografo.com\/blog\/wp-content\/uploads\/2025\/08\/panteon-agripa-1-300x200.jpeg 300w, https:\/\/www.carloscastrofotografo.com\/blog\/wp-content\/uploads\/2025\/08\/panteon-agripa-1-768x512.jpeg 768w, https:\/\/www.carloscastrofotografo.com\/blog\/wp-content\/uploads\/2025\/08\/panteon-agripa-1-696x464.jpeg 696w, https:\/\/www.carloscastrofotografo.com\/blog\/wp-content\/uploads\/2025\/08\/panteon-agripa-1-1068x712.jpeg 1068w, https:\/\/www.carloscastrofotografo.com\/blog\/wp-content\/uploads\/2025\/08\/panteon-agripa-1-630x420.jpeg 630w, https:\/\/www.carloscastrofotografo.com\/blog\/wp-content\/uploads\/2025\/08\/panteon-agripa-1.jpeg 1280w\" sizes=\"auto, (max-width: 1024px) 100vw, 1024px\" \/><\/figure>\n<\/div>\n\n\n<h3 class=\"wp-block-heading\"><strong>Fontana di Trevi<\/strong><\/h3>\n\n\n\n<ul class=\"wp-block-list\">\n<li><strong>Foto:<\/strong>&nbsp;plano bajo lateral para evitar multitudes.<\/li>\n\n\n\n<li><strong>Dato:<\/strong>&nbsp;26 m alto x 49 m ancho;&nbsp;<strong>miles de euros diarios<\/strong>&nbsp;en monedas destinados a beneficencia.<\/li>\n\n\n\n<li><strong>Tip:<\/strong>&nbsp;obturador r\u00e1pido para congelar el agua o 1\/10\u20131\/20 s con filtro ND para sedosidad ligera.<\/li>\n<\/ul>\n\n\n<div class=\"wp-block-image\">\n<figure class=\"aligncenter size-large td-caption-align-https:\/\/www.carloscastrofotografo.com\/blog\/wp-content\/uploads\/2025\/08\/fontana.jpeg\"><img loading=\"lazy\" decoding=\"async\" width=\"1024\" height=\"576\" src=\"https:\/\/www.carloscastrofotografo.com\/blog\/wp-content\/uploads\/2025\/08\/fontana-1024x576.jpeg\" alt=\"\" class=\"wp-image-997\" srcset=\"https:\/\/www.carloscastrofotografo.com\/blog\/wp-content\/uploads\/2025\/08\/fontana-1024x576.jpeg 1024w, https:\/\/www.carloscastrofotografo.com\/blog\/wp-content\/uploads\/2025\/08\/fontana-300x169.jpeg 300w, https:\/\/www.carloscastrofotografo.com\/blog\/wp-content\/uploads\/2025\/08\/fontana-768x432.jpeg 768w, https:\/\/www.carloscastrofotografo.com\/blog\/wp-content\/uploads\/2025\/08\/fontana-696x392.jpeg 696w, https:\/\/www.carloscastrofotografo.com\/blog\/wp-content\/uploads\/2025\/08\/fontana-1068x601.jpeg 1068w, https:\/\/www.carloscastrofotografo.com\/blog\/wp-content\/uploads\/2025\/08\/fontana-747x420.jpeg 747w, https:\/\/www.carloscastrofotografo.com\/blog\/wp-content\/uploads\/2025\/08\/fontana.jpeg 1280w\" sizes=\"auto, (max-width: 1024px) 100vw, 1024px\" \/><\/figure>\n<\/div>\n\n\n<h3 class=\"wp-block-heading\"><strong>Monumento a Vittorio Emanuele II (Altare della Patria)<\/strong><\/h3>\n\n\n\n<ul class=\"wp-block-list\">\n<li><strong>Foto:<\/strong>&nbsp;compresi\u00f3n de planos desde la base; detalles escult\u00f3ricos.<\/li>\n\n\n\n<li><strong>Dato:<\/strong>&nbsp;&gt;70 m alto x 135 m ancho; obra de finales s. XIX\u2013XX;&nbsp;<strong>Tumba del Soldado Desconocido<\/strong>.<\/li>\n\n\n\n<li><strong>Tip:<\/strong>&nbsp;cuidado con altas luces en m\u00e1rmol blanco; compensa a \u20130.3\/\u20130.7 EV.<\/li>\n<\/ul>\n\n\n<div class=\"wp-block-image\">\n<figure class=\"aligncenter size-large td-caption-align-https:\/\/www.carloscastrofotografo.com\/blog\/wp-content\/uploads\/2025\/08\/vitorio-emanuel-ii-1.jpeg\"><img loading=\"lazy\" decoding=\"async\" width=\"1024\" height=\"682\" src=\"https:\/\/www.carloscastrofotografo.com\/blog\/wp-content\/uploads\/2025\/08\/vitorio-emanuel-ii-1-1024x682.jpeg\" alt=\"\" class=\"wp-image-999\" srcset=\"https:\/\/www.carloscastrofotografo.com\/blog\/wp-content\/uploads\/2025\/08\/vitorio-emanuel-ii-1-1024x682.jpeg 1024w, https:\/\/www.carloscastrofotografo.com\/blog\/wp-content\/uploads\/2025\/08\/vitorio-emanuel-ii-1-300x200.jpeg 300w, https:\/\/www.carloscastrofotografo.com\/blog\/wp-content\/uploads\/2025\/08\/vitorio-emanuel-ii-1-768x512.jpeg 768w, https:\/\/www.carloscastrofotografo.com\/blog\/wp-content\/uploads\/2025\/08\/vitorio-emanuel-ii-1-696x464.jpeg 696w, https:\/\/www.carloscastrofotografo.com\/blog\/wp-content\/uploads\/2025\/08\/vitorio-emanuel-ii-1-1068x712.jpeg 1068w, https:\/\/www.carloscastrofotografo.com\/blog\/wp-content\/uploads\/2025\/08\/vitorio-emanuel-ii-1-630x420.jpeg 630w, https:\/\/www.carloscastrofotografo.com\/blog\/wp-content\/uploads\/2025\/08\/vitorio-emanuel-ii-1.jpeg 1280w\" sizes=\"auto, (max-width: 1024px) 100vw, 1024px\" \/><\/figure>\n<\/div>\n\n\n<h3 class=\"wp-block-heading\"><strong>Foro\/Columna\/Mercado de Trajano<\/strong><\/h3>\n\n\n\n<ul class=\"wp-block-list\">\n<li><strong>Foto:<\/strong>&nbsp;columna con&nbsp;<em>tilt-up<\/em>; mercado en ladrillo rojo contrasta con m\u00e1rmol.<\/li>\n\n\n\n<li><strong>Dato:<\/strong>&nbsp;<strong>Foro de Trajano (112 d.C.)<\/strong>&nbsp;y&nbsp;<strong>Columna (30 m)<\/strong>&nbsp;con relieve de las guerras dacias;&nbsp;<strong>Mercado<\/strong>: uno de los&nbsp;<strong>primeros centros comerciales<\/strong>&nbsp;cubiertos.<\/li>\n\n\n\n<li><strong>Tip:<\/strong>&nbsp;tele corto para detalles de relieves y texturas.<\/li>\n<\/ul>\n\n\n<div class=\"wp-block-image\">\n<figure class=\"aligncenter size-large td-caption-align-https:\/\/www.carloscastrofotografo.com\/blog\/wp-content\/uploads\/2025\/08\/foro-trajano-1.jpeg\"><img loading=\"lazy\" decoding=\"async\" width=\"1024\" height=\"682\" src=\"https:\/\/www.carloscastrofotografo.com\/blog\/wp-content\/uploads\/2025\/08\/foro-trajano-1-1024x682.jpeg\" alt=\"\" class=\"wp-image-1001\" srcset=\"https:\/\/www.carloscastrofotografo.com\/blog\/wp-content\/uploads\/2025\/08\/foro-trajano-1-1024x682.jpeg 1024w, https:\/\/www.carloscastrofotografo.com\/blog\/wp-content\/uploads\/2025\/08\/foro-trajano-1-300x200.jpeg 300w, https:\/\/www.carloscastrofotografo.com\/blog\/wp-content\/uploads\/2025\/08\/foro-trajano-1-768x512.jpeg 768w, https:\/\/www.carloscastrofotografo.com\/blog\/wp-content\/uploads\/2025\/08\/foro-trajano-1-696x464.jpeg 696w, https:\/\/www.carloscastrofotografo.com\/blog\/wp-content\/uploads\/2025\/08\/foro-trajano-1-1068x712.jpeg 1068w, https:\/\/www.carloscastrofotografo.com\/blog\/wp-content\/uploads\/2025\/08\/foro-trajano-1-630x420.jpeg 630w, https:\/\/www.carloscastrofotografo.com\/blog\/wp-content\/uploads\/2025\/08\/foro-trajano-1.jpeg 1280w\" sizes=\"auto, (max-width: 1024px) 100vw, 1024px\" \/><\/figure>\n<\/div>\n\n\n<h3 class=\"wp-block-heading\"><strong>Coliseo (exterior)<\/strong><\/h3>\n\n\n\n<ul class=\"wp-block-list\">\n<li><strong>Foto:<\/strong>&nbsp;frontal y lateral con&nbsp;<strong>Arco de Constantino<\/strong>.<\/li>\n\n\n\n<li><strong>Dato:<\/strong>&nbsp;inaugurado en 80 d.C., capacidad estimada&nbsp;<strong>~50.000<\/strong>&nbsp;espectadores.<\/li>\n\n\n\n<li><strong>Tip:<\/strong>&nbsp;gran angular para monumentalidad; tele para l\u00edneas y \u201ccapas\u201d de arcos.<\/li>\n<\/ul>\n\n\n<div class=\"wp-block-image\">\n<figure class=\"aligncenter size-large td-caption-align-https:\/\/www.carloscastrofotografo.com\/blog\/wp-content\/uploads\/2025\/08\/coliseo.jpeg\"><img loading=\"lazy\" decoding=\"async\" width=\"1024\" height=\"682\" src=\"https:\/\/www.carloscastrofotografo.com\/blog\/wp-content\/uploads\/2025\/08\/coliseo-1024x682.jpeg\" alt=\"\" class=\"wp-image-1002\" srcset=\"https:\/\/www.carloscastrofotografo.com\/blog\/wp-content\/uploads\/2025\/08\/coliseo-1024x682.jpeg 1024w, https:\/\/www.carloscastrofotografo.com\/blog\/wp-content\/uploads\/2025\/08\/coliseo-300x200.jpeg 300w, https:\/\/www.carloscastrofotografo.com\/blog\/wp-content\/uploads\/2025\/08\/coliseo-768x512.jpeg 768w, https:\/\/www.carloscastrofotografo.com\/blog\/wp-content\/uploads\/2025\/08\/coliseo-696x464.jpeg 696w, https:\/\/www.carloscastrofotografo.com\/blog\/wp-content\/uploads\/2025\/08\/coliseo-1068x712.jpeg 1068w, https:\/\/www.carloscastrofotografo.com\/blog\/wp-content\/uploads\/2025\/08\/coliseo-630x420.jpeg 630w, https:\/\/www.carloscastrofotografo.com\/blog\/wp-content\/uploads\/2025\/08\/coliseo.jpeg 1280w\" sizes=\"auto, (max-width: 1024px) 100vw, 1024px\" \/><\/figure>\n<\/div>\n\n\n<h2 class=\"wp-block-heading\" id=\"equipo-ligero-y-ajustes-recomendados\"><strong>Equipo ligero y ajustes recomendados<\/strong><\/h2>\n\n\n\n<ul class=\"wp-block-list\">\n<li><strong>C\u00e1mara:<\/strong>&nbsp;Sony A7 IV con&nbsp;<strong>24\u2011105mm f\/4<\/strong>&nbsp;como caballo de batalla; si puedes,&nbsp;<strong>16\u201135mm<\/strong>&nbsp;para monumentos.<\/li>\n\n\n\n<li><strong>Acci\u00f3n\/Vlog:<\/strong>&nbsp;<strong>Osmo Pocket 3<\/strong>&nbsp;(selfie estable) y&nbsp;<strong>Osmo Action 5 Pro<\/strong>&nbsp;(POV\/timelapses).<\/li>\n\n\n\n<li><strong>Ajustes base foto:<\/strong>&nbsp;RAW, ISO lo m\u00e1s bajo posible, f\/5.6\u2013f\/8 en exteriores, medici\u00f3n ponderada a las altas luces en m\u00e1rmoles\/blancos.<\/li>\n<\/ul>\n\n\n\n<h2 class=\"wp-block-heading\" id=\"moverse-rapido\"><strong>Moverse r\u00e1pido: del Vaticano al Coliseo<\/strong><\/h2>\n\n\n\n<ul class=\"wp-block-list\">\n<li><strong>A pie<\/strong>&nbsp;entre puntos cercanos (Sant\u2019Angelo, Navona, Pante\u00f3n, Trevi, Vittorio Emanuele).<\/li>\n\n\n\n<li><strong>Salto al Coliseo:<\/strong>&nbsp;bus urbano desde zona Pante\u00f3n\/Navona o directo&nbsp;<strong>metro B (Colosseo)<\/strong>&nbsp;si cuadras ruta.<\/li>\n\n\n\n<li><strong>Regreso al Vaticano:<\/strong>&nbsp;<strong>Colosseo \u2192 Termini (B) \u2192 Ottaviano (A)<\/strong>&nbsp;y caminar a San Pedro.<\/li>\n<\/ul>\n\n\n\n<blockquote class=\"wp-block-quote is-layout-flow wp-block-quote-is-layout-flow\">\n<p class=\"has-text-align-center\">Mant\u00e9n m\u00e1rgenes de tiempo holgados si dependes de tren de vuelta a Civitavecchia.<\/p>\n<\/blockquote>\n\n\n\n<h2 class=\"wp-block-heading\" id=\"merece-la-pena-conclusi\u00f3n\"><strong>\u00bfMerece la pena? Conclusi\u00f3n<\/strong><\/h2>\n\n\n\n<p><strong>S\u00ed<\/strong>, si priorizas y viajas ligero. En 4 horas puedes&nbsp;<strong>traer fotos potentes<\/strong>&nbsp;y una historia cerrada para vlog. No ver\u00e1s todo, pero&nbsp;<strong>ver\u00e1s lo esencial<\/strong>&nbsp;y con intenci\u00f3n fotogr\u00e1fica.<\/p>\n\n\n\n<h2 class=\"wp-block-heading\" id=\"preguntas-frecuentes\"><strong>Preguntas frecuentes<\/strong><\/h2>\n\n\n\n<p><strong>\u00bfSe puede fotografiar el Coliseo solo por fuera y que luzca?<\/strong><\/p>\n\n\n\n<p>S\u00ed. Un&nbsp;<strong>gran angular<\/strong>&nbsp;da escala; combina un lateral con el&nbsp;<strong>Arco de Constantino<\/strong>&nbsp;para contexto hist\u00f3rico.<\/p>\n\n\n\n<p><strong>\u00bfQu\u00e9 objetivo me llevar\u00edas si pudiera coger solo uno?<\/strong><\/p>\n\n\n\n<p>Un&nbsp;<strong>24\u2011105mm f\/4<\/strong>&nbsp;(o 24\u201170mm) por versatilidad. Si sumas un&nbsp;<strong>16\u201135mm<\/strong>, mejor para arquitectura.<\/p>\n\n\n\n<p><strong>\u00bfCu\u00e1nto tiempo real se aprovecha en 4 horas?<\/strong><\/p>\n\n\n\n<p>Entre desplazamientos, cuenta&nbsp;<strong>3\u20133,5 h netas<\/strong>&nbsp;de foto\/v\u00eddeo si planificas bien la ruta.<\/p>\n\n\n\n<p><br><strong>Suscr\u00edbete al canal<\/strong>&nbsp;para m\u00e1s rutas y fotograf\u00eda de viaje: https:\/\/bit.ly\/2XdM2OS<\/p>\n","protected":false},"excerpt":{"rendered":"<p>Visita expr\u00e9s a Roma durante mi escala con el Costa Smeralda: ruta optimizada de 4 horas, fotos con la Sony A7 IV, consejos r\u00e1pidos y conclusiones. \u00bfMerece la pena? Lo vemos en el vlog y en este art\u00edculo. \ud83c\udfac Mira el v\u00eddeo completo \u00cdndice Mapa y recorrido expr\u00e9s Ruta circular\u00a0pensando en volver a\u00a0Plaza de San [&hellip;]<\/p>\n","protected":false},"author":1,"featured_media":990,"comment_status":"open","ping_status":"open","sticky":false,"template":"","format":"standard","meta":{"footnotes":""},"categories":[2,15],"tags":[932,925,928,930,936,926,938,935,937,934,927,929,924,933,931],"class_list":{"0":"post-988","1":"post","2":"type-post","3":"status-publish","4":"format-standard","5":"has-post-thumbnail","7":"category-consejos","8":"category-viajes-foto","9":"tag-coliseo-roma","10":"tag-costa-cruceros","11":"tag-costa-smeralda","12":"tag-fontana-di-trevi","13":"tag-foro-de-trajano","14":"tag-fotografia-en-roma","15":"tag-mercado-de-trajano","16":"tag-panteon","17":"tag-piazza-navona","18":"tag-plaza-de-san-pedro","19":"tag-que-ver-en-roma","20":"tag-roma-crucero","21":"tag-roma-en-4-horas","22":"tag-vittorio-emanuele","23":"tag-vlog-roma"},"yoast_head":"<!-- This site is optimized with the Yoast SEO plugin v27.4 - https:\/\/yoast.com\/product\/yoast-seo-wordpress\/ -->\n<title>Roma en 4 horas Crucero Costa Smeralda | Ruta, fotos y consejos<\/title>\n<meta name=\"description\" content=\"Roma en 4 horas desde el Costa Smeralda: ruta expr\u00e9s, fotos con la Sony A7 IV, consejos de equipo y conclusiones.\" \/>\n<meta name=\"robots\" content=\"index, follow, max-snippet:-1, max-image-preview:large, max-video-preview:-1\" \/>\n<link rel=\"canonical\" href=\"https:\/\/www.carloscastrofotografo.com\/blog\/roma-en-4-horas-costa-smeralda-fotografia\/\" \/>\n<meta property=\"og:locale\" content=\"es_ES\" \/>\n<meta property=\"og:type\" content=\"article\" \/>\n<meta property=\"og:title\" content=\"Roma en 4 horas Crucero Costa Smeralda | Ruta, fotos y consejos\" \/>\n<meta property=\"og:description\" content=\"Roma en 4 horas desde el Costa Smeralda: ruta expr\u00e9s, fotos con la Sony A7 IV, consejos de equipo y conclusiones.\" \/>\n<meta property=\"og:url\" content=\"https:\/\/www.carloscastrofotografo.com\/blog\/roma-en-4-horas-costa-smeralda-fotografia\/\" \/>\n<meta property=\"og:site_name\" content=\"Blog de Carlos Castro Fot\u00f3grafo\" \/>\n<meta property=\"article:published_time\" content=\"2025-08-22T09:34:58+00:00\" \/>\n<meta property=\"article:modified_time\" content=\"2025-08-22T09:47:50+00:00\" \/>\n<meta property=\"og:image\" content=\"https:\/\/www.carloscastrofotografo.com\/blog\/wp-content\/uploads\/2025\/08\/DSC8165-scaled.jpeg\" \/>\n\t<meta property=\"og:image:width\" content=\"2560\" \/>\n\t<meta property=\"og:image:height\" content=\"1707\" \/>\n\t<meta property=\"og:image:type\" content=\"image\/jpeg\" \/>\n<meta name=\"author\" content=\"Carlos Castro\" \/>\n<meta name=\"twitter:card\" content=\"summary_large_image\" \/>\n<meta name=\"twitter:label1\" content=\"Escrito por\" \/>\n\t<meta name=\"twitter:data1\" content=\"Carlos Castro\" \/>\n\t<meta name=\"twitter:label2\" content=\"Tiempo de lectura\" \/>\n\t<meta name=\"twitter:data2\" content=\"4 minutos\" \/>\n<script type=\"application\/ld+json\" class=\"yoast-schema-graph\">{\"@context\":\"https:\\\/\\\/schema.org\",\"@graph\":[{\"@type\":\"Article\",\"@id\":\"https:\\\/\\\/www.carloscastrofotografo.com\\\/blog\\\/roma-en-4-horas-costa-smeralda-fotografia\\\/#article\",\"isPartOf\":{\"@id\":\"https:\\\/\\\/www.carloscastrofotografo.com\\\/blog\\\/roma-en-4-horas-costa-smeralda-fotografia\\\/\"},\"author\":{\"name\":\"Carlos Castro\",\"@id\":\"https:\\\/\\\/www.carloscastrofotografo.com\\\/blog\\\/#\\\/schema\\\/person\\\/f2df3dbaf3422e563228db874428292d\"},\"headline\":\"Roma en 4 horas desde el Costa Smeralda: \u00bfmerece la pena para hacer fotos? [Vlog]\",\"datePublished\":\"2025-08-22T09:34:58+00:00\",\"dateModified\":\"2025-08-22T09:47:50+00:00\",\"mainEntityOfPage\":{\"@id\":\"https:\\\/\\\/www.carloscastrofotografo.com\\\/blog\\\/roma-en-4-horas-costa-smeralda-fotografia\\\/\"},\"wordCount\":837,\"commentCount\":0,\"publisher\":{\"@id\":\"https:\\\/\\\/www.carloscastrofotografo.com\\\/blog\\\/#\\\/schema\\\/person\\\/f2df3dbaf3422e563228db874428292d\"},\"image\":{\"@id\":\"https:\\\/\\\/www.carloscastrofotografo.com\\\/blog\\\/roma-en-4-horas-costa-smeralda-fotografia\\\/#primaryimage\"},\"thumbnailUrl\":\"https:\\\/\\\/www.carloscastrofotografo.com\\\/blog\\\/wp-content\\\/uploads\\\/2025\\\/08\\\/DSC8165-scaled.jpeg\",\"keywords\":[\"Coliseo Roma\",\"Costa Cruceros\",\"Costa Smeralda\",\"Fontana di Trevi\",\"Foro de Trajano\",\"fotograf\u00eda en Roma\",\"Mercado de Trajano\",\"Pante\u00f3n\",\"Piazza Navona\",\"Plaza de San Pedro\",\"qu\u00e9 ver en Roma\",\"Roma crucero\",\"Roma en 4 horas\",\"Vittorio Emanuele\",\"vlog Roma\"],\"articleSection\":[\"Consejos y Trucos\",\"Viajes\"],\"inLanguage\":\"es\",\"potentialAction\":[{\"@type\":\"CommentAction\",\"name\":\"Comment\",\"target\":[\"https:\\\/\\\/www.carloscastrofotografo.com\\\/blog\\\/roma-en-4-horas-costa-smeralda-fotografia\\\/#respond\"]}]},{\"@type\":\"WebPage\",\"@id\":\"https:\\\/\\\/www.carloscastrofotografo.com\\\/blog\\\/roma-en-4-horas-costa-smeralda-fotografia\\\/\",\"url\":\"https:\\\/\\\/www.carloscastrofotografo.com\\\/blog\\\/roma-en-4-horas-costa-smeralda-fotografia\\\/\",\"name\":\"Roma en 4 horas Crucero Costa Smeralda | Ruta, fotos y consejos\",\"isPartOf\":{\"@id\":\"https:\\\/\\\/www.carloscastrofotografo.com\\\/blog\\\/#website\"},\"primaryImageOfPage\":{\"@id\":\"https:\\\/\\\/www.carloscastrofotografo.com\\\/blog\\\/roma-en-4-horas-costa-smeralda-fotografia\\\/#primaryimage\"},\"image\":{\"@id\":\"https:\\\/\\\/www.carloscastrofotografo.com\\\/blog\\\/roma-en-4-horas-costa-smeralda-fotografia\\\/#primaryimage\"},\"thumbnailUrl\":\"https:\\\/\\\/www.carloscastrofotografo.com\\\/blog\\\/wp-content\\\/uploads\\\/2025\\\/08\\\/DSC8165-scaled.jpeg\",\"datePublished\":\"2025-08-22T09:34:58+00:00\",\"dateModified\":\"2025-08-22T09:47:50+00:00\",\"description\":\"Roma en 4 horas desde el Costa Smeralda: ruta expr\u00e9s, fotos con la Sony A7 IV, consejos de equipo y conclusiones.\",\"breadcrumb\":{\"@id\":\"https:\\\/\\\/www.carloscastrofotografo.com\\\/blog\\\/roma-en-4-horas-costa-smeralda-fotografia\\\/#breadcrumb\"},\"inLanguage\":\"es\",\"potentialAction\":[{\"@type\":\"ReadAction\",\"target\":[\"https:\\\/\\\/www.carloscastrofotografo.com\\\/blog\\\/roma-en-4-horas-costa-smeralda-fotografia\\\/\"]}]},{\"@type\":\"ImageObject\",\"inLanguage\":\"es\",\"@id\":\"https:\\\/\\\/www.carloscastrofotografo.com\\\/blog\\\/roma-en-4-horas-costa-smeralda-fotografia\\\/#primaryimage\",\"url\":\"https:\\\/\\\/www.carloscastrofotografo.com\\\/blog\\\/wp-content\\\/uploads\\\/2025\\\/08\\\/DSC8165-scaled.jpeg\",\"contentUrl\":\"https:\\\/\\\/www.carloscastrofotografo.com\\\/blog\\\/wp-content\\\/uploads\\\/2025\\\/08\\\/DSC8165-scaled.jpeg\",\"width\":2560,\"height\":1707,\"caption\":\"ver roma en 4 horas\"},{\"@type\":\"BreadcrumbList\",\"@id\":\"https:\\\/\\\/www.carloscastrofotografo.com\\\/blog\\\/roma-en-4-horas-costa-smeralda-fotografia\\\/#breadcrumb\",\"itemListElement\":[{\"@type\":\"ListItem\",\"position\":1,\"name\":\"Portada\",\"item\":\"https:\\\/\\\/www.carloscastrofotografo.com\\\/blog\\\/\"},{\"@type\":\"ListItem\",\"position\":2,\"name\":\"Roma en 4 horas desde el Costa Smeralda: \u00bfmerece la pena para hacer fotos? [Vlog]\"}]},{\"@type\":\"WebSite\",\"@id\":\"https:\\\/\\\/www.carloscastrofotografo.com\\\/blog\\\/#website\",\"url\":\"https:\\\/\\\/www.carloscastrofotografo.com\\\/blog\\\/\",\"name\":\"Blog de Carlos Castro Fot\u00f3grafo\",\"description\":\"Todo sobre Fotograf\u00eda y V\u00eddeo, para apasionados de la imagen.\",\"publisher\":{\"@id\":\"https:\\\/\\\/www.carloscastrofotografo.com\\\/blog\\\/#\\\/schema\\\/person\\\/f2df3dbaf3422e563228db874428292d\"},\"potentialAction\":[{\"@type\":\"SearchAction\",\"target\":{\"@type\":\"EntryPoint\",\"urlTemplate\":\"https:\\\/\\\/www.carloscastrofotografo.com\\\/blog\\\/?s={search_term_string}\"},\"query-input\":{\"@type\":\"PropertyValueSpecification\",\"valueRequired\":true,\"valueName\":\"search_term_string\"}}],\"inLanguage\":\"es\"},{\"@type\":[\"Person\",\"Organization\"],\"@id\":\"https:\\\/\\\/www.carloscastrofotografo.com\\\/blog\\\/#\\\/schema\\\/person\\\/f2df3dbaf3422e563228db874428292d\",\"name\":\"Carlos Castro\",\"image\":{\"@type\":\"ImageObject\",\"inLanguage\":\"es\",\"@id\":\"https:\\\/\\\/secure.gravatar.com\\\/avatar\\\/dfdb382b872c007d17784b7cf24288a868cd90f2a34825da78d451a9ddbb4dfe?s=96&d=mm&r=g\",\"url\":\"https:\\\/\\\/secure.gravatar.com\\\/avatar\\\/dfdb382b872c007d17784b7cf24288a868cd90f2a34825da78d451a9ddbb4dfe?s=96&d=mm&r=g\",\"contentUrl\":\"https:\\\/\\\/secure.gravatar.com\\\/avatar\\\/dfdb382b872c007d17784b7cf24288a868cd90f2a34825da78d451a9ddbb4dfe?s=96&d=mm&r=g\",\"caption\":\"Carlos Castro\"},\"logo\":{\"@id\":\"https:\\\/\\\/secure.gravatar.com\\\/avatar\\\/dfdb382b872c007d17784b7cf24288a868cd90f2a34825da78d451a9ddbb4dfe?s=96&d=mm&r=g\"},\"description\":\"Fot\u00f3grafo, Videografo y apasionado de la tecnolog\u00eda. Cazador de tormentas y astrofot\u00f3grafo amateur.\",\"sameAs\":[\"https:\\\/\\\/www.carloscastrofotografo.com\",\"https:\\\/\\\/www.youtube.com\\\/carloscastrofotografo\"],\"url\":\"https:\\\/\\\/www.carloscastrofotografo.com\\\/blog\\\/author\\\/admin\\\/\"}]}<\/script>\n<!-- \/ Yoast SEO plugin. -->","yoast_head_json":{"title":"Roma en 4 horas Crucero Costa Smeralda | Ruta, fotos y consejos","description":"Roma en 4 horas desde el Costa Smeralda: ruta expr\u00e9s, fotos con la Sony A7 IV, consejos de equipo y conclusiones.","robots":{"index":"index","follow":"follow","max-snippet":"max-snippet:-1","max-image-preview":"max-image-preview:large","max-video-preview":"max-video-preview:-1"},"canonical":"https:\/\/www.carloscastrofotografo.com\/blog\/roma-en-4-horas-costa-smeralda-fotografia\/","og_locale":"es_ES","og_type":"article","og_title":"Roma en 4 horas Crucero Costa Smeralda | Ruta, fotos y consejos","og_description":"Roma en 4 horas desde el Costa Smeralda: ruta expr\u00e9s, fotos con la Sony A7 IV, consejos de equipo y conclusiones.","og_url":"https:\/\/www.carloscastrofotografo.com\/blog\/roma-en-4-horas-costa-smeralda-fotografia\/","og_site_name":"Blog de Carlos Castro Fot\u00f3grafo","article_published_time":"2025-08-22T09:34:58+00:00","article_modified_time":"2025-08-22T09:47:50+00:00","og_image":[{"width":2560,"height":1707,"url":"https:\/\/www.carloscastrofotografo.com\/blog\/wp-content\/uploads\/2025\/08\/DSC8165-scaled.jpeg","type":"image\/jpeg"}],"author":"Carlos Castro","twitter_card":"summary_large_image","twitter_misc":{"Escrito por":"Carlos Castro","Tiempo de lectura":"4 minutos"},"schema":{"@context":"https:\/\/schema.org","@graph":[{"@type":"Article","@id":"https:\/\/www.carloscastrofotografo.com\/blog\/roma-en-4-horas-costa-smeralda-fotografia\/#article","isPartOf":{"@id":"https:\/\/www.carloscastrofotografo.com\/blog\/roma-en-4-horas-costa-smeralda-fotografia\/"},"author":{"name":"Carlos Castro","@id":"https:\/\/www.carloscastrofotografo.com\/blog\/#\/schema\/person\/f2df3dbaf3422e563228db874428292d"},"headline":"Roma en 4 horas desde el Costa Smeralda: \u00bfmerece la pena para hacer fotos? [Vlog]","datePublished":"2025-08-22T09:34:58+00:00","dateModified":"2025-08-22T09:47:50+00:00","mainEntityOfPage":{"@id":"https:\/\/www.carloscastrofotografo.com\/blog\/roma-en-4-horas-costa-smeralda-fotografia\/"},"wordCount":837,"commentCount":0,"publisher":{"@id":"https:\/\/www.carloscastrofotografo.com\/blog\/#\/schema\/person\/f2df3dbaf3422e563228db874428292d"},"image":{"@id":"https:\/\/www.carloscastrofotografo.com\/blog\/roma-en-4-horas-costa-smeralda-fotografia\/#primaryimage"},"thumbnailUrl":"https:\/\/www.carloscastrofotografo.com\/blog\/wp-content\/uploads\/2025\/08\/DSC8165-scaled.jpeg","keywords":["Coliseo Roma","Costa Cruceros","Costa Smeralda","Fontana di Trevi","Foro de Trajano","fotograf\u00eda en Roma","Mercado de Trajano","Pante\u00f3n","Piazza Navona","Plaza de San Pedro","qu\u00e9 ver en Roma","Roma crucero","Roma en 4 horas","Vittorio Emanuele","vlog Roma"],"articleSection":["Consejos y Trucos","Viajes"],"inLanguage":"es","potentialAction":[{"@type":"CommentAction","name":"Comment","target":["https:\/\/www.carloscastrofotografo.com\/blog\/roma-en-4-horas-costa-smeralda-fotografia\/#respond"]}]},{"@type":"WebPage","@id":"https:\/\/www.carloscastrofotografo.com\/blog\/roma-en-4-horas-costa-smeralda-fotografia\/","url":"https:\/\/www.carloscastrofotografo.com\/blog\/roma-en-4-horas-costa-smeralda-fotografia\/","name":"Roma en 4 horas Crucero Costa Smeralda | Ruta, fotos y consejos","isPartOf":{"@id":"https:\/\/www.carloscastrofotografo.com\/blog\/#website"},"primaryImageOfPage":{"@id":"https:\/\/www.carloscastrofotografo.com\/blog\/roma-en-4-horas-costa-smeralda-fotografia\/#primaryimage"},"image":{"@id":"https:\/\/www.carloscastrofotografo.com\/blog\/roma-en-4-horas-costa-smeralda-fotografia\/#primaryimage"},"thumbnailUrl":"https:\/\/www.carloscastrofotografo.com\/blog\/wp-content\/uploads\/2025\/08\/DSC8165-scaled.jpeg","datePublished":"2025-08-22T09:34:58+00:00","dateModified":"2025-08-22T09:47:50+00:00","description":"Roma en 4 horas desde el Costa Smeralda: ruta expr\u00e9s, fotos con la Sony A7 IV, consejos de equipo y conclusiones.","breadcrumb":{"@id":"https:\/\/www.carloscastrofotografo.com\/blog\/roma-en-4-horas-costa-smeralda-fotografia\/#breadcrumb"},"inLanguage":"es","potentialAction":[{"@type":"ReadAction","target":["https:\/\/www.carloscastrofotografo.com\/blog\/roma-en-4-horas-costa-smeralda-fotografia\/"]}]},{"@type":"ImageObject","inLanguage":"es","@id":"https:\/\/www.carloscastrofotografo.com\/blog\/roma-en-4-horas-costa-smeralda-fotografia\/#primaryimage","url":"https:\/\/www.carloscastrofotografo.com\/blog\/wp-content\/uploads\/2025\/08\/DSC8165-scaled.jpeg","contentUrl":"https:\/\/www.carloscastrofotografo.com\/blog\/wp-content\/uploads\/2025\/08\/DSC8165-scaled.jpeg","width":2560,"height":1707,"caption":"ver roma en 4 horas"},{"@type":"BreadcrumbList","@id":"https:\/\/www.carloscastrofotografo.com\/blog\/roma-en-4-horas-costa-smeralda-fotografia\/#breadcrumb","itemListElement":[{"@type":"ListItem","position":1,"name":"Portada","item":"https:\/\/www.carloscastrofotografo.com\/blog\/"},{"@type":"ListItem","position":2,"name":"Roma en 4 horas desde el Costa Smeralda: \u00bfmerece la pena para hacer fotos? [Vlog]"}]},{"@type":"WebSite","@id":"https:\/\/www.carloscastrofotografo.com\/blog\/#website","url":"https:\/\/www.carloscastrofotografo.com\/blog\/","name":"Blog de Carlos Castro Fot\u00f3grafo","description":"Todo sobre Fotograf\u00eda y V\u00eddeo, para apasionados de la imagen.","publisher":{"@id":"https:\/\/www.carloscastrofotografo.com\/blog\/#\/schema\/person\/f2df3dbaf3422e563228db874428292d"},"potentialAction":[{"@type":"SearchAction","target":{"@type":"EntryPoint","urlTemplate":"https:\/\/www.carloscastrofotografo.com\/blog\/?s={search_term_string}"},"query-input":{"@type":"PropertyValueSpecification","valueRequired":true,"valueName":"search_term_string"}}],"inLanguage":"es"},{"@type":["Person","Organization"],"@id":"https:\/\/www.carloscastrofotografo.com\/blog\/#\/schema\/person\/f2df3dbaf3422e563228db874428292d","name":"Carlos Castro","image":{"@type":"ImageObject","inLanguage":"es","@id":"https:\/\/secure.gravatar.com\/avatar\/dfdb382b872c007d17784b7cf24288a868cd90f2a34825da78d451a9ddbb4dfe?s=96&d=mm&r=g","url":"https:\/\/secure.gravatar.com\/avatar\/dfdb382b872c007d17784b7cf24288a868cd90f2a34825da78d451a9ddbb4dfe?s=96&d=mm&r=g","contentUrl":"https:\/\/secure.gravatar.com\/avatar\/dfdb382b872c007d17784b7cf24288a868cd90f2a34825da78d451a9ddbb4dfe?s=96&d=mm&r=g","caption":"Carlos Castro"},"logo":{"@id":"https:\/\/secure.gravatar.com\/avatar\/dfdb382b872c007d17784b7cf24288a868cd90f2a34825da78d451a9ddbb4dfe?s=96&d=mm&r=g"},"description":"Fot\u00f3grafo, Videografo y apasionado de la tecnolog\u00eda. Cazador de tormentas y astrofot\u00f3grafo amateur.","sameAs":["https:\/\/www.carloscastrofotografo.com","https:\/\/www.youtube.com\/carloscastrofotografo"],"url":"https:\/\/www.carloscastrofotografo.com\/blog\/author\/admin\/"}]}},"_links":{"self":[{"href":"https:\/\/www.carloscastrofotografo.com\/blog\/wp-json\/wp\/v2\/posts\/988","targetHints":{"allow":["GET"]}}],"collection":[{"href":"https:\/\/www.carloscastrofotografo.com\/blog\/wp-json\/wp\/v2\/posts"}],"about":[{"href":"https:\/\/www.carloscastrofotografo.com\/blog\/wp-json\/wp\/v2\/types\/post"}],"author":[{"embeddable":true,"href":"https:\/\/www.carloscastrofotografo.com\/blog\/wp-json\/wp\/v2\/users\/1"}],"replies":[{"embeddable":true,"href":"https:\/\/www.carloscastrofotografo.com\/blog\/wp-json\/wp\/v2\/comments?post=988"}],"version-history":[{"count":9,"href":"https:\/\/www.carloscastrofotografo.com\/blog\/wp-json\/wp\/v2\/posts\/988\/revisions"}],"predecessor-version":[{"id":1015,"href":"https:\/\/www.carloscastrofotografo.com\/blog\/wp-json\/wp\/v2\/posts\/988\/revisions\/1015"}],"wp:featuredmedia":[{"embeddable":true,"href":"https:\/\/www.carloscastrofotografo.com\/blog\/wp-json\/wp\/v2\/media\/990"}],"wp:attachment":[{"href":"https:\/\/www.carloscastrofotografo.com\/blog\/wp-json\/wp\/v2\/media?parent=988"}],"wp:term":[{"taxonomy":"category","embeddable":true,"href":"https:\/\/www.carloscastrofotografo.com\/blog\/wp-json\/wp\/v2\/categories?post=988"},{"taxonomy":"post_tag","embeddable":true,"href":"https:\/\/www.carloscastrofotografo.com\/blog\/wp-json\/wp\/v2\/tags?post=988"}],"curies":[{"name":"wp","href":"https:\/\/api.w.org\/{rel}","templated":true}]}}