{"id":984,"date":"2025-08-22T11:14:52","date_gmt":"2025-08-22T09:14:52","guid":{"rendered":"https:\/\/www.carloscastrofotografo.com\/blog\/?p=984"},"modified":"2025-08-22T11:14:53","modified_gmt":"2025-08-22T09:14:53","slug":"sigma-200mm-f2-dg-os-sports","status":"publish","type":"post","link":"https:\/\/www.carloscastrofotografo.com\/blog\/sigma-200mm-f2-dg-os-sports\/","title":{"rendered":"Nuevo objetivo SIGMA: 200mm F2 DG OS Sports, el primer teleobjetivo 200mm F2 para c\u00e1maras full-frame mirrorless"},"content":{"rendered":"\n<p>SIGMA lo ha vuelto a hacer. La marca japonesa acaba de anunciar el lanzamiento del&nbsp;<strong>SIGMA 200mm F2 DG OS Sports<\/strong>, el&nbsp;<strong>primer lente 200mm F2 del mundo dise\u00f1ado espec\u00edficamente para c\u00e1maras mirrorless full-frame<\/strong>. Estar\u00e1 disponible para&nbsp;<strong>montura L<\/strong>&nbsp;y&nbsp;<strong>Sony E<\/strong>, con fecha de lanzamiento prevista para el&nbsp;<strong>4 de septiembre de 2025<\/strong>.<\/p>\n\n\n\n<p>Este nuevo teleobjetivo se posiciona como una herramienta profesional de alto rendimiento para fotograf\u00eda deportiva, naturaleza, retratos con desenfoques espectaculares y producci\u00f3n audiovisual de alto nivel.<\/p>\n\n\n\n<h2 class=\"wp-block-heading\"><strong>Potencia y velocidad: un 200mm con apertura F2<\/strong><\/h2>\n\n\n\n<p>Una de las grandes novedades de este objetivo es su&nbsp;<strong>apertura m\u00e1xima de F2<\/strong>, que ofrece&nbsp;<strong>el doble de entrada de luz que los cl\u00e1sicos teleobjetivos F2.8<\/strong>. Esto lo convierte en un aliado perfecto para situaciones de baja iluminaci\u00f3n, como fotograf\u00eda deportiva nocturna o conciertos, adem\u00e1s de brindar un&nbsp;<strong>bokeh suave y cremoso<\/strong>&nbsp;ideal para retratos.<\/p>\n\n\n\n<p>La distancia focal de&nbsp;<strong>200mm<\/strong>&nbsp;proporciona la compresi\u00f3n justa para aislar al sujeto del fondo sin necesidad de cargar con equipos m\u00e1s largos y pesados.<\/p>\n\n\n\n<h2 class=\"wp-block-heading\"><strong>Autofoco y estabilizaci\u00f3n de \u00faltima generaci\u00f3n<\/strong><\/h2>\n\n\n\n<p>El SIGMA 200mm F2 DG OS Sports incorpora el sistema&nbsp;<strong>HLA (High-response Linear Actuator)<\/strong>, que garantiza un autoenfoque&nbsp;<strong>r\u00e1pido, silencioso y preciso<\/strong>.<\/p>\n\n\n\n<p>En cuanto a la estabilizaci\u00f3n, el nuevo algoritmo&nbsp;<strong>OS2<\/strong>&nbsp;ofrece una compensaci\u00f3n de hasta&nbsp;<strong>6.5 pasos<\/strong>&nbsp;(est\u00e1ndar CIPA probado a 200mm en full-frame). Incluye dos modos:<\/p>\n\n\n\n<ul class=\"wp-block-list\">\n<li><strong>Modo 1<\/strong>: estabilizaci\u00f3n est\u00e1ndar para uso general.<\/li>\n\n\n\n<li><strong>Modo 2<\/strong>: estabilizaci\u00f3n panor\u00e1mica con algoritmo\u00a0<em>Intelligent OS<\/em>, que funciona tanto en paneos horizontales como verticales.<\/li>\n<\/ul>\n\n\n<div class=\"wp-block-image\">\n<figure class=\"aligncenter size-large td-caption-align-https:\/\/www.carloscastrofotografo.com\/blog\/wp-content\/uploads\/2025\/08\/sigma-200mm-f2-dg-os-sports.jpg\"><img loading=\"lazy\" decoding=\"async\" width=\"1024\" height=\"792\" src=\"https:\/\/www.carloscastrofotografo.com\/blog\/wp-content\/uploads\/2025\/08\/sigma-200mm-f2-dg-os-sports-1024x792.jpg\" alt=\"\" class=\"wp-image-985\" srcset=\"https:\/\/www.carloscastrofotografo.com\/blog\/wp-content\/uploads\/2025\/08\/sigma-200mm-f2-dg-os-sports-1024x792.jpg 1024w, https:\/\/www.carloscastrofotografo.com\/blog\/wp-content\/uploads\/2025\/08\/sigma-200mm-f2-dg-os-sports-300x232.jpg 300w, https:\/\/www.carloscastrofotografo.com\/blog\/wp-content\/uploads\/2025\/08\/sigma-200mm-f2-dg-os-sports-768x594.jpg 768w, https:\/\/www.carloscastrofotografo.com\/blog\/wp-content\/uploads\/2025\/08\/sigma-200mm-f2-dg-os-sports-696x538.jpg 696w, https:\/\/www.carloscastrofotografo.com\/blog\/wp-content\/uploads\/2025\/08\/sigma-200mm-f2-dg-os-sports-1068x826.jpg 1068w, https:\/\/www.carloscastrofotografo.com\/blog\/wp-content\/uploads\/2025\/08\/sigma-200mm-f2-dg-os-sports-543x420.jpg 543w, https:\/\/www.carloscastrofotografo.com\/blog\/wp-content\/uploads\/2025\/08\/sigma-200mm-f2-dg-os-sports.jpg 1422w\" sizes=\"auto, (max-width: 1024px) 100vw, 1024px\" \/><\/figure>\n<\/div>\n\n\n<h2 class=\"wp-block-heading\"><strong>Dise\u00f1o \u00f3ptico de alto nivel<\/strong><\/h2>\n\n\n\n<p>El nuevo teleobjetivo presenta una construcci\u00f3n de&nbsp;<strong>19 elementos en 14 grupos<\/strong>, incluyendo&nbsp;<strong>2 cristales FLD y 2 SLD<\/strong>, dise\u00f1ados para reducir al m\u00e1ximo la aberraci\u00f3n crom\u00e1tica.<\/p>\n\n\n\n<h3 class=\"wp-block-heading\"><strong>Especificaciones clave:<\/strong><\/h3>\n\n\n\n<ul class=\"wp-block-list\">\n<li>Distancia focal:\u00a0<strong>200mm<\/strong><\/li>\n\n\n\n<li>Apertura m\u00e1xima:\u00a0<strong>F2<\/strong><\/li>\n\n\n\n<li>Apertura m\u00ednima:\u00a0<strong>F22<\/strong><\/li>\n\n\n\n<li>Apertura de\u00a0<strong>11 hojas circulares<\/strong><\/li>\n\n\n\n<li>Distancia m\u00ednima de enfoque:\u00a0<strong>170cm<\/strong><\/li>\n\n\n\n<li>Aumento m\u00e1ximo:\u00a0<strong>1:7.6<\/strong><\/li>\n\n\n\n<li>Rosca de filtro:\u00a0<strong>105mm<\/strong><\/li>\n\n\n\n<li>Dimensiones:\u00a0<strong>118.9 \u00d7 201mm<\/strong><\/li>\n\n\n\n<li>Peso:\u00a0<strong>1.820g<\/strong><\/li>\n<\/ul>\n\n\n\n<p>SIGMA tambi\u00e9n ha implementado sus recubrimientos avanzados&nbsp;<strong>Super Multilayer Coating<\/strong>&nbsp;y&nbsp;<strong>Nano Porous Coating<\/strong>para minimizar destellos y flares. Adem\u00e1s, cada unidad es probada con el sistema&nbsp;<strong>MTF patentado<\/strong>&nbsp;de la marca antes de su env\u00edo.<\/p>\n\n\n\n<h2 class=\"wp-block-heading\"><strong>Construcci\u00f3n robusta y resistencia al clima<\/strong><\/h2>\n\n\n\n<p>Fiel a la l\u00ednea&nbsp;<strong>Sports<\/strong>, este lente est\u00e1 dise\u00f1ado para soportar condiciones exigentes. Cuenta con:<\/p>\n\n\n\n<ul class=\"wp-block-list\">\n<li><strong>Sellado contra polvo y humedad<\/strong><\/li>\n\n\n\n<li><strong>Revestimiento resistente al calor<\/strong><\/li>\n\n\n\n<li><strong>Recubrimiento repelente al agua y al aceite en la lente frontal<\/strong><\/li>\n<\/ul>\n\n\n\n<p>En el cuerpo encontramos&nbsp;<strong>tres botones AFL personalizables<\/strong>, interruptores de enfoque, limitador de rango, selector de estabilizaci\u00f3n OS y un interruptor de modos personalizados.<\/p>\n\n\n\n<h2 class=\"wp-block-heading\"><strong>Opciones seg\u00fan la montura<\/strong><\/h2>\n\n\n\n<ul class=\"wp-block-list\">\n<li><strong>L-Mount<\/strong>: incluye anillo de apertura con clic\/bloqueo, opci\u00f3n de enfoque lineal\/no lineal y compatibilidad con la base USB UD-11 para actualizaciones y personalizaci\u00f3n.<\/li>\n\n\n\n<li><strong>Sony E-Mount<\/strong>: dise\u00f1ado bajo licencia oficial, mantiene todas las funciones est\u00e1ndar de la montura E.<\/li>\n<\/ul>\n\n\n\n<h2 class=\"wp-block-heading\"><strong>Ideal para fotograf\u00eda y v\u00eddeo<\/strong><\/h2>\n\n\n\n<p>Aunque SIGMA no ha especificado funciones dedicadas al v\u00eddeo, este 200mm F2 promete mucho en este terreno gracias a:<\/p>\n\n\n\n<ul class=\"wp-block-list\">\n<li><strong>Control de respiraci\u00f3n de enfoque<\/strong><\/li>\n\n\n\n<li><strong>Anillo de apertura (en L-Mount)<\/strong><\/li>\n\n\n\n<li><strong>Estabilizaci\u00f3n de dos modos<\/strong><\/li>\n<\/ul>\n\n\n\n<p>Su versatilidad lo convierte en un objetivo atractivo no solo para fot\u00f3grafos deportivos o de naturaleza, sino tambi\u00e9n para creadores audiovisuales.<\/p>\n\n\n\n<h2 class=\"wp-block-heading\"><strong>Precio y disponibilidad<\/strong><\/h2>\n\n\n\n<p>El&nbsp;<strong>SIGMA 200mm F2 DG OS Sports<\/strong>&nbsp;llegar\u00e1 al mercado el&nbsp;<strong>4 de septiembre de 2025<\/strong>&nbsp;a un precio oficial de&nbsp;<strong>3.299 \u20ac<\/strong>. Incluir\u00e1 parasol, tapas, funda, collar para tr\u00edpode compatible con Arca-Swiss y correa para el hombro.<\/p>\n\n\n\n<h3 class=\"wp-block-heading\"><strong>Conclusi\u00f3n<\/strong><\/h3>\n\n\n\n<p>Con el lanzamiento de este&nbsp;<strong>200mm F2<\/strong>, SIGMA da un paso adelante en la innovaci\u00f3n de \u00f3pticas para c\u00e1maras mirrorless full-frame. Su combinaci\u00f3n de&nbsp;<strong>apertura ultra luminosa, estabilizaci\u00f3n avanzada y construcci\u00f3n profesional<\/strong>&nbsp;lo convierten en una herramienta imprescindible para quienes buscan rendimiento sin concesiones.<\/p>\n\n\n\n<p>\u00bfTe imaginas fotografiando un partido nocturno, fauna salvaje o un retrato con desenfoque extremo con este lente? Seguro marcar\u00e1 un antes y un despu\u00e9s en la fotograf\u00eda deportiva y de acci\u00f3n.<\/p>\n\n\n\n<p><\/p>\n\n\n\n<p>Si quieres m\u00e1s adelante alguna actualizaci\u00f3n, te recomiendo que te pases por mi canal de YouTube \ud83d\udc49\u00a0<a href=\"https:\/\/bit.ly\/2XdM2OS\">https:\/\/bit.ly\/2XdM2OS<\/a><\/p>\n","protected":false},"excerpt":{"rendered":"<p>SIGMA lo ha vuelto a hacer. La marca japonesa acaba de anunciar el lanzamiento del&nbsp;SIGMA 200mm F2 DG OS Sports, el&nbsp;primer lente 200mm F2 del mundo dise\u00f1ado espec\u00edficamente para c\u00e1maras mirrorless full-frame. Estar\u00e1 disponible para&nbsp;montura L&nbsp;y&nbsp;Sony E, con fecha de lanzamiento prevista para el&nbsp;4 de septiembre de 2025. Este nuevo teleobjetivo se posiciona como una [&hellip;]<\/p>\n","protected":false},"author":1,"featured_media":986,"comment_status":"open","ping_status":"open","sticky":false,"template":"","format":"standard","meta":{"footnotes":""},"categories":[200,25,177],"tags":[915,916,917,920,914,922,918,923,921,919],"class_list":{"0":"post-984","1":"post","2":"type-post","3":"status-publish","4":"format-standard","5":"has-post-thumbnail","7":"category-equipo-audiovisual","8":"category-noticias-actualidad","9":"category-objetivos-lentes","10":"tag-fotografia-deportiva","11":"tag-lentes-para-l-mount","12":"tag-lentes-para-sony-e","13":"tag-novedades-sigma-2025","14":"tag-objetivo-sigma","15":"tag-objetivos-sigma-sports","16":"tag-sigma-200mm-f2-dg-os-sports","17":"tag-sigma-full-frame","18":"tag-sigma-mirrorless","19":"tag-teleobjetivo-f2"},"yoast_head":"<!-- This site is optimized with the Yoast SEO plugin v27.4 - https:\/\/yoast.com\/product\/yoast-seo-wordpress\/ -->\n<title>SIGMA 200mm F2 DG OS Sports para c\u00e1maras mirrorless<\/title>\n<meta name=\"description\" content=\"Descubre el nuevo SIGMA 200mm F2 DG OS Sports, el primer teleobjetivo 200mm F2 para c\u00e1maras full-frame mirrorless.\" \/>\n<meta name=\"robots\" content=\"index, follow, max-snippet:-1, max-image-preview:large, max-video-preview:-1\" \/>\n<link rel=\"canonical\" href=\"https:\/\/www.carloscastrofotografo.com\/blog\/sigma-200mm-f2-dg-os-sports\/\" \/>\n<meta property=\"og:locale\" content=\"es_ES\" \/>\n<meta property=\"og:type\" content=\"article\" \/>\n<meta property=\"og:title\" content=\"SIGMA 200mm F2 DG OS Sports para c\u00e1maras mirrorless\" \/>\n<meta property=\"og:description\" content=\"Descubre el nuevo SIGMA 200mm F2 DG OS Sports, el primer teleobjetivo 200mm F2 para c\u00e1maras full-frame mirrorless.\" \/>\n<meta property=\"og:url\" content=\"https:\/\/www.carloscastrofotografo.com\/blog\/sigma-200mm-f2-dg-os-sports\/\" \/>\n<meta property=\"og:site_name\" content=\"Blog de Carlos Castro Fot\u00f3grafo\" \/>\n<meta property=\"article:published_time\" content=\"2025-08-22T09:14:52+00:00\" \/>\n<meta property=\"article:modified_time\" content=\"2025-08-22T09:14:53+00:00\" \/>\n<meta property=\"og:image\" content=\"https:\/\/www.carloscastrofotografo.com\/blog\/wp-content\/uploads\/2025\/08\/sigma-200mm-f2-dg-os-sports-1.jpg\" \/>\n\t<meta property=\"og:image:width\" content=\"1422\" \/>\n\t<meta property=\"og:image:height\" content=\"1100\" \/>\n\t<meta property=\"og:image:type\" content=\"image\/jpeg\" \/>\n<meta name=\"author\" content=\"Carlos Castro\" \/>\n<meta name=\"twitter:card\" content=\"summary_large_image\" \/>\n<meta name=\"twitter:label1\" content=\"Escrito por\" \/>\n\t<meta name=\"twitter:data1\" content=\"Carlos Castro\" \/>\n\t<meta name=\"twitter:label2\" content=\"Tiempo de lectura\" \/>\n\t<meta name=\"twitter:data2\" content=\"4 minutos\" \/>\n<script type=\"application\/ld+json\" class=\"yoast-schema-graph\">{\"@context\":\"https:\\\/\\\/schema.org\",\"@graph\":[{\"@type\":\"Article\",\"@id\":\"https:\\\/\\\/www.carloscastrofotografo.com\\\/blog\\\/sigma-200mm-f2-dg-os-sports\\\/#article\",\"isPartOf\":{\"@id\":\"https:\\\/\\\/www.carloscastrofotografo.com\\\/blog\\\/sigma-200mm-f2-dg-os-sports\\\/\"},\"author\":{\"name\":\"Carlos Castro\",\"@id\":\"https:\\\/\\\/www.carloscastrofotografo.com\\\/blog\\\/#\\\/schema\\\/person\\\/f2df3dbaf3422e563228db874428292d\"},\"headline\":\"Nuevo objetivo SIGMA: 200mm F2 DG OS Sports, el primer teleobjetivo 200mm F2 para c\u00e1maras full-frame mirrorless\",\"datePublished\":\"2025-08-22T09:14:52+00:00\",\"dateModified\":\"2025-08-22T09:14:53+00:00\",\"mainEntityOfPage\":{\"@id\":\"https:\\\/\\\/www.carloscastrofotografo.com\\\/blog\\\/sigma-200mm-f2-dg-os-sports\\\/\"},\"wordCount\":752,\"commentCount\":0,\"publisher\":{\"@id\":\"https:\\\/\\\/www.carloscastrofotografo.com\\\/blog\\\/#\\\/schema\\\/person\\\/f2df3dbaf3422e563228db874428292d\"},\"image\":{\"@id\":\"https:\\\/\\\/www.carloscastrofotografo.com\\\/blog\\\/sigma-200mm-f2-dg-os-sports\\\/#primaryimage\"},\"thumbnailUrl\":\"https:\\\/\\\/www.carloscastrofotografo.com\\\/blog\\\/wp-content\\\/uploads\\\/2025\\\/08\\\/sigma-200mm-f2-dg-os-sports-1.jpg\",\"keywords\":[\"fotograf\u00eda deportiva\",\"lentes para L-Mount\",\"lentes para Sony E\",\"novedades SIGMA 2025\",\"objetivo SIGMA\",\"objetivos SIGMA Sports\",\"SIGMA 200mm F2 DG OS Sports\",\"SIGMA full-frame\",\"SIGMA mirrorless\",\"teleobjetivo F2\"],\"articleSection\":[\"Equipo Audiovisual\",\"Noticias y Actualidad\",\"Objetivos \\\/ Lentes\"],\"inLanguage\":\"es\",\"potentialAction\":[{\"@type\":\"CommentAction\",\"name\":\"Comment\",\"target\":[\"https:\\\/\\\/www.carloscastrofotografo.com\\\/blog\\\/sigma-200mm-f2-dg-os-sports\\\/#respond\"]}]},{\"@type\":\"WebPage\",\"@id\":\"https:\\\/\\\/www.carloscastrofotografo.com\\\/blog\\\/sigma-200mm-f2-dg-os-sports\\\/\",\"url\":\"https:\\\/\\\/www.carloscastrofotografo.com\\\/blog\\\/sigma-200mm-f2-dg-os-sports\\\/\",\"name\":\"SIGMA 200mm F2 DG OS Sports para c\u00e1maras mirrorless\",\"isPartOf\":{\"@id\":\"https:\\\/\\\/www.carloscastrofotografo.com\\\/blog\\\/#website\"},\"primaryImageOfPage\":{\"@id\":\"https:\\\/\\\/www.carloscastrofotografo.com\\\/blog\\\/sigma-200mm-f2-dg-os-sports\\\/#primaryimage\"},\"image\":{\"@id\":\"https:\\\/\\\/www.carloscastrofotografo.com\\\/blog\\\/sigma-200mm-f2-dg-os-sports\\\/#primaryimage\"},\"thumbnailUrl\":\"https:\\\/\\\/www.carloscastrofotografo.com\\\/blog\\\/wp-content\\\/uploads\\\/2025\\\/08\\\/sigma-200mm-f2-dg-os-sports-1.jpg\",\"datePublished\":\"2025-08-22T09:14:52+00:00\",\"dateModified\":\"2025-08-22T09:14:53+00:00\",\"description\":\"Descubre el nuevo SIGMA 200mm F2 DG OS Sports, el primer teleobjetivo 200mm F2 para c\u00e1maras full-frame mirrorless.\",\"breadcrumb\":{\"@id\":\"https:\\\/\\\/www.carloscastrofotografo.com\\\/blog\\\/sigma-200mm-f2-dg-os-sports\\\/#breadcrumb\"},\"inLanguage\":\"es\",\"potentialAction\":[{\"@type\":\"ReadAction\",\"target\":[\"https:\\\/\\\/www.carloscastrofotografo.com\\\/blog\\\/sigma-200mm-f2-dg-os-sports\\\/\"]}]},{\"@type\":\"ImageObject\",\"inLanguage\":\"es\",\"@id\":\"https:\\\/\\\/www.carloscastrofotografo.com\\\/blog\\\/sigma-200mm-f2-dg-os-sports\\\/#primaryimage\",\"url\":\"https:\\\/\\\/www.carloscastrofotografo.com\\\/blog\\\/wp-content\\\/uploads\\\/2025\\\/08\\\/sigma-200mm-f2-dg-os-sports-1.jpg\",\"contentUrl\":\"https:\\\/\\\/www.carloscastrofotografo.com\\\/blog\\\/wp-content\\\/uploads\\\/2025\\\/08\\\/sigma-200mm-f2-dg-os-sports-1.jpg\",\"width\":1422,\"height\":1100,\"caption\":\"SIGMA 200mm F2 DG OS Sports\"},{\"@type\":\"BreadcrumbList\",\"@id\":\"https:\\\/\\\/www.carloscastrofotografo.com\\\/blog\\\/sigma-200mm-f2-dg-os-sports\\\/#breadcrumb\",\"itemListElement\":[{\"@type\":\"ListItem\",\"position\":1,\"name\":\"Portada\",\"item\":\"https:\\\/\\\/www.carloscastrofotografo.com\\\/blog\\\/\"},{\"@type\":\"ListItem\",\"position\":2,\"name\":\"Nuevo objetivo SIGMA: 200mm F2 DG OS Sports, el primer teleobjetivo 200mm F2 para c\u00e1maras full-frame mirrorless\"}]},{\"@type\":\"WebSite\",\"@id\":\"https:\\\/\\\/www.carloscastrofotografo.com\\\/blog\\\/#website\",\"url\":\"https:\\\/\\\/www.carloscastrofotografo.com\\\/blog\\\/\",\"name\":\"Blog de Carlos Castro Fot\u00f3grafo\",\"description\":\"Todo sobre Fotograf\u00eda y V\u00eddeo, para apasionados de la imagen.\",\"publisher\":{\"@id\":\"https:\\\/\\\/www.carloscastrofotografo.com\\\/blog\\\/#\\\/schema\\\/person\\\/f2df3dbaf3422e563228db874428292d\"},\"potentialAction\":[{\"@type\":\"SearchAction\",\"target\":{\"@type\":\"EntryPoint\",\"urlTemplate\":\"https:\\\/\\\/www.carloscastrofotografo.com\\\/blog\\\/?s={search_term_string}\"},\"query-input\":{\"@type\":\"PropertyValueSpecification\",\"valueRequired\":true,\"valueName\":\"search_term_string\"}}],\"inLanguage\":\"es\"},{\"@type\":[\"Person\",\"Organization\"],\"@id\":\"https:\\\/\\\/www.carloscastrofotografo.com\\\/blog\\\/#\\\/schema\\\/person\\\/f2df3dbaf3422e563228db874428292d\",\"name\":\"Carlos Castro\",\"image\":{\"@type\":\"ImageObject\",\"inLanguage\":\"es\",\"@id\":\"https:\\\/\\\/secure.gravatar.com\\\/avatar\\\/dfdb382b872c007d17784b7cf24288a868cd90f2a34825da78d451a9ddbb4dfe?s=96&d=mm&r=g\",\"url\":\"https:\\\/\\\/secure.gravatar.com\\\/avatar\\\/dfdb382b872c007d17784b7cf24288a868cd90f2a34825da78d451a9ddbb4dfe?s=96&d=mm&r=g\",\"contentUrl\":\"https:\\\/\\\/secure.gravatar.com\\\/avatar\\\/dfdb382b872c007d17784b7cf24288a868cd90f2a34825da78d451a9ddbb4dfe?s=96&d=mm&r=g\",\"caption\":\"Carlos Castro\"},\"logo\":{\"@id\":\"https:\\\/\\\/secure.gravatar.com\\\/avatar\\\/dfdb382b872c007d17784b7cf24288a868cd90f2a34825da78d451a9ddbb4dfe?s=96&d=mm&r=g\"},\"description\":\"Fot\u00f3grafo, Videografo y apasionado de la tecnolog\u00eda. Cazador de tormentas y astrofot\u00f3grafo amateur.\",\"sameAs\":[\"https:\\\/\\\/www.carloscastrofotografo.com\",\"https:\\\/\\\/www.youtube.com\\\/carloscastrofotografo\"],\"url\":\"https:\\\/\\\/www.carloscastrofotografo.com\\\/blog\\\/author\\\/admin\\\/\"}]}<\/script>\n<!-- \/ Yoast SEO plugin. -->","yoast_head_json":{"title":"SIGMA 200mm F2 DG OS Sports para c\u00e1maras mirrorless","description":"Descubre el nuevo SIGMA 200mm F2 DG OS Sports, el primer teleobjetivo 200mm F2 para c\u00e1maras full-frame mirrorless.","robots":{"index":"index","follow":"follow","max-snippet":"max-snippet:-1","max-image-preview":"max-image-preview:large","max-video-preview":"max-video-preview:-1"},"canonical":"https:\/\/www.carloscastrofotografo.com\/blog\/sigma-200mm-f2-dg-os-sports\/","og_locale":"es_ES","og_type":"article","og_title":"SIGMA 200mm F2 DG OS Sports para c\u00e1maras mirrorless","og_description":"Descubre el nuevo SIGMA 200mm F2 DG OS Sports, el primer teleobjetivo 200mm F2 para c\u00e1maras full-frame mirrorless.","og_url":"https:\/\/www.carloscastrofotografo.com\/blog\/sigma-200mm-f2-dg-os-sports\/","og_site_name":"Blog de Carlos Castro Fot\u00f3grafo","article_published_time":"2025-08-22T09:14:52+00:00","article_modified_time":"2025-08-22T09:14:53+00:00","og_image":[{"width":1422,"height":1100,"url":"https:\/\/www.carloscastrofotografo.com\/blog\/wp-content\/uploads\/2025\/08\/sigma-200mm-f2-dg-os-sports-1.jpg","type":"image\/jpeg"}],"author":"Carlos Castro","twitter_card":"summary_large_image","twitter_misc":{"Escrito por":"Carlos Castro","Tiempo de lectura":"4 minutos"},"schema":{"@context":"https:\/\/schema.org","@graph":[{"@type":"Article","@id":"https:\/\/www.carloscastrofotografo.com\/blog\/sigma-200mm-f2-dg-os-sports\/#article","isPartOf":{"@id":"https:\/\/www.carloscastrofotografo.com\/blog\/sigma-200mm-f2-dg-os-sports\/"},"author":{"name":"Carlos Castro","@id":"https:\/\/www.carloscastrofotografo.com\/blog\/#\/schema\/person\/f2df3dbaf3422e563228db874428292d"},"headline":"Nuevo objetivo SIGMA: 200mm F2 DG OS Sports, el primer teleobjetivo 200mm F2 para c\u00e1maras full-frame mirrorless","datePublished":"2025-08-22T09:14:52+00:00","dateModified":"2025-08-22T09:14:53+00:00","mainEntityOfPage":{"@id":"https:\/\/www.carloscastrofotografo.com\/blog\/sigma-200mm-f2-dg-os-sports\/"},"wordCount":752,"commentCount":0,"publisher":{"@id":"https:\/\/www.carloscastrofotografo.com\/blog\/#\/schema\/person\/f2df3dbaf3422e563228db874428292d"},"image":{"@id":"https:\/\/www.carloscastrofotografo.com\/blog\/sigma-200mm-f2-dg-os-sports\/#primaryimage"},"thumbnailUrl":"https:\/\/www.carloscastrofotografo.com\/blog\/wp-content\/uploads\/2025\/08\/sigma-200mm-f2-dg-os-sports-1.jpg","keywords":["fotograf\u00eda deportiva","lentes para L-Mount","lentes para Sony E","novedades SIGMA 2025","objetivo SIGMA","objetivos SIGMA Sports","SIGMA 200mm F2 DG OS Sports","SIGMA full-frame","SIGMA mirrorless","teleobjetivo F2"],"articleSection":["Equipo Audiovisual","Noticias y Actualidad","Objetivos \/ Lentes"],"inLanguage":"es","potentialAction":[{"@type":"CommentAction","name":"Comment","target":["https:\/\/www.carloscastrofotografo.com\/blog\/sigma-200mm-f2-dg-os-sports\/#respond"]}]},{"@type":"WebPage","@id":"https:\/\/www.carloscastrofotografo.com\/blog\/sigma-200mm-f2-dg-os-sports\/","url":"https:\/\/www.carloscastrofotografo.com\/blog\/sigma-200mm-f2-dg-os-sports\/","name":"SIGMA 200mm F2 DG OS Sports para c\u00e1maras mirrorless","isPartOf":{"@id":"https:\/\/www.carloscastrofotografo.com\/blog\/#website"},"primaryImageOfPage":{"@id":"https:\/\/www.carloscastrofotografo.com\/blog\/sigma-200mm-f2-dg-os-sports\/#primaryimage"},"image":{"@id":"https:\/\/www.carloscastrofotografo.com\/blog\/sigma-200mm-f2-dg-os-sports\/#primaryimage"},"thumbnailUrl":"https:\/\/www.carloscastrofotografo.com\/blog\/wp-content\/uploads\/2025\/08\/sigma-200mm-f2-dg-os-sports-1.jpg","datePublished":"2025-08-22T09:14:52+00:00","dateModified":"2025-08-22T09:14:53+00:00","description":"Descubre el nuevo SIGMA 200mm F2 DG OS Sports, el primer teleobjetivo 200mm F2 para c\u00e1maras full-frame mirrorless.","breadcrumb":{"@id":"https:\/\/www.carloscastrofotografo.com\/blog\/sigma-200mm-f2-dg-os-sports\/#breadcrumb"},"inLanguage":"es","potentialAction":[{"@type":"ReadAction","target":["https:\/\/www.carloscastrofotografo.com\/blog\/sigma-200mm-f2-dg-os-sports\/"]}]},{"@type":"ImageObject","inLanguage":"es","@id":"https:\/\/www.carloscastrofotografo.com\/blog\/sigma-200mm-f2-dg-os-sports\/#primaryimage","url":"https:\/\/www.carloscastrofotografo.com\/blog\/wp-content\/uploads\/2025\/08\/sigma-200mm-f2-dg-os-sports-1.jpg","contentUrl":"https:\/\/www.carloscastrofotografo.com\/blog\/wp-content\/uploads\/2025\/08\/sigma-200mm-f2-dg-os-sports-1.jpg","width":1422,"height":1100,"caption":"SIGMA 200mm F2 DG OS Sports"},{"@type":"BreadcrumbList","@id":"https:\/\/www.carloscastrofotografo.com\/blog\/sigma-200mm-f2-dg-os-sports\/#breadcrumb","itemListElement":[{"@type":"ListItem","position":1,"name":"Portada","item":"https:\/\/www.carloscastrofotografo.com\/blog\/"},{"@type":"ListItem","position":2,"name":"Nuevo objetivo SIGMA: 200mm F2 DG OS Sports, el primer teleobjetivo 200mm F2 para c\u00e1maras full-frame mirrorless"}]},{"@type":"WebSite","@id":"https:\/\/www.carloscastrofotografo.com\/blog\/#website","url":"https:\/\/www.carloscastrofotografo.com\/blog\/","name":"Blog de Carlos Castro Fot\u00f3grafo","description":"Todo sobre Fotograf\u00eda y V\u00eddeo, para apasionados de la imagen.","publisher":{"@id":"https:\/\/www.carloscastrofotografo.com\/blog\/#\/schema\/person\/f2df3dbaf3422e563228db874428292d"},"potentialAction":[{"@type":"SearchAction","target":{"@type":"EntryPoint","urlTemplate":"https:\/\/www.carloscastrofotografo.com\/blog\/?s={search_term_string}"},"query-input":{"@type":"PropertyValueSpecification","valueRequired":true,"valueName":"search_term_string"}}],"inLanguage":"es"},{"@type":["Person","Organization"],"@id":"https:\/\/www.carloscastrofotografo.com\/blog\/#\/schema\/person\/f2df3dbaf3422e563228db874428292d","name":"Carlos Castro","image":{"@type":"ImageObject","inLanguage":"es","@id":"https:\/\/secure.gravatar.com\/avatar\/dfdb382b872c007d17784b7cf24288a868cd90f2a34825da78d451a9ddbb4dfe?s=96&d=mm&r=g","url":"https:\/\/secure.gravatar.com\/avatar\/dfdb382b872c007d17784b7cf24288a868cd90f2a34825da78d451a9ddbb4dfe?s=96&d=mm&r=g","contentUrl":"https:\/\/secure.gravatar.com\/avatar\/dfdb382b872c007d17784b7cf24288a868cd90f2a34825da78d451a9ddbb4dfe?s=96&d=mm&r=g","caption":"Carlos Castro"},"logo":{"@id":"https:\/\/secure.gravatar.com\/avatar\/dfdb382b872c007d17784b7cf24288a868cd90f2a34825da78d451a9ddbb4dfe?s=96&d=mm&r=g"},"description":"Fot\u00f3grafo, Videografo y apasionado de la tecnolog\u00eda. Cazador de tormentas y astrofot\u00f3grafo amateur.","sameAs":["https:\/\/www.carloscastrofotografo.com","https:\/\/www.youtube.com\/carloscastrofotografo"],"url":"https:\/\/www.carloscastrofotografo.com\/blog\/author\/admin\/"}]}},"_links":{"self":[{"href":"https:\/\/www.carloscastrofotografo.com\/blog\/wp-json\/wp\/v2\/posts\/984","targetHints":{"allow":["GET"]}}],"collection":[{"href":"https:\/\/www.carloscastrofotografo.com\/blog\/wp-json\/wp\/v2\/posts"}],"about":[{"href":"https:\/\/www.carloscastrofotografo.com\/blog\/wp-json\/wp\/v2\/types\/post"}],"author":[{"embeddable":true,"href":"https:\/\/www.carloscastrofotografo.com\/blog\/wp-json\/wp\/v2\/users\/1"}],"replies":[{"embeddable":true,"href":"https:\/\/www.carloscastrofotografo.com\/blog\/wp-json\/wp\/v2\/comments?post=984"}],"version-history":[{"count":1,"href":"https:\/\/www.carloscastrofotografo.com\/blog\/wp-json\/wp\/v2\/posts\/984\/revisions"}],"predecessor-version":[{"id":987,"href":"https:\/\/www.carloscastrofotografo.com\/blog\/wp-json\/wp\/v2\/posts\/984\/revisions\/987"}],"wp:featuredmedia":[{"embeddable":true,"href":"https:\/\/www.carloscastrofotografo.com\/blog\/wp-json\/wp\/v2\/media\/986"}],"wp:attachment":[{"href":"https:\/\/www.carloscastrofotografo.com\/blog\/wp-json\/wp\/v2\/media?parent=984"}],"wp:term":[{"taxonomy":"category","embeddable":true,"href":"https:\/\/www.carloscastrofotografo.com\/blog\/wp-json\/wp\/v2\/categories?post=984"},{"taxonomy":"post_tag","embeddable":true,"href":"https:\/\/www.carloscastrofotografo.com\/blog\/wp-json\/wp\/v2\/tags?post=984"}],"curies":[{"name":"wp","href":"https:\/\/api.w.org\/{rel}","templated":true}]}}