{"id":958,"date":"2025-07-26T10:36:52","date_gmt":"2025-07-26T08:36:52","guid":{"rendered":"https:\/\/www.carloscastrofotografo.com\/blog\/?p=958"},"modified":"2025-07-26T10:42:17","modified_gmt":"2025-07-26T08:42:17","slug":"viaje-fotografico-espana-capitulo-5","status":"publish","type":"post","link":"https:\/\/www.carloscastrofotografo.com\/blog\/viaje-fotografico-espana-capitulo-5\/","title":{"rendered":"Tormentas, carreteras y el m\u00e1gico Ib\u00f3n de Plan \u2013 Cap\u00edtulo 5 del viaje fotogr\u00e1fico por Espa\u00f1a"},"content":{"rendered":"\n<p>Mi viaje fotogr\u00e1fico por Espa\u00f1a contin\u00faa con una de las etapas m\u00e1s impactantes del recorrido. En este quinto cap\u00edtulo parto desde&nbsp;<strong>Bielsa<\/strong>, una peque\u00f1a localidad del Pirineo oscense, para adentrarme en uno de los rincones m\u00e1s m\u00e1gicos de la regi\u00f3n: el&nbsp;<strong>Ib\u00f3n de Plan<\/strong>, tambi\u00e9n conocido como&nbsp;<strong>Basa de la Mora<\/strong>. Pero la jornada no acaba ah\u00ed. Tras una sesi\u00f3n de fotograf\u00eda en este incre\u00edble lugar, el camino me lleva a trav\u00e9s de paisajes salvajes, carreteras solitarias\u2026 \u00a1y tormentas el\u00e9ctricas espectaculares! Finalmente, hago noche en&nbsp;<strong>la Vega del Codorno<\/strong>, en plena Serran\u00eda de Cuenca, para descansar y preparar el \u00faltimo tramo de este inolvidable viaje.<\/p>\n\n\n\n<p>\ud83c\udfac Puedes ver el v\u00eddeo completo aqu\u00ed:<\/p>\n\n\n\n<figure class=\"wp-block-embed aligncenter is-type-video is-provider-youtube wp-block-embed-youtube wp-embed-aspect-16-9 wp-has-aspect-ratio\"><div class=\"wp-block-embed__wrapper\">\n<iframe loading=\"lazy\" title=\"Tormentas, carreteras y el m\u00e1gico Ib\u00f3n de Plan \u2013 Cap\u00edtulo 5 del viaje fotogr\u00e1fico por Espa\u00f1a\" width=\"696\" height=\"392\" src=\"https:\/\/www.youtube.com\/embed\/qUSHktY3dJc?feature=oembed\" frameborder=\"0\" allow=\"accelerometer; autoplay; clipboard-write; encrypted-media; gyroscope; picture-in-picture; web-share\" referrerpolicy=\"strict-origin-when-cross-origin\" allowfullscreen><\/iframe>\n<\/div><\/figure>\n\n\n\n<h3 class=\"wp-block-heading\"><strong>El Ib\u00f3n de Plan: leyenda, belleza y fotograf\u00eda de altura<\/strong><\/h3>\n\n\n\n<p>El Ib\u00f3n de Plan es uno de los ibones m\u00e1s famosos del Pirineo aragon\u00e9s. Rodeado de monta\u00f1as que superan los 2.500 metros, est\u00e1 situado a 1.910 metros de altitud y ofrece una postal de alta monta\u00f1a dif\u00edcil de superar. Su belleza serena, reflejando los picos sobre sus aguas, lo convierten en un lugar de culto para los amantes de la fotograf\u00eda de naturaleza.<\/p>\n\n\n\n<p>\ud83d\udccd&nbsp;<strong>\u00bfD\u00f3nde empieza la ruta?<\/strong><\/p>\n\n\n\n<p>El&nbsp;<strong>sendero hacia el Ib\u00f3n de Plan<\/strong>&nbsp;comienza en el&nbsp;<strong>Refugio de Lavasar<\/strong>, al que se accede por una pista forestal desde Plan. El acceso est\u00e1 regulado durante los meses de verano, por lo que conviene informarse previamente si vas a subir en julio o agosto (puede haber servicio de lanzaderas desde el Valle de Chistau).<\/p>\n\n\n\n<p>Desde el refugio, el camino a pie es corto y f\u00e1cil, apenas 10-15 minutos de caminata por un entorno boscoso que termina revelando, de golpe, la espectacular vista del&nbsp;<strong>Ib\u00f3n de Plan<\/strong>, tambi\u00e9n conocido como&nbsp;<strong>Basa de la Mora<\/strong>.<\/p>\n\n\n\n<p>\ud83d\udc49 Puedes ver la ubicaci\u00f3n exacta del&nbsp;<strong>Refugio de Lavasar en Google Maps<\/strong>&nbsp;aqu\u00ed:<\/p>\n\n\n\n<p>\ud83d\udd17\u00a0<a href=\"https:\/\/maps.app.goo.gl\/vhYahuJXswfxqU1C9\" target=\"_blank\" rel=\"noreferrer noopener\">https:\/\/goo.gl\/maps\/Wdxf1HLaa8ZqHXmu5<\/a><\/p>\n\n\n\n<CENTER><iframe src=\"https:\/\/www.google.com\/maps\/embed?pb=!1m18!1m12!1m3!1d2938.969153797463!2d0.3120952777945301!3d42.55594787117532!2m3!1f0!2f0!3f0!3m2!1i1024!2i768!4f13.1!3m3!1m2!1s0x12a8755c19bf26d5%3A0xf495c0ccba1e7295!2sRefugio%20de%20Lavasar!5e0!3m2!1ses!2ses!4v1753519221780!5m2!1ses!2ses\" width=\"600\" height=\"450\" style=\"border:0;\" allowfullscreen=\"\" loading=\"lazy\" referrerpolicy=\"no-referrer-when-downgrade\"><\/iframe><\/CENTER>\n\n\n\n<h3 class=\"wp-block-heading\"><strong>Tormentas el\u00e9ctricas inesperadas: emoci\u00f3n en la carreter<\/strong><\/h3>\n\n\n\n<p>Despu\u00e9s de dejar atr\u00e1s el ib\u00f3n, me lanzo a la carretera con destino al sur. Pero el cielo ten\u00eda otros planes: una serie de tormentas impresionantes cruzan mi camino. Fue todo un reto grabar y conducir bajo estas condiciones, pero las im\u00e1genes que captur\u00e9 son simplemente espectaculares. Este tipo de fen\u00f3menos no solo aportan dramatismo al v\u00eddeo, tambi\u00e9n se convierten en oportunidades \u00fanicas para practicar fotograf\u00eda meteorol\u00f3gica.<\/p>\n\n\n\n<h3 class=\"wp-block-heading\"><strong>Final del d\u00eda en la Vega del Codorno<\/strong><\/h3>\n\n\n\n<p>Para cerrar esta jornada tan intensa, llego a la&nbsp;<strong>Vega del Codorno<\/strong>, una zona ideal para hacer noche, desconectar y respirar aire puro. Aqu\u00ed reflexiono frente a c\u00e1mara sobre la experiencia del d\u00eda, los lugares recorridos y lo que significa seguir adelante en un viaje que ya se acerca a su final.<\/p>\n\n\n\n<h3 class=\"wp-block-heading\"><strong>\u00bfTe lo vas a perder?<\/strong><\/h3>\n\n\n\n<p>Este cap\u00edtulo est\u00e1 cargado de emociones, paisajes espectaculares, fotograf\u00eda de naturaleza y esos giros inesperados que hacen que los viajes cobren vida. Si a\u00fan no lo has visto, te invito a hacerlo ahora y a dejarme tu comentario con tu parte favorita del cap\u00edtulo.<\/p>\n\n\n\n<p>\ud83d\udc49&nbsp;<a href=\"https:\/\/youtu.be\/qUSHktY3dJc\">Ver el v\u00eddeo completo en YouTube<\/a><\/p>\n","protected":false},"excerpt":{"rendered":"<p>Mi viaje fotogr\u00e1fico por Espa\u00f1a contin\u00faa con una de las etapas m\u00e1s impactantes del recorrido. En este quinto cap\u00edtulo parto desde&nbsp;Bielsa, una peque\u00f1a localidad del Pirineo oscense, para adentrarme en uno de los rincones m\u00e1s m\u00e1gicos de la regi\u00f3n: el&nbsp;Ib\u00f3n de Plan, tambi\u00e9n conocido como&nbsp;Basa de la Mora. Pero la jornada no acaba ah\u00ed. Tras [&hellip;]<\/p>\n","protected":false},"author":1,"featured_media":959,"comment_status":"open","ping_status":"open","sticky":false,"template":"","format":"standard","meta":{"footnotes":""},"categories":[15],"tags":[881,826,514,846,531,886,880,878,883,879,882,885,884],"class_list":{"0":"post-958","1":"post","2":"type-post","3":"status-publish","4":"format-standard","5":"has-post-thumbnail","7":"category-viajes-foto","8":"tag-basa-de-la-mora","9":"tag-blog-de-fotografia","10":"tag-carlos-castro","11":"tag-fotografia-de-montana","12":"tag-fotografia-de-paisaje","13":"tag-fotografia-meteorologica","14":"tag-ibon-de-plan","15":"tag-pirineo-oscense","16":"tag-serrania-de-cuenca","17":"tag-tormentas-electricas","19":"tag-viaje-fotografico-por-espana","20":"tag-vlogs-de-viaje"},"yoast_head":"<!-- This site is optimized with the Yoast SEO plugin v27.4 - https:\/\/yoast.com\/product\/yoast-seo-wordpress\/ -->\n<title>Ib\u00f3n de Plan, tormentas y carretera \u2013 Cap\u00edtulo 5<\/title>\n<meta name=\"description\" content=\"En este cap\u00edtulo visitamos el Ib\u00f3n de Plan, enfrentamos tormentas impresionantes y terminamos la jornada en la Vega del Codorno.\" \/>\n<meta name=\"robots\" content=\"index, follow, max-snippet:-1, max-image-preview:large, max-video-preview:-1\" \/>\n<link rel=\"canonical\" href=\"https:\/\/www.carloscastrofotografo.com\/blog\/viaje-fotografico-espana-capitulo-5\/\" \/>\n<meta property=\"og:locale\" content=\"es_ES\" \/>\n<meta property=\"og:type\" content=\"article\" \/>\n<meta property=\"og:title\" content=\"Ib\u00f3n de Plan, tormentas y carretera \u2013 Cap\u00edtulo 5\" \/>\n<meta property=\"og:description\" content=\"En este cap\u00edtulo visitamos el Ib\u00f3n de Plan, enfrentamos tormentas impresionantes y terminamos la jornada en la Vega del Codorno.\" \/>\n<meta property=\"og:url\" content=\"https:\/\/www.carloscastrofotografo.com\/blog\/viaje-fotografico-espana-capitulo-5\/\" \/>\n<meta property=\"og:site_name\" content=\"Blog de Carlos Castro Fot\u00f3grafo\" \/>\n<meta property=\"article:published_time\" content=\"2025-07-26T08:36:52+00:00\" \/>\n<meta property=\"article:modified_time\" content=\"2025-07-26T08:42:17+00:00\" \/>\n<meta property=\"og:image\" content=\"https:\/\/www.carloscastrofotografo.com\/blog\/wp-content\/uploads\/2025\/07\/ibon-de-plan-scaled.jpeg\" \/>\n\t<meta property=\"og:image:width\" content=\"2560\" \/>\n\t<meta property=\"og:image:height\" content=\"1627\" \/>\n\t<meta property=\"og:image:type\" content=\"image\/jpeg\" \/>\n<meta name=\"author\" content=\"Carlos Castro\" \/>\n<meta name=\"twitter:card\" content=\"summary_large_image\" \/>\n<meta name=\"twitter:label1\" content=\"Escrito por\" \/>\n\t<meta name=\"twitter:data1\" content=\"Carlos Castro\" \/>\n\t<meta name=\"twitter:label2\" content=\"Tiempo de lectura\" \/>\n\t<meta name=\"twitter:data2\" content=\"3 minutos\" \/>\n<script type=\"application\/ld+json\" class=\"yoast-schema-graph\">{\"@context\":\"https:\\\/\\\/schema.org\",\"@graph\":[{\"@type\":\"Article\",\"@id\":\"https:\\\/\\\/www.carloscastrofotografo.com\\\/blog\\\/viaje-fotografico-espana-capitulo-5\\\/#article\",\"isPartOf\":{\"@id\":\"https:\\\/\\\/www.carloscastrofotografo.com\\\/blog\\\/viaje-fotografico-espana-capitulo-5\\\/\"},\"author\":{\"name\":\"Carlos Castro\",\"@id\":\"https:\\\/\\\/www.carloscastrofotografo.com\\\/blog\\\/#\\\/schema\\\/person\\\/f2df3dbaf3422e563228db874428292d\"},\"headline\":\"Tormentas, carreteras y el m\u00e1gico Ib\u00f3n de Plan \u2013 Cap\u00edtulo 5 del viaje fotogr\u00e1fico por Espa\u00f1a\",\"datePublished\":\"2025-07-26T08:36:52+00:00\",\"dateModified\":\"2025-07-26T08:42:17+00:00\",\"mainEntityOfPage\":{\"@id\":\"https:\\\/\\\/www.carloscastrofotografo.com\\\/blog\\\/viaje-fotografico-espana-capitulo-5\\\/\"},\"wordCount\":581,\"commentCount\":0,\"publisher\":{\"@id\":\"https:\\\/\\\/www.carloscastrofotografo.com\\\/blog\\\/#\\\/schema\\\/person\\\/f2df3dbaf3422e563228db874428292d\"},\"image\":{\"@id\":\"https:\\\/\\\/www.carloscastrofotografo.com\\\/blog\\\/viaje-fotografico-espana-capitulo-5\\\/#primaryimage\"},\"thumbnailUrl\":\"https:\\\/\\\/www.carloscastrofotografo.com\\\/blog\\\/wp-content\\\/uploads\\\/2025\\\/07\\\/ibon-de-plan-scaled.jpeg\",\"keywords\":[\"basa de la mora\",\"blog de fotograf\u00eda\",\"Carlos Castro\",\"fotograf\u00eda de monta\u00f1a\",\"fotograf\u00eda de paisaje\",\"fotograf\u00eda meteorol\u00f3gica\",\"ib\u00f3n de plan\",\"pirineo oscense\",\"serran\u00eda de cuenca\",\"tormentas el\u00e9ctricas\",\"vega del codorno\",\"viaje fotogr\u00e1fico por espa\u00f1a\",\"vlogs de viaje\"],\"articleSection\":[\"Viajes\"],\"inLanguage\":\"es\",\"potentialAction\":[{\"@type\":\"CommentAction\",\"name\":\"Comment\",\"target\":[\"https:\\\/\\\/www.carloscastrofotografo.com\\\/blog\\\/viaje-fotografico-espana-capitulo-5\\\/#respond\"]}]},{\"@type\":\"WebPage\",\"@id\":\"https:\\\/\\\/www.carloscastrofotografo.com\\\/blog\\\/viaje-fotografico-espana-capitulo-5\\\/\",\"url\":\"https:\\\/\\\/www.carloscastrofotografo.com\\\/blog\\\/viaje-fotografico-espana-capitulo-5\\\/\",\"name\":\"Ib\u00f3n de Plan, tormentas y carretera \u2013 Cap\u00edtulo 5\",\"isPartOf\":{\"@id\":\"https:\\\/\\\/www.carloscastrofotografo.com\\\/blog\\\/#website\"},\"primaryImageOfPage\":{\"@id\":\"https:\\\/\\\/www.carloscastrofotografo.com\\\/blog\\\/viaje-fotografico-espana-capitulo-5\\\/#primaryimage\"},\"image\":{\"@id\":\"https:\\\/\\\/www.carloscastrofotografo.com\\\/blog\\\/viaje-fotografico-espana-capitulo-5\\\/#primaryimage\"},\"thumbnailUrl\":\"https:\\\/\\\/www.carloscastrofotografo.com\\\/blog\\\/wp-content\\\/uploads\\\/2025\\\/07\\\/ibon-de-plan-scaled.jpeg\",\"datePublished\":\"2025-07-26T08:36:52+00:00\",\"dateModified\":\"2025-07-26T08:42:17+00:00\",\"description\":\"En este cap\u00edtulo visitamos el Ib\u00f3n de Plan, enfrentamos tormentas impresionantes y terminamos la jornada en la Vega del Codorno.\",\"breadcrumb\":{\"@id\":\"https:\\\/\\\/www.carloscastrofotografo.com\\\/blog\\\/viaje-fotografico-espana-capitulo-5\\\/#breadcrumb\"},\"inLanguage\":\"es\",\"potentialAction\":[{\"@type\":\"ReadAction\",\"target\":[\"https:\\\/\\\/www.carloscastrofotografo.com\\\/blog\\\/viaje-fotografico-espana-capitulo-5\\\/\"]}]},{\"@type\":\"ImageObject\",\"inLanguage\":\"es\",\"@id\":\"https:\\\/\\\/www.carloscastrofotografo.com\\\/blog\\\/viaje-fotografico-espana-capitulo-5\\\/#primaryimage\",\"url\":\"https:\\\/\\\/www.carloscastrofotografo.com\\\/blog\\\/wp-content\\\/uploads\\\/2025\\\/07\\\/ibon-de-plan-scaled.jpeg\",\"contentUrl\":\"https:\\\/\\\/www.carloscastrofotografo.com\\\/blog\\\/wp-content\\\/uploads\\\/2025\\\/07\\\/ibon-de-plan-scaled.jpeg\",\"width\":2560,\"height\":1627,\"caption\":\"ibon de plan\"},{\"@type\":\"BreadcrumbList\",\"@id\":\"https:\\\/\\\/www.carloscastrofotografo.com\\\/blog\\\/viaje-fotografico-espana-capitulo-5\\\/#breadcrumb\",\"itemListElement\":[{\"@type\":\"ListItem\",\"position\":1,\"name\":\"Portada\",\"item\":\"https:\\\/\\\/www.carloscastrofotografo.com\\\/blog\\\/\"},{\"@type\":\"ListItem\",\"position\":2,\"name\":\"Tormentas, carreteras y el m\u00e1gico Ib\u00f3n de Plan \u2013 Cap\u00edtulo 5 del viaje fotogr\u00e1fico por Espa\u00f1a\"}]},{\"@type\":\"WebSite\",\"@id\":\"https:\\\/\\\/www.carloscastrofotografo.com\\\/blog\\\/#website\",\"url\":\"https:\\\/\\\/www.carloscastrofotografo.com\\\/blog\\\/\",\"name\":\"Blog de Carlos Castro Fot\u00f3grafo\",\"description\":\"Todo sobre Fotograf\u00eda y V\u00eddeo, para apasionados de la imagen.\",\"publisher\":{\"@id\":\"https:\\\/\\\/www.carloscastrofotografo.com\\\/blog\\\/#\\\/schema\\\/person\\\/f2df3dbaf3422e563228db874428292d\"},\"potentialAction\":[{\"@type\":\"SearchAction\",\"target\":{\"@type\":\"EntryPoint\",\"urlTemplate\":\"https:\\\/\\\/www.carloscastrofotografo.com\\\/blog\\\/?s={search_term_string}\"},\"query-input\":{\"@type\":\"PropertyValueSpecification\",\"valueRequired\":true,\"valueName\":\"search_term_string\"}}],\"inLanguage\":\"es\"},{\"@type\":[\"Person\",\"Organization\"],\"@id\":\"https:\\\/\\\/www.carloscastrofotografo.com\\\/blog\\\/#\\\/schema\\\/person\\\/f2df3dbaf3422e563228db874428292d\",\"name\":\"Carlos Castro\",\"image\":{\"@type\":\"ImageObject\",\"inLanguage\":\"es\",\"@id\":\"https:\\\/\\\/secure.gravatar.com\\\/avatar\\\/dfdb382b872c007d17784b7cf24288a868cd90f2a34825da78d451a9ddbb4dfe?s=96&d=mm&r=g\",\"url\":\"https:\\\/\\\/secure.gravatar.com\\\/avatar\\\/dfdb382b872c007d17784b7cf24288a868cd90f2a34825da78d451a9ddbb4dfe?s=96&d=mm&r=g\",\"contentUrl\":\"https:\\\/\\\/secure.gravatar.com\\\/avatar\\\/dfdb382b872c007d17784b7cf24288a868cd90f2a34825da78d451a9ddbb4dfe?s=96&d=mm&r=g\",\"caption\":\"Carlos Castro\"},\"logo\":{\"@id\":\"https:\\\/\\\/secure.gravatar.com\\\/avatar\\\/dfdb382b872c007d17784b7cf24288a868cd90f2a34825da78d451a9ddbb4dfe?s=96&d=mm&r=g\"},\"description\":\"Fot\u00f3grafo, Videografo y apasionado de la tecnolog\u00eda. Cazador de tormentas y astrofot\u00f3grafo amateur.\",\"sameAs\":[\"https:\\\/\\\/www.carloscastrofotografo.com\",\"https:\\\/\\\/www.youtube.com\\\/carloscastrofotografo\"],\"url\":\"https:\\\/\\\/www.carloscastrofotografo.com\\\/blog\\\/author\\\/admin\\\/\"}]}<\/script>\n<!-- \/ Yoast SEO plugin. -->","yoast_head_json":{"title":"Ib\u00f3n de Plan, tormentas y carretera \u2013 Cap\u00edtulo 5","description":"En este cap\u00edtulo visitamos el Ib\u00f3n de Plan, enfrentamos tormentas impresionantes y terminamos la jornada en la Vega del Codorno.","robots":{"index":"index","follow":"follow","max-snippet":"max-snippet:-1","max-image-preview":"max-image-preview:large","max-video-preview":"max-video-preview:-1"},"canonical":"https:\/\/www.carloscastrofotografo.com\/blog\/viaje-fotografico-espana-capitulo-5\/","og_locale":"es_ES","og_type":"article","og_title":"Ib\u00f3n de Plan, tormentas y carretera \u2013 Cap\u00edtulo 5","og_description":"En este cap\u00edtulo visitamos el Ib\u00f3n de Plan, enfrentamos tormentas impresionantes y terminamos la jornada en la Vega del Codorno.","og_url":"https:\/\/www.carloscastrofotografo.com\/blog\/viaje-fotografico-espana-capitulo-5\/","og_site_name":"Blog de Carlos Castro Fot\u00f3grafo","article_published_time":"2025-07-26T08:36:52+00:00","article_modified_time":"2025-07-26T08:42:17+00:00","og_image":[{"width":2560,"height":1627,"url":"https:\/\/www.carloscastrofotografo.com\/blog\/wp-content\/uploads\/2025\/07\/ibon-de-plan-scaled.jpeg","type":"image\/jpeg"}],"author":"Carlos Castro","twitter_card":"summary_large_image","twitter_misc":{"Escrito por":"Carlos Castro","Tiempo de lectura":"3 minutos"},"schema":{"@context":"https:\/\/schema.org","@graph":[{"@type":"Article","@id":"https:\/\/www.carloscastrofotografo.com\/blog\/viaje-fotografico-espana-capitulo-5\/#article","isPartOf":{"@id":"https:\/\/www.carloscastrofotografo.com\/blog\/viaje-fotografico-espana-capitulo-5\/"},"author":{"name":"Carlos Castro","@id":"https:\/\/www.carloscastrofotografo.com\/blog\/#\/schema\/person\/f2df3dbaf3422e563228db874428292d"},"headline":"Tormentas, carreteras y el m\u00e1gico Ib\u00f3n de Plan \u2013 Cap\u00edtulo 5 del viaje fotogr\u00e1fico por Espa\u00f1a","datePublished":"2025-07-26T08:36:52+00:00","dateModified":"2025-07-26T08:42:17+00:00","mainEntityOfPage":{"@id":"https:\/\/www.carloscastrofotografo.com\/blog\/viaje-fotografico-espana-capitulo-5\/"},"wordCount":581,"commentCount":0,"publisher":{"@id":"https:\/\/www.carloscastrofotografo.com\/blog\/#\/schema\/person\/f2df3dbaf3422e563228db874428292d"},"image":{"@id":"https:\/\/www.carloscastrofotografo.com\/blog\/viaje-fotografico-espana-capitulo-5\/#primaryimage"},"thumbnailUrl":"https:\/\/www.carloscastrofotografo.com\/blog\/wp-content\/uploads\/2025\/07\/ibon-de-plan-scaled.jpeg","keywords":["basa de la mora","blog de fotograf\u00eda","Carlos Castro","fotograf\u00eda de monta\u00f1a","fotograf\u00eda de paisaje","fotograf\u00eda meteorol\u00f3gica","ib\u00f3n de plan","pirineo oscense","serran\u00eda de cuenca","tormentas el\u00e9ctricas","vega del codorno","viaje fotogr\u00e1fico por espa\u00f1a","vlogs de viaje"],"articleSection":["Viajes"],"inLanguage":"es","potentialAction":[{"@type":"CommentAction","name":"Comment","target":["https:\/\/www.carloscastrofotografo.com\/blog\/viaje-fotografico-espana-capitulo-5\/#respond"]}]},{"@type":"WebPage","@id":"https:\/\/www.carloscastrofotografo.com\/blog\/viaje-fotografico-espana-capitulo-5\/","url":"https:\/\/www.carloscastrofotografo.com\/blog\/viaje-fotografico-espana-capitulo-5\/","name":"Ib\u00f3n de Plan, tormentas y carretera \u2013 Cap\u00edtulo 5","isPartOf":{"@id":"https:\/\/www.carloscastrofotografo.com\/blog\/#website"},"primaryImageOfPage":{"@id":"https:\/\/www.carloscastrofotografo.com\/blog\/viaje-fotografico-espana-capitulo-5\/#primaryimage"},"image":{"@id":"https:\/\/www.carloscastrofotografo.com\/blog\/viaje-fotografico-espana-capitulo-5\/#primaryimage"},"thumbnailUrl":"https:\/\/www.carloscastrofotografo.com\/blog\/wp-content\/uploads\/2025\/07\/ibon-de-plan-scaled.jpeg","datePublished":"2025-07-26T08:36:52+00:00","dateModified":"2025-07-26T08:42:17+00:00","description":"En este cap\u00edtulo visitamos el Ib\u00f3n de Plan, enfrentamos tormentas impresionantes y terminamos la jornada en la Vega del Codorno.","breadcrumb":{"@id":"https:\/\/www.carloscastrofotografo.com\/blog\/viaje-fotografico-espana-capitulo-5\/#breadcrumb"},"inLanguage":"es","potentialAction":[{"@type":"ReadAction","target":["https:\/\/www.carloscastrofotografo.com\/blog\/viaje-fotografico-espana-capitulo-5\/"]}]},{"@type":"ImageObject","inLanguage":"es","@id":"https:\/\/www.carloscastrofotografo.com\/blog\/viaje-fotografico-espana-capitulo-5\/#primaryimage","url":"https:\/\/www.carloscastrofotografo.com\/blog\/wp-content\/uploads\/2025\/07\/ibon-de-plan-scaled.jpeg","contentUrl":"https:\/\/www.carloscastrofotografo.com\/blog\/wp-content\/uploads\/2025\/07\/ibon-de-plan-scaled.jpeg","width":2560,"height":1627,"caption":"ibon de plan"},{"@type":"BreadcrumbList","@id":"https:\/\/www.carloscastrofotografo.com\/blog\/viaje-fotografico-espana-capitulo-5\/#breadcrumb","itemListElement":[{"@type":"ListItem","position":1,"name":"Portada","item":"https:\/\/www.carloscastrofotografo.com\/blog\/"},{"@type":"ListItem","position":2,"name":"Tormentas, carreteras y el m\u00e1gico Ib\u00f3n de Plan \u2013 Cap\u00edtulo 5 del viaje fotogr\u00e1fico por Espa\u00f1a"}]},{"@type":"WebSite","@id":"https:\/\/www.carloscastrofotografo.com\/blog\/#website","url":"https:\/\/www.carloscastrofotografo.com\/blog\/","name":"Blog de Carlos Castro Fot\u00f3grafo","description":"Todo sobre Fotograf\u00eda y V\u00eddeo, para apasionados de la imagen.","publisher":{"@id":"https:\/\/www.carloscastrofotografo.com\/blog\/#\/schema\/person\/f2df3dbaf3422e563228db874428292d"},"potentialAction":[{"@type":"SearchAction","target":{"@type":"EntryPoint","urlTemplate":"https:\/\/www.carloscastrofotografo.com\/blog\/?s={search_term_string}"},"query-input":{"@type":"PropertyValueSpecification","valueRequired":true,"valueName":"search_term_string"}}],"inLanguage":"es"},{"@type":["Person","Organization"],"@id":"https:\/\/www.carloscastrofotografo.com\/blog\/#\/schema\/person\/f2df3dbaf3422e563228db874428292d","name":"Carlos Castro","image":{"@type":"ImageObject","inLanguage":"es","@id":"https:\/\/secure.gravatar.com\/avatar\/dfdb382b872c007d17784b7cf24288a868cd90f2a34825da78d451a9ddbb4dfe?s=96&d=mm&r=g","url":"https:\/\/secure.gravatar.com\/avatar\/dfdb382b872c007d17784b7cf24288a868cd90f2a34825da78d451a9ddbb4dfe?s=96&d=mm&r=g","contentUrl":"https:\/\/secure.gravatar.com\/avatar\/dfdb382b872c007d17784b7cf24288a868cd90f2a34825da78d451a9ddbb4dfe?s=96&d=mm&r=g","caption":"Carlos Castro"},"logo":{"@id":"https:\/\/secure.gravatar.com\/avatar\/dfdb382b872c007d17784b7cf24288a868cd90f2a34825da78d451a9ddbb4dfe?s=96&d=mm&r=g"},"description":"Fot\u00f3grafo, Videografo y apasionado de la tecnolog\u00eda. Cazador de tormentas y astrofot\u00f3grafo amateur.","sameAs":["https:\/\/www.carloscastrofotografo.com","https:\/\/www.youtube.com\/carloscastrofotografo"],"url":"https:\/\/www.carloscastrofotografo.com\/blog\/author\/admin\/"}]}},"_links":{"self":[{"href":"https:\/\/www.carloscastrofotografo.com\/blog\/wp-json\/wp\/v2\/posts\/958","targetHints":{"allow":["GET"]}}],"collection":[{"href":"https:\/\/www.carloscastrofotografo.com\/blog\/wp-json\/wp\/v2\/posts"}],"about":[{"href":"https:\/\/www.carloscastrofotografo.com\/blog\/wp-json\/wp\/v2\/types\/post"}],"author":[{"embeddable":true,"href":"https:\/\/www.carloscastrofotografo.com\/blog\/wp-json\/wp\/v2\/users\/1"}],"replies":[{"embeddable":true,"href":"https:\/\/www.carloscastrofotografo.com\/blog\/wp-json\/wp\/v2\/comments?post=958"}],"version-history":[{"count":4,"href":"https:\/\/www.carloscastrofotografo.com\/blog\/wp-json\/wp\/v2\/posts\/958\/revisions"}],"predecessor-version":[{"id":964,"href":"https:\/\/www.carloscastrofotografo.com\/blog\/wp-json\/wp\/v2\/posts\/958\/revisions\/964"}],"wp:featuredmedia":[{"embeddable":true,"href":"https:\/\/www.carloscastrofotografo.com\/blog\/wp-json\/wp\/v2\/media\/959"}],"wp:attachment":[{"href":"https:\/\/www.carloscastrofotografo.com\/blog\/wp-json\/wp\/v2\/media?parent=958"}],"wp:term":[{"taxonomy":"category","embeddable":true,"href":"https:\/\/www.carloscastrofotografo.com\/blog\/wp-json\/wp\/v2\/categories?post=958"},{"taxonomy":"post_tag","embeddable":true,"href":"https:\/\/www.carloscastrofotografo.com\/blog\/wp-json\/wp\/v2\/tags?post=958"}],"curies":[{"name":"wp","href":"https:\/\/api.w.org\/{rel}","templated":true}]}}