{"id":954,"date":"2025-07-24T15:05:44","date_gmt":"2025-07-24T13:05:44","guid":{"rendered":"https:\/\/www.carloscastrofotografo.com\/blog\/?p=954"},"modified":"2025-08-02T10:12:44","modified_gmt":"2025-08-02T08:12:44","slug":"dji-osmo-360-camara-360","status":"publish","type":"post","link":"https:\/\/www.carloscastrofotografo.com\/blog\/dji-osmo-360-camara-360\/","title":{"rendered":"DJI Osmo 360: la nueva c\u00e1mara 360 que amenaza el trono de Insta360"},"content":{"rendered":"\n<p>La batalla por la mejor c\u00e1mara 360 de 2025 se pone al rojo vivo. Y es que DJI, el gigante de los drones y la estabilizaci\u00f3n de imagen, est\u00e1 a punto de lanzar su primera c\u00e1mara de realidad inmersiva:\u00a0<strong>la DJI Osmo 360<\/strong>, cuyo anuncio oficial est\u00e1 previsto para el\u00a0<strong>31 de julio<\/strong>. Aunque todav\u00eda no se ha presentado p\u00fablicamente, una filtraci\u00f3n masiva nos ha dado una imagen bastante clara de lo que podemos esperar.  <a href=\"https:\/\/click.dji.com\/AMK74jxMkncnwE-SLBbSZA?pm=link\"><strong>Tienes info actualizada &#8211; Haciendo Click aqu\u00ed<\/strong><\/a><\/p>\n\n\n\n<h2 class=\"wp-block-heading\"><strong>\u00bfLa nueva reina del v\u00eddeo 360?<\/strong><\/h2>\n\n\n\n<p>Hasta ahora,&nbsp;<strong>Insta360<\/strong>&nbsp;ha dominado c\u00f3modamente el mundo de las c\u00e1maras 360, siendo su actual buque insignia, la&nbsp;<strong>Insta360 X5<\/strong>, una referencia indiscutible. Sin embargo, DJI quiere entrar por la puerta grande. Seg\u00fan im\u00e1genes filtradas del embalaje final de la Osmo 360, compartidas por el fiable filtrador @Quadro_News en X (Twitter), la nueva c\u00e1mara de DJI no solo iguala en muchos aspectos a la X5, sino que&nbsp;<strong>supera en algunos apartados clave<\/strong>.<\/p>\n\n\n\n<h2 class=\"wp-block-heading\"><strong>\u00bfQu\u00e9 sabemos hasta ahora?<\/strong><\/h2>\n\n\n\n<p>Aunque DJI no ha confirmado oficialmente nada, las especificaciones filtradas dan para emocionarse:<\/p>\n\n\n\n<figure class=\"wp-block-table\"><table class=\"has-fixed-layout\"><thead><tr><th><strong>Especificaci\u00f3n<\/strong><\/th><th><strong>DJI Osmo 360 (filtrada)<\/strong><\/th><th><strong>Insta360 X5<\/strong><\/th><\/tr><\/thead><tbody><tr><td>Sensor<\/td><td>\u201cImagen 360 de 1 pulgada\u201d*<\/td><td>2 sensores de 1\/1.28\u201d<\/td><\/tr><tr><td>Resoluci\u00f3n de v\u00eddeo<\/td><td>8K a 30 fps<\/td><td>8K a 30 fps<\/td><\/tr><tr><td>Profundidad de color \/ perfil<\/td><td>10 bits, D-Log M<\/td><td>8 bits, I-Log<\/td><\/tr><tr><td>Resoluci\u00f3n de fotograf\u00eda<\/td><td>120 MP<\/td><td>72 MP<\/td><\/tr><tr><td>Duraci\u00f3n de bater\u00eda<\/td><td>100 min (grabando en 8K\/30p)<\/td><td>185 min (grabando en 5.7K\/24p)<\/td><\/tr><tr><td>Precio estimado<\/td><td>~500 USD (seg\u00fan filtraci\u00f3n AU)<\/td><td>~550 USD (versi\u00f3n b\u00e1sica)<\/td><\/tr><\/tbody><\/table><\/figure>\n\n\n\n<p>*El tama\u00f1o real del sensor sigue siendo un misterio. La caja habla de \u201cim\u00e1genes 360 de 1 pulgada\u201d, pero luego matiza que se trata de un \u00e1rea equivalente a dicho tama\u00f1o, lo que sugiere un&nbsp;<strong>sensor cuadrado<\/strong>&nbsp;o alguna configuraci\u00f3n h\u00edbrida.<\/p>\n\n\n\n<h2 class=\"wp-block-heading\"><strong>Dise\u00f1o y caracter\u00edsticas destacadas<\/strong><\/h2>\n\n\n\n<p>Las fotos filtradas del embalaje tambi\u00e9n dejan ver un dise\u00f1o compacto y robusto, al estilo DJI, con dos lentes opuestas en disposici\u00f3n cl\u00e1sica para capturar v\u00eddeo esf\u00e9rico. A nivel de software, todo apunta a que vendr\u00e1 con&nbsp;<strong>modos de edici\u00f3n avanzada<\/strong>, integraci\u00f3n con la app DJI Mimo y soporte para flujos de trabajo profesionales, incluyendo grabaci\u00f3n en 10 bits y perfil D-Log M para m\u00e1xima flexibilidad en postproducci\u00f3n.<\/p>\n\n\n\n<p>Adem\u00e1s, la resoluci\u00f3n fotogr\u00e1fica de&nbsp;<strong>120 megap\u00edxeles<\/strong>&nbsp;es un salto significativo que podr\u00eda revolucionar el contenido 360 para fotograf\u00eda esf\u00e9rica, visitas virtuales y contenido para realidad virtual.<\/p>\n\n\n\n<h2 class=\"wp-block-heading\"><strong>\u00bfQu\u00e9 pasa con el precio?<\/strong><\/h2>\n\n\n\n<p>La filtraci\u00f3n proviene de una tienda australiana, donde se vio un precio inicial de&nbsp;<strong>759 d\u00f3lares australianos<\/strong>, lo que traducido rondar\u00eda los&nbsp;<strong>500 d\u00f3lares americanos<\/strong>. Esto situar\u00eda a la Osmo 360 como una&nbsp;<strong>alternativa m\u00e1s asequible que la Insta360 X5<\/strong>, especialmente si se incluyen accesorios de serie como palo selfie, estuche o protectores.<\/p>\n\n\n\n<h2 class=\"wp-block-heading\"><strong>\u00bfY la competencia?<\/strong><\/h2>\n\n\n\n<p>Mientras DJI se prepara para lanzar esta potente Osmo 360,&nbsp;<strong>Insta360 ya ha reaccionado<\/strong>, publicando una actualizaci\u00f3n de firmware para la X5 que mejora la duraci\u00f3n de bater\u00eda y lanzando una edici\u00f3n especial BMW Motorrad. Por su parte,&nbsp;<strong>GoPro tambi\u00e9n calienta motores con su esperada Max 2<\/strong>, que podr\u00eda llegar en cualquier momento.<\/p>\n\n\n\n<p>Estamos ante una aut\u00e9ntica&nbsp;<strong>batalla de titanes<\/strong>&nbsp;en el mercado de las c\u00e1maras 360, y todo apunta a que DJI no solo llega, sino que&nbsp;<strong>podr\u00eda cambiar las reglas del juego<\/strong>.<\/p>\n\n\n<div class=\"wp-block-image\">\n<figure class=\"aligncenter size-large td-caption-align-https:\/\/www.carloscastrofotografo.com\/blog\/wp-content\/uploads\/2025\/07\/anuncio-dji-osmo-360.jpg\"><img loading=\"lazy\" decoding=\"async\" width=\"792\" height=\"1024\" src=\"https:\/\/www.carloscastrofotografo.com\/blog\/wp-content\/uploads\/2025\/07\/anuncio-dji-osmo-360-792x1024.jpg\" alt=\"\" class=\"wp-image-955\" srcset=\"https:\/\/www.carloscastrofotografo.com\/blog\/wp-content\/uploads\/2025\/07\/anuncio-dji-osmo-360-792x1024.jpg 792w, https:\/\/www.carloscastrofotografo.com\/blog\/wp-content\/uploads\/2025\/07\/anuncio-dji-osmo-360-232x300.jpg 232w, https:\/\/www.carloscastrofotografo.com\/blog\/wp-content\/uploads\/2025\/07\/anuncio-dji-osmo-360-768x992.jpg 768w, https:\/\/www.carloscastrofotografo.com\/blog\/wp-content\/uploads\/2025\/07\/anuncio-dji-osmo-360-1189x1536.jpg 1189w, https:\/\/www.carloscastrofotografo.com\/blog\/wp-content\/uploads\/2025\/07\/anuncio-dji-osmo-360-696x899.jpg 696w, https:\/\/www.carloscastrofotografo.com\/blog\/wp-content\/uploads\/2025\/07\/anuncio-dji-osmo-360-1068x1380.jpg 1068w, https:\/\/www.carloscastrofotografo.com\/blog\/wp-content\/uploads\/2025\/07\/anuncio-dji-osmo-360-325x420.jpg 325w, https:\/\/www.carloscastrofotografo.com\/blog\/wp-content\/uploads\/2025\/07\/anuncio-dji-osmo-360.jpg 1300w\" sizes=\"auto, (max-width: 792px) 100vw, 792px\" \/><figcaption class=\"wp-element-caption\">As\u00ed anunciaba oficialmente DJI el pr\u00f3ximo lanzamiento<\/figcaption><\/figure>\n<\/div>\n\n\n<h2 class=\"wp-block-heading\"><strong>Conclusi\u00f3n<\/strong><\/h2>\n\n\n\n<p>Si est\u00e1s pensando en comprar una c\u00e1mara 360 este a\u00f1o,&nbsp;<strong>espera al 31 de julio<\/strong>. La&nbsp;<strong>DJI Osmo 360<\/strong>&nbsp;promete ser un nuevo referente, combinando la experiencia de DJI en imagen y estabilizaci\u00f3n con caracter\u00edsticas avanzadas, un precio competitivo y la promesa de una experiencia creativa sin l\u00edmites.<\/p>\n\n\n\n<p>En cuanto se presente oficialmente, actualizar\u00e9 este art\u00edculo con todos los detalles, fotos y mis primeras impresiones. \u00a1Permanece atento!<\/p>\n\n\n\n<p>\u00bfQu\u00e9 esperas de esta nueva c\u00e1mara 360?, te leo en comentarios. Ah y de paso te espero en <strong><a href=\"https:\/\/bit.ly\/2XdM2OS\">mi canal de Youtube &lt;- Click aqu\u00ed<\/a><\/strong><\/p>\n\n\n\n<p><\/p>\n","protected":false},"excerpt":{"rendered":"<p>La batalla por la mejor c\u00e1mara 360 de 2025 se pone al rojo vivo. Y es que DJI, el gigante de los drones y la estabilizaci\u00f3n de imagen, est\u00e1 a punto de lanzar su primera c\u00e1mara de realidad inmersiva:\u00a0la DJI Osmo 360, cuyo anuncio oficial est\u00e1 previsto para el\u00a031 de julio. Aunque todav\u00eda no se [&hellip;]<\/p>\n","protected":false},"author":1,"featured_media":956,"comment_status":"open","ping_status":"open","sticky":false,"template":"","format":"standard","meta":{"footnotes":""},"categories":[14,200,25],"tags":[869,872,875,653,870,873,871,877,876,874],"class_list":{"0":"post-954","1":"post","2":"type-post","3":"status-publish","4":"format-standard","5":"has-post-thumbnail","7":"category-camara-foto","8":"category-equipo-audiovisual","9":"category-noticias-actualidad","10":"tag-camara-360","11":"tag-camaras-360-grados","12":"tag-contenido-inmersivo","13":"tag-dji","14":"tag-dji-osmo-360","15":"tag-fotografia-360","16":"tag-insta360-x5","17":"tag-novedades-dji-2025","18":"tag-realidad-virtual","19":"tag-video-8k"},"yoast_head":"<!-- This site is optimized with the Yoast SEO plugin v27.4 - https:\/\/yoast.com\/product\/yoast-seo-wordpress\/ -->\n<title>DJI Osmo 360: todo lo que sabemos de la nueva c\u00e1mara 360<\/title>\n<meta name=\"description\" content=\"DJI entra en la batalla de las c\u00e1maras 360 con la nueva Osmo 360. Con grabaci\u00f3n 8K, fotos de 120MP y 10 bits.\" \/>\n<meta name=\"robots\" content=\"index, follow, max-snippet:-1, max-image-preview:large, max-video-preview:-1\" \/>\n<link rel=\"canonical\" href=\"https:\/\/www.carloscastrofotografo.com\/blog\/dji-osmo-360-camara-360\/\" \/>\n<meta property=\"og:locale\" content=\"es_ES\" \/>\n<meta property=\"og:type\" content=\"article\" \/>\n<meta property=\"og:title\" content=\"DJI Osmo 360: todo lo que sabemos de la nueva c\u00e1mara 360\" \/>\n<meta property=\"og:description\" content=\"DJI entra en la batalla de las c\u00e1maras 360 con la nueva Osmo 360. Con grabaci\u00f3n 8K, fotos de 120MP y 10 bits.\" \/>\n<meta property=\"og:url\" content=\"https:\/\/www.carloscastrofotografo.com\/blog\/dji-osmo-360-camara-360\/\" \/>\n<meta property=\"og:site_name\" content=\"Blog de Carlos Castro Fot\u00f3grafo\" \/>\n<meta property=\"article:published_time\" content=\"2025-07-24T13:05:44+00:00\" \/>\n<meta property=\"article:modified_time\" content=\"2025-08-02T08:12:44+00:00\" \/>\n<meta property=\"og:image\" content=\"https:\/\/www.carloscastrofotografo.com\/blog\/wp-content\/uploads\/2025\/07\/osmo-360.webp\" \/>\n\t<meta property=\"og:image:width\" content=\"1200\" \/>\n\t<meta property=\"og:image:height\" content=\"675\" \/>\n\t<meta property=\"og:image:type\" content=\"image\/webp\" \/>\n<meta name=\"author\" content=\"Carlos Castro\" \/>\n<meta name=\"twitter:card\" content=\"summary_large_image\" \/>\n<meta name=\"twitter:label1\" content=\"Escrito por\" \/>\n\t<meta name=\"twitter:data1\" content=\"Carlos Castro\" \/>\n\t<meta name=\"twitter:label2\" content=\"Tiempo de lectura\" \/>\n\t<meta name=\"twitter:data2\" content=\"3 minutos\" \/>\n<script type=\"application\/ld+json\" class=\"yoast-schema-graph\">{\"@context\":\"https:\\\/\\\/schema.org\",\"@graph\":[{\"@type\":\"Article\",\"@id\":\"https:\\\/\\\/www.carloscastrofotografo.com\\\/blog\\\/dji-osmo-360-camara-360\\\/#article\",\"isPartOf\":{\"@id\":\"https:\\\/\\\/www.carloscastrofotografo.com\\\/blog\\\/dji-osmo-360-camara-360\\\/\"},\"author\":{\"name\":\"Carlos Castro\",\"@id\":\"https:\\\/\\\/www.carloscastrofotografo.com\\\/blog\\\/#\\\/schema\\\/person\\\/f2df3dbaf3422e563228db874428292d\"},\"headline\":\"DJI Osmo 360: la nueva c\u00e1mara 360 que amenaza el trono de Insta360\",\"datePublished\":\"2025-07-24T13:05:44+00:00\",\"dateModified\":\"2025-08-02T08:12:44+00:00\",\"mainEntityOfPage\":{\"@id\":\"https:\\\/\\\/www.carloscastrofotografo.com\\\/blog\\\/dji-osmo-360-camara-360\\\/\"},\"wordCount\":704,\"commentCount\":0,\"publisher\":{\"@id\":\"https:\\\/\\\/www.carloscastrofotografo.com\\\/blog\\\/#\\\/schema\\\/person\\\/f2df3dbaf3422e563228db874428292d\"},\"image\":{\"@id\":\"https:\\\/\\\/www.carloscastrofotografo.com\\\/blog\\\/dji-osmo-360-camara-360\\\/#primaryimage\"},\"thumbnailUrl\":\"https:\\\/\\\/www.carloscastrofotografo.com\\\/blog\\\/wp-content\\\/uploads\\\/2025\\\/07\\\/osmo-360.webp\",\"keywords\":[\"c\u00e1mara 360\",\"c\u00e1maras 360 grados\",\"contenido inmersivo\",\"DJI\",\"DJI Osmo 360\",\"fotograf\u00eda 360\",\"Insta360 X5\",\"novedades DJI 2025\",\"realidad virtual\",\"v\u00eddeo 8K\"],\"articleSection\":[\"C\u00e1maras\",\"Equipo Audiovisual\",\"Noticias y Actualidad\"],\"inLanguage\":\"es\",\"potentialAction\":[{\"@type\":\"CommentAction\",\"name\":\"Comment\",\"target\":[\"https:\\\/\\\/www.carloscastrofotografo.com\\\/blog\\\/dji-osmo-360-camara-360\\\/#respond\"]}]},{\"@type\":\"WebPage\",\"@id\":\"https:\\\/\\\/www.carloscastrofotografo.com\\\/blog\\\/dji-osmo-360-camara-360\\\/\",\"url\":\"https:\\\/\\\/www.carloscastrofotografo.com\\\/blog\\\/dji-osmo-360-camara-360\\\/\",\"name\":\"DJI Osmo 360: todo lo que sabemos de la nueva c\u00e1mara 360\",\"isPartOf\":{\"@id\":\"https:\\\/\\\/www.carloscastrofotografo.com\\\/blog\\\/#website\"},\"primaryImageOfPage\":{\"@id\":\"https:\\\/\\\/www.carloscastrofotografo.com\\\/blog\\\/dji-osmo-360-camara-360\\\/#primaryimage\"},\"image\":{\"@id\":\"https:\\\/\\\/www.carloscastrofotografo.com\\\/blog\\\/dji-osmo-360-camara-360\\\/#primaryimage\"},\"thumbnailUrl\":\"https:\\\/\\\/www.carloscastrofotografo.com\\\/blog\\\/wp-content\\\/uploads\\\/2025\\\/07\\\/osmo-360.webp\",\"datePublished\":\"2025-07-24T13:05:44+00:00\",\"dateModified\":\"2025-08-02T08:12:44+00:00\",\"description\":\"DJI entra en la batalla de las c\u00e1maras 360 con la nueva Osmo 360. Con grabaci\u00f3n 8K, fotos de 120MP y 10 bits.\",\"breadcrumb\":{\"@id\":\"https:\\\/\\\/www.carloscastrofotografo.com\\\/blog\\\/dji-osmo-360-camara-360\\\/#breadcrumb\"},\"inLanguage\":\"es\",\"potentialAction\":[{\"@type\":\"ReadAction\",\"target\":[\"https:\\\/\\\/www.carloscastrofotografo.com\\\/blog\\\/dji-osmo-360-camara-360\\\/\"]}]},{\"@type\":\"ImageObject\",\"inLanguage\":\"es\",\"@id\":\"https:\\\/\\\/www.carloscastrofotografo.com\\\/blog\\\/dji-osmo-360-camara-360\\\/#primaryimage\",\"url\":\"https:\\\/\\\/www.carloscastrofotografo.com\\\/blog\\\/wp-content\\\/uploads\\\/2025\\\/07\\\/osmo-360.webp\",\"contentUrl\":\"https:\\\/\\\/www.carloscastrofotografo.com\\\/blog\\\/wp-content\\\/uploads\\\/2025\\\/07\\\/osmo-360.webp\",\"width\":1200,\"height\":675,\"caption\":\"dji osmo 360\"},{\"@type\":\"BreadcrumbList\",\"@id\":\"https:\\\/\\\/www.carloscastrofotografo.com\\\/blog\\\/dji-osmo-360-camara-360\\\/#breadcrumb\",\"itemListElement\":[{\"@type\":\"ListItem\",\"position\":1,\"name\":\"Portada\",\"item\":\"https:\\\/\\\/www.carloscastrofotografo.com\\\/blog\\\/\"},{\"@type\":\"ListItem\",\"position\":2,\"name\":\"DJI Osmo 360: la nueva c\u00e1mara 360 que amenaza el trono de Insta360\"}]},{\"@type\":\"WebSite\",\"@id\":\"https:\\\/\\\/www.carloscastrofotografo.com\\\/blog\\\/#website\",\"url\":\"https:\\\/\\\/www.carloscastrofotografo.com\\\/blog\\\/\",\"name\":\"Blog de Carlos Castro Fot\u00f3grafo\",\"description\":\"Todo sobre Fotograf\u00eda y V\u00eddeo, para apasionados de la imagen.\",\"publisher\":{\"@id\":\"https:\\\/\\\/www.carloscastrofotografo.com\\\/blog\\\/#\\\/schema\\\/person\\\/f2df3dbaf3422e563228db874428292d\"},\"potentialAction\":[{\"@type\":\"SearchAction\",\"target\":{\"@type\":\"EntryPoint\",\"urlTemplate\":\"https:\\\/\\\/www.carloscastrofotografo.com\\\/blog\\\/?s={search_term_string}\"},\"query-input\":{\"@type\":\"PropertyValueSpecification\",\"valueRequired\":true,\"valueName\":\"search_term_string\"}}],\"inLanguage\":\"es\"},{\"@type\":[\"Person\",\"Organization\"],\"@id\":\"https:\\\/\\\/www.carloscastrofotografo.com\\\/blog\\\/#\\\/schema\\\/person\\\/f2df3dbaf3422e563228db874428292d\",\"name\":\"Carlos Castro\",\"image\":{\"@type\":\"ImageObject\",\"inLanguage\":\"es\",\"@id\":\"https:\\\/\\\/secure.gravatar.com\\\/avatar\\\/dfdb382b872c007d17784b7cf24288a868cd90f2a34825da78d451a9ddbb4dfe?s=96&d=mm&r=g\",\"url\":\"https:\\\/\\\/secure.gravatar.com\\\/avatar\\\/dfdb382b872c007d17784b7cf24288a868cd90f2a34825da78d451a9ddbb4dfe?s=96&d=mm&r=g\",\"contentUrl\":\"https:\\\/\\\/secure.gravatar.com\\\/avatar\\\/dfdb382b872c007d17784b7cf24288a868cd90f2a34825da78d451a9ddbb4dfe?s=96&d=mm&r=g\",\"caption\":\"Carlos Castro\"},\"logo\":{\"@id\":\"https:\\\/\\\/secure.gravatar.com\\\/avatar\\\/dfdb382b872c007d17784b7cf24288a868cd90f2a34825da78d451a9ddbb4dfe?s=96&d=mm&r=g\"},\"description\":\"Fot\u00f3grafo, Videografo y apasionado de la tecnolog\u00eda. Cazador de tormentas y astrofot\u00f3grafo amateur.\",\"sameAs\":[\"https:\\\/\\\/www.carloscastrofotografo.com\",\"https:\\\/\\\/www.youtube.com\\\/carloscastrofotografo\"],\"url\":\"https:\\\/\\\/www.carloscastrofotografo.com\\\/blog\\\/author\\\/admin\\\/\"}]}<\/script>\n<!-- \/ Yoast SEO plugin. -->","yoast_head_json":{"title":"DJI Osmo 360: todo lo que sabemos de la nueva c\u00e1mara 360","description":"DJI entra en la batalla de las c\u00e1maras 360 con la nueva Osmo 360. Con grabaci\u00f3n 8K, fotos de 120MP y 10 bits.","robots":{"index":"index","follow":"follow","max-snippet":"max-snippet:-1","max-image-preview":"max-image-preview:large","max-video-preview":"max-video-preview:-1"},"canonical":"https:\/\/www.carloscastrofotografo.com\/blog\/dji-osmo-360-camara-360\/","og_locale":"es_ES","og_type":"article","og_title":"DJI Osmo 360: todo lo que sabemos de la nueva c\u00e1mara 360","og_description":"DJI entra en la batalla de las c\u00e1maras 360 con la nueva Osmo 360. Con grabaci\u00f3n 8K, fotos de 120MP y 10 bits.","og_url":"https:\/\/www.carloscastrofotografo.com\/blog\/dji-osmo-360-camara-360\/","og_site_name":"Blog de Carlos Castro Fot\u00f3grafo","article_published_time":"2025-07-24T13:05:44+00:00","article_modified_time":"2025-08-02T08:12:44+00:00","og_image":[{"width":1200,"height":675,"url":"https:\/\/www.carloscastrofotografo.com\/blog\/wp-content\/uploads\/2025\/07\/osmo-360.webp","type":"image\/webp"}],"author":"Carlos Castro","twitter_card":"summary_large_image","twitter_misc":{"Escrito por":"Carlos Castro","Tiempo de lectura":"3 minutos"},"schema":{"@context":"https:\/\/schema.org","@graph":[{"@type":"Article","@id":"https:\/\/www.carloscastrofotografo.com\/blog\/dji-osmo-360-camara-360\/#article","isPartOf":{"@id":"https:\/\/www.carloscastrofotografo.com\/blog\/dji-osmo-360-camara-360\/"},"author":{"name":"Carlos Castro","@id":"https:\/\/www.carloscastrofotografo.com\/blog\/#\/schema\/person\/f2df3dbaf3422e563228db874428292d"},"headline":"DJI Osmo 360: la nueva c\u00e1mara 360 que amenaza el trono de Insta360","datePublished":"2025-07-24T13:05:44+00:00","dateModified":"2025-08-02T08:12:44+00:00","mainEntityOfPage":{"@id":"https:\/\/www.carloscastrofotografo.com\/blog\/dji-osmo-360-camara-360\/"},"wordCount":704,"commentCount":0,"publisher":{"@id":"https:\/\/www.carloscastrofotografo.com\/blog\/#\/schema\/person\/f2df3dbaf3422e563228db874428292d"},"image":{"@id":"https:\/\/www.carloscastrofotografo.com\/blog\/dji-osmo-360-camara-360\/#primaryimage"},"thumbnailUrl":"https:\/\/www.carloscastrofotografo.com\/blog\/wp-content\/uploads\/2025\/07\/osmo-360.webp","keywords":["c\u00e1mara 360","c\u00e1maras 360 grados","contenido inmersivo","DJI","DJI Osmo 360","fotograf\u00eda 360","Insta360 X5","novedades DJI 2025","realidad virtual","v\u00eddeo 8K"],"articleSection":["C\u00e1maras","Equipo Audiovisual","Noticias y Actualidad"],"inLanguage":"es","potentialAction":[{"@type":"CommentAction","name":"Comment","target":["https:\/\/www.carloscastrofotografo.com\/blog\/dji-osmo-360-camara-360\/#respond"]}]},{"@type":"WebPage","@id":"https:\/\/www.carloscastrofotografo.com\/blog\/dji-osmo-360-camara-360\/","url":"https:\/\/www.carloscastrofotografo.com\/blog\/dji-osmo-360-camara-360\/","name":"DJI Osmo 360: todo lo que sabemos de la nueva c\u00e1mara 360","isPartOf":{"@id":"https:\/\/www.carloscastrofotografo.com\/blog\/#website"},"primaryImageOfPage":{"@id":"https:\/\/www.carloscastrofotografo.com\/blog\/dji-osmo-360-camara-360\/#primaryimage"},"image":{"@id":"https:\/\/www.carloscastrofotografo.com\/blog\/dji-osmo-360-camara-360\/#primaryimage"},"thumbnailUrl":"https:\/\/www.carloscastrofotografo.com\/blog\/wp-content\/uploads\/2025\/07\/osmo-360.webp","datePublished":"2025-07-24T13:05:44+00:00","dateModified":"2025-08-02T08:12:44+00:00","description":"DJI entra en la batalla de las c\u00e1maras 360 con la nueva Osmo 360. Con grabaci\u00f3n 8K, fotos de 120MP y 10 bits.","breadcrumb":{"@id":"https:\/\/www.carloscastrofotografo.com\/blog\/dji-osmo-360-camara-360\/#breadcrumb"},"inLanguage":"es","potentialAction":[{"@type":"ReadAction","target":["https:\/\/www.carloscastrofotografo.com\/blog\/dji-osmo-360-camara-360\/"]}]},{"@type":"ImageObject","inLanguage":"es","@id":"https:\/\/www.carloscastrofotografo.com\/blog\/dji-osmo-360-camara-360\/#primaryimage","url":"https:\/\/www.carloscastrofotografo.com\/blog\/wp-content\/uploads\/2025\/07\/osmo-360.webp","contentUrl":"https:\/\/www.carloscastrofotografo.com\/blog\/wp-content\/uploads\/2025\/07\/osmo-360.webp","width":1200,"height":675,"caption":"dji osmo 360"},{"@type":"BreadcrumbList","@id":"https:\/\/www.carloscastrofotografo.com\/blog\/dji-osmo-360-camara-360\/#breadcrumb","itemListElement":[{"@type":"ListItem","position":1,"name":"Portada","item":"https:\/\/www.carloscastrofotografo.com\/blog\/"},{"@type":"ListItem","position":2,"name":"DJI Osmo 360: la nueva c\u00e1mara 360 que amenaza el trono de Insta360"}]},{"@type":"WebSite","@id":"https:\/\/www.carloscastrofotografo.com\/blog\/#website","url":"https:\/\/www.carloscastrofotografo.com\/blog\/","name":"Blog de Carlos Castro Fot\u00f3grafo","description":"Todo sobre Fotograf\u00eda y V\u00eddeo, para apasionados de la imagen.","publisher":{"@id":"https:\/\/www.carloscastrofotografo.com\/blog\/#\/schema\/person\/f2df3dbaf3422e563228db874428292d"},"potentialAction":[{"@type":"SearchAction","target":{"@type":"EntryPoint","urlTemplate":"https:\/\/www.carloscastrofotografo.com\/blog\/?s={search_term_string}"},"query-input":{"@type":"PropertyValueSpecification","valueRequired":true,"valueName":"search_term_string"}}],"inLanguage":"es"},{"@type":["Person","Organization"],"@id":"https:\/\/www.carloscastrofotografo.com\/blog\/#\/schema\/person\/f2df3dbaf3422e563228db874428292d","name":"Carlos Castro","image":{"@type":"ImageObject","inLanguage":"es","@id":"https:\/\/secure.gravatar.com\/avatar\/dfdb382b872c007d17784b7cf24288a868cd90f2a34825da78d451a9ddbb4dfe?s=96&d=mm&r=g","url":"https:\/\/secure.gravatar.com\/avatar\/dfdb382b872c007d17784b7cf24288a868cd90f2a34825da78d451a9ddbb4dfe?s=96&d=mm&r=g","contentUrl":"https:\/\/secure.gravatar.com\/avatar\/dfdb382b872c007d17784b7cf24288a868cd90f2a34825da78d451a9ddbb4dfe?s=96&d=mm&r=g","caption":"Carlos Castro"},"logo":{"@id":"https:\/\/secure.gravatar.com\/avatar\/dfdb382b872c007d17784b7cf24288a868cd90f2a34825da78d451a9ddbb4dfe?s=96&d=mm&r=g"},"description":"Fot\u00f3grafo, Videografo y apasionado de la tecnolog\u00eda. Cazador de tormentas y astrofot\u00f3grafo amateur.","sameAs":["https:\/\/www.carloscastrofotografo.com","https:\/\/www.youtube.com\/carloscastrofotografo"],"url":"https:\/\/www.carloscastrofotografo.com\/blog\/author\/admin\/"}]}},"_links":{"self":[{"href":"https:\/\/www.carloscastrofotografo.com\/blog\/wp-json\/wp\/v2\/posts\/954","targetHints":{"allow":["GET"]}}],"collection":[{"href":"https:\/\/www.carloscastrofotografo.com\/blog\/wp-json\/wp\/v2\/posts"}],"about":[{"href":"https:\/\/www.carloscastrofotografo.com\/blog\/wp-json\/wp\/v2\/types\/post"}],"author":[{"embeddable":true,"href":"https:\/\/www.carloscastrofotografo.com\/blog\/wp-json\/wp\/v2\/users\/1"}],"replies":[{"embeddable":true,"href":"https:\/\/www.carloscastrofotografo.com\/blog\/wp-json\/wp\/v2\/comments?post=954"}],"version-history":[{"count":2,"href":"https:\/\/www.carloscastrofotografo.com\/blog\/wp-json\/wp\/v2\/posts\/954\/revisions"}],"predecessor-version":[{"id":976,"href":"https:\/\/www.carloscastrofotografo.com\/blog\/wp-json\/wp\/v2\/posts\/954\/revisions\/976"}],"wp:featuredmedia":[{"embeddable":true,"href":"https:\/\/www.carloscastrofotografo.com\/blog\/wp-json\/wp\/v2\/media\/956"}],"wp:attachment":[{"href":"https:\/\/www.carloscastrofotografo.com\/blog\/wp-json\/wp\/v2\/media?parent=954"}],"wp:term":[{"taxonomy":"category","embeddable":true,"href":"https:\/\/www.carloscastrofotografo.com\/blog\/wp-json\/wp\/v2\/categories?post=954"},{"taxonomy":"post_tag","embeddable":true,"href":"https:\/\/www.carloscastrofotografo.com\/blog\/wp-json\/wp\/v2\/tags?post=954"}],"curies":[{"name":"wp","href":"https:\/\/api.w.org\/{rel}","templated":true}]}}