{"id":926,"date":"2025-07-16T12:17:27","date_gmt":"2025-07-16T10:17:27","guid":{"rendered":"https:\/\/www.carloscastrofotografo.com\/blog\/?p=926"},"modified":"2025-07-16T12:17:27","modified_gmt":"2025-07-16T10:17:27","slug":"viaje-fotografico-ordesa-anisclo-pineta","status":"publish","type":"post","link":"https:\/\/www.carloscastrofotografo.com\/blog\/viaje-fotografico-ordesa-anisclo-pineta\/","title":{"rendered":"Entre ca\u00f1ones y valles: Fotografiando el alma del Pirineo \u2013 Cap\u00edtulo 4 del viaje fotogr\u00e1fico por Espa\u00f1a"},"content":{"rendered":"\n<p>En este cuarto cap\u00edtulo de mi viaje fotogr\u00e1fico por Espa\u00f1a, me adentro de lleno en el coraz\u00f3n del Pirineo aragon\u00e9s. Partiendo desde Torla-Ordesa, uno de los pueblos m\u00e1s encantadores de la zona, me embarco en una jornada repleta de paisajes sobrecogedores, senderos de monta\u00f1a, miradores infinitos y valles que parecen sacados de otro mundo.<\/p>\n\n\n\n<figure class=\"wp-block-embed aligncenter is-type-video is-provider-youtube wp-block-embed-youtube wp-embed-aspect-16-9 wp-has-aspect-ratio\"><div class=\"wp-block-embed__wrapper\">\n<iframe loading=\"lazy\" title=\"Ordesa, A\u00f1isclo y Pineta: paisajes \u00e9picos del Pirineo \u2013 Cap\u00edtulo 4 del viaje fotogr\u00e1fico por Espa\u00f1a\" width=\"696\" height=\"392\" src=\"https:\/\/www.youtube.com\/embed\/UB11jX9PP7Y?feature=oembed\" frameborder=\"0\" allow=\"accelerometer; autoplay; clipboard-write; encrypted-media; gyroscope; picture-in-picture; web-share\" referrerpolicy=\"strict-origin-when-cross-origin\" allowfullscreen><\/iframe>\n<\/div><\/figure>\n\n\n\n<h3 class=\"wp-block-heading\"><strong>Subida a la pradera de Ordesa<\/strong><\/h3>\n\n\n\n<p>La aventura comienza con la subida en autob\u00fas a la&nbsp;<strong>Pradera de Ordesa<\/strong>, uno de los rincones m\u00e1s famosos del Parque Nacional de Ordesa y Monte Perdido. Desde all\u00ed, realizo un peque\u00f1o sendero entre hayas, cascadas y paredes de roca colosales. Aunque tuve que acortar el camino por molestias f\u00edsicas, la experiencia fue igual de enriquecedora. Esta parte del Pirineo tiene una luz especial y es perfecta para capturar la&nbsp;<strong>textura del paisaje, los contrastes del bosque y el dinamismo del agua<\/strong>&nbsp;en largas exposiciones.<\/p>\n\n\n\n<h3 class=\"wp-block-heading\"><strong>Mirador del Ca\u00f1\u00f3n de A\u00f1isclo<\/strong><\/h3>\n\n\n\n<p>Tras descender de Ordesa, el viaje contin\u00faa hacia uno de los puntos m\u00e1s sorprendentes del d\u00eda: el&nbsp;<strong>mirador del ca\u00f1\u00f3n de A\u00f1isclo<\/strong>. Un lugar accesible en coche y con unas vistas vertiginosas que muestran la magnitud del paisaje. Aqu\u00ed aprovech\u00e9 para grabar planos con drone y tomar panor\u00e1micas que capturan la grandeza de este profundo ca\u00f1\u00f3n esculpido por el r\u00edo Bell\u00f3s.<\/p>\n\n\n\n<h3 class=\"wp-block-heading\"><strong>Valle de Pineta: pura postal alpina<\/strong><\/h3>\n\n\n\n<p>La tercera gran parada del d\u00eda fue el&nbsp;<strong>Valle de Pineta<\/strong>, uno de mis sitios favoritos de todo el viaje. Con su lago, sus bosques cerrados, sus praderas abiertas y las imponentes paredes de los Montes Malditos como tel\u00f3n de fondo, este valle es un para\u00edso para cualquier amante del paisaje. La luz del atardecer ba\u00f1a el lugar con tonos dorados que potencian la atm\u00f3sfera m\u00e1gica de este rinc\u00f3n pirenaico.<\/p>\n\n\n\n<h3 class=\"wp-block-heading\"><strong>Fin de jornada en Bielsa<\/strong><\/h3>\n\n\n\n<p>Finalmente, tras un d\u00eda repleto de contrastes y emociones, llego a&nbsp;<strong>Bielsa<\/strong>, un pueblo perfecto para descansar y reponer fuerzas. Las vistas desde all\u00ed hacia el valle son un broche perfecto para cerrar esta jornada tan intensa y visualmente poderosa.<\/p>\n\n\n\n<p>\ud83c\udfac Puedes ver el cap\u00edtulo completo aqu\u00ed:<\/p>\n\n\n\n<p>\ud83d\udcfa&nbsp;<a href=\"https:\/\/youtu.be\/UB11jX9PP7Y\">Cap\u00edtulo 4 del viaje fotogr\u00e1fico por Espa\u00f1a en YouTube<\/a><\/p>\n","protected":false},"excerpt":{"rendered":"<p>En este cuarto cap\u00edtulo de mi viaje fotogr\u00e1fico por Espa\u00f1a, me adentro de lleno en el coraz\u00f3n del Pirineo aragon\u00e9s. Partiendo desde Torla-Ordesa, uno de los pueblos m\u00e1s encantadores de la zona, me embarco en una jornada repleta de paisajes sobrecogedores, senderos de monta\u00f1a, miradores infinitos y valles que parecen sacados de otro mundo. Subida [&hellip;]<\/p>\n","protected":false},"author":1,"featured_media":927,"comment_status":"open","ping_status":"open","sticky":false,"template":"","format":"standard","meta":{"footnotes":""},"categories":[15],"tags":[849,853,623,531,850,851,843,855,854,852,722,835],"class_list":{"0":"post-926","1":"post","2":"type-post","3":"status-publish","4":"format-standard","5":"has-post-thumbnail","7":"category-viajes-foto","8":"tag-anisclo","9":"tag-bielsa","10":"tag-carlos-castro-fotografo","11":"tag-fotografia-de-paisaje","12":"tag-ordesa","13":"tag-parque-nacional-de-ordesa","14":"tag-pirineo-aragones","15":"tag-pradera-de-ordesa","16":"tag-senderismo-fotografico","17":"tag-valle-de-pineta","18":"tag-viaje-fotografico","19":"tag-vlog-de-fotografia"},"yoast_head":"<!-- This site is optimized with the Yoast SEO plugin v27.4 - https:\/\/yoast.com\/product\/yoast-seo-wordpress\/ -->\n<title>Entre ca\u00f1ones y valles: Cap\u00edtulo 4 del viaje fotogr\u00e1fico por Ordesa<\/title>\n<meta name=\"description\" content=\"Recorro la pradera de Ordesa, el ca\u00f1\u00f3n de A\u00f1isclo y el valle de Pineta. Descubre estos paisajes con im\u00e1genes, rutas y consejos.\" \/>\n<meta name=\"robots\" content=\"index, follow, max-snippet:-1, max-image-preview:large, max-video-preview:-1\" \/>\n<link rel=\"canonical\" href=\"https:\/\/www.carloscastrofotografo.com\/blog\/viaje-fotografico-ordesa-anisclo-pineta\/\" \/>\n<meta property=\"og:locale\" content=\"es_ES\" \/>\n<meta property=\"og:type\" content=\"article\" \/>\n<meta property=\"og:title\" content=\"Entre ca\u00f1ones y valles: Cap\u00edtulo 4 del viaje fotogr\u00e1fico por Ordesa\" \/>\n<meta property=\"og:description\" content=\"Recorro la pradera de Ordesa, el ca\u00f1\u00f3n de A\u00f1isclo y el valle de Pineta. Descubre estos paisajes con im\u00e1genes, rutas y consejos.\" \/>\n<meta property=\"og:url\" content=\"https:\/\/www.carloscastrofotografo.com\/blog\/viaje-fotografico-ordesa-anisclo-pineta\/\" \/>\n<meta property=\"og:site_name\" content=\"Blog de Carlos Castro Fot\u00f3grafo\" \/>\n<meta property=\"article:published_time\" content=\"2025-07-16T10:17:27+00:00\" \/>\n<meta property=\"og:image\" content=\"https:\/\/www.carloscastrofotografo.com\/blog\/wp-content\/uploads\/2025\/07\/ordesa-scaled.jpeg\" \/>\n\t<meta property=\"og:image:width\" content=\"2560\" \/>\n\t<meta property=\"og:image:height\" content=\"1625\" \/>\n\t<meta property=\"og:image:type\" content=\"image\/jpeg\" \/>\n<meta name=\"author\" content=\"Carlos Castro\" \/>\n<meta name=\"twitter:card\" content=\"summary_large_image\" \/>\n<meta name=\"twitter:label1\" content=\"Escrito por\" \/>\n\t<meta name=\"twitter:data1\" content=\"Carlos Castro\" \/>\n\t<meta name=\"twitter:label2\" content=\"Tiempo de lectura\" \/>\n\t<meta name=\"twitter:data2\" content=\"2 minutos\" \/>\n<script type=\"application\/ld+json\" class=\"yoast-schema-graph\">{\"@context\":\"https:\\\/\\\/schema.org\",\"@graph\":[{\"@type\":\"Article\",\"@id\":\"https:\\\/\\\/www.carloscastrofotografo.com\\\/blog\\\/viaje-fotografico-ordesa-anisclo-pineta\\\/#article\",\"isPartOf\":{\"@id\":\"https:\\\/\\\/www.carloscastrofotografo.com\\\/blog\\\/viaje-fotografico-ordesa-anisclo-pineta\\\/\"},\"author\":{\"name\":\"Carlos Castro\",\"@id\":\"https:\\\/\\\/www.carloscastrofotografo.com\\\/blog\\\/#\\\/schema\\\/person\\\/f2df3dbaf3422e563228db874428292d\"},\"headline\":\"Entre ca\u00f1ones y valles: Fotografiando el alma del Pirineo \u2013 Cap\u00edtulo 4 del viaje fotogr\u00e1fico por Espa\u00f1a\",\"datePublished\":\"2025-07-16T10:17:27+00:00\",\"mainEntityOfPage\":{\"@id\":\"https:\\\/\\\/www.carloscastrofotografo.com\\\/blog\\\/viaje-fotografico-ordesa-anisclo-pineta\\\/\"},\"wordCount\":416,\"commentCount\":0,\"publisher\":{\"@id\":\"https:\\\/\\\/www.carloscastrofotografo.com\\\/blog\\\/#\\\/schema\\\/person\\\/f2df3dbaf3422e563228db874428292d\"},\"image\":{\"@id\":\"https:\\\/\\\/www.carloscastrofotografo.com\\\/blog\\\/viaje-fotografico-ordesa-anisclo-pineta\\\/#primaryimage\"},\"thumbnailUrl\":\"https:\\\/\\\/www.carloscastrofotografo.com\\\/blog\\\/wp-content\\\/uploads\\\/2025\\\/07\\\/ordesa-scaled.jpeg\",\"keywords\":[\"A\u00f1isclo\",\"Bielsa\",\"carlos castro fot\u00f3grafo\",\"fotograf\u00eda de paisaje\",\"Ordesa\",\"Parque Nacional de Ordesa\",\"Pirineo Aragon\u00e9s\",\"pradera de Ordesa\",\"senderismo fotogr\u00e1fico\",\"Valle de Pineta\",\"viaje fotogr\u00e1fico\",\"vlog de fotograf\u00eda\"],\"articleSection\":[\"Viajes\"],\"inLanguage\":\"es\",\"potentialAction\":[{\"@type\":\"CommentAction\",\"name\":\"Comment\",\"target\":[\"https:\\\/\\\/www.carloscastrofotografo.com\\\/blog\\\/viaje-fotografico-ordesa-anisclo-pineta\\\/#respond\"]}]},{\"@type\":\"WebPage\",\"@id\":\"https:\\\/\\\/www.carloscastrofotografo.com\\\/blog\\\/viaje-fotografico-ordesa-anisclo-pineta\\\/\",\"url\":\"https:\\\/\\\/www.carloscastrofotografo.com\\\/blog\\\/viaje-fotografico-ordesa-anisclo-pineta\\\/\",\"name\":\"Entre ca\u00f1ones y valles: Cap\u00edtulo 4 del viaje fotogr\u00e1fico por Ordesa\",\"isPartOf\":{\"@id\":\"https:\\\/\\\/www.carloscastrofotografo.com\\\/blog\\\/#website\"},\"primaryImageOfPage\":{\"@id\":\"https:\\\/\\\/www.carloscastrofotografo.com\\\/blog\\\/viaje-fotografico-ordesa-anisclo-pineta\\\/#primaryimage\"},\"image\":{\"@id\":\"https:\\\/\\\/www.carloscastrofotografo.com\\\/blog\\\/viaje-fotografico-ordesa-anisclo-pineta\\\/#primaryimage\"},\"thumbnailUrl\":\"https:\\\/\\\/www.carloscastrofotografo.com\\\/blog\\\/wp-content\\\/uploads\\\/2025\\\/07\\\/ordesa-scaled.jpeg\",\"datePublished\":\"2025-07-16T10:17:27+00:00\",\"description\":\"Recorro la pradera de Ordesa, el ca\u00f1\u00f3n de A\u00f1isclo y el valle de Pineta. Descubre estos paisajes con im\u00e1genes, rutas y consejos.\",\"breadcrumb\":{\"@id\":\"https:\\\/\\\/www.carloscastrofotografo.com\\\/blog\\\/viaje-fotografico-ordesa-anisclo-pineta\\\/#breadcrumb\"},\"inLanguage\":\"es\",\"potentialAction\":[{\"@type\":\"ReadAction\",\"target\":[\"https:\\\/\\\/www.carloscastrofotografo.com\\\/blog\\\/viaje-fotografico-ordesa-anisclo-pineta\\\/\"]}]},{\"@type\":\"ImageObject\",\"inLanguage\":\"es\",\"@id\":\"https:\\\/\\\/www.carloscastrofotografo.com\\\/blog\\\/viaje-fotografico-ordesa-anisclo-pineta\\\/#primaryimage\",\"url\":\"https:\\\/\\\/www.carloscastrofotografo.com\\\/blog\\\/wp-content\\\/uploads\\\/2025\\\/07\\\/ordesa-scaled.jpeg\",\"contentUrl\":\"https:\\\/\\\/www.carloscastrofotografo.com\\\/blog\\\/wp-content\\\/uploads\\\/2025\\\/07\\\/ordesa-scaled.jpeg\",\"width\":2560,\"height\":1625,\"caption\":\"ordesa a\u00f1isclo y pineta\"},{\"@type\":\"BreadcrumbList\",\"@id\":\"https:\\\/\\\/www.carloscastrofotografo.com\\\/blog\\\/viaje-fotografico-ordesa-anisclo-pineta\\\/#breadcrumb\",\"itemListElement\":[{\"@type\":\"ListItem\",\"position\":1,\"name\":\"Portada\",\"item\":\"https:\\\/\\\/www.carloscastrofotografo.com\\\/blog\\\/\"},{\"@type\":\"ListItem\",\"position\":2,\"name\":\"Entre ca\u00f1ones y valles: Fotografiando el alma del Pirineo \u2013 Cap\u00edtulo 4 del viaje fotogr\u00e1fico por Espa\u00f1a\"}]},{\"@type\":\"WebSite\",\"@id\":\"https:\\\/\\\/www.carloscastrofotografo.com\\\/blog\\\/#website\",\"url\":\"https:\\\/\\\/www.carloscastrofotografo.com\\\/blog\\\/\",\"name\":\"Blog de Carlos Castro Fot\u00f3grafo\",\"description\":\"Todo sobre Fotograf\u00eda y V\u00eddeo, para apasionados de la imagen.\",\"publisher\":{\"@id\":\"https:\\\/\\\/www.carloscastrofotografo.com\\\/blog\\\/#\\\/schema\\\/person\\\/f2df3dbaf3422e563228db874428292d\"},\"potentialAction\":[{\"@type\":\"SearchAction\",\"target\":{\"@type\":\"EntryPoint\",\"urlTemplate\":\"https:\\\/\\\/www.carloscastrofotografo.com\\\/blog\\\/?s={search_term_string}\"},\"query-input\":{\"@type\":\"PropertyValueSpecification\",\"valueRequired\":true,\"valueName\":\"search_term_string\"}}],\"inLanguage\":\"es\"},{\"@type\":[\"Person\",\"Organization\"],\"@id\":\"https:\\\/\\\/www.carloscastrofotografo.com\\\/blog\\\/#\\\/schema\\\/person\\\/f2df3dbaf3422e563228db874428292d\",\"name\":\"Carlos Castro\",\"image\":{\"@type\":\"ImageObject\",\"inLanguage\":\"es\",\"@id\":\"https:\\\/\\\/secure.gravatar.com\\\/avatar\\\/dfdb382b872c007d17784b7cf24288a868cd90f2a34825da78d451a9ddbb4dfe?s=96&d=mm&r=g\",\"url\":\"https:\\\/\\\/secure.gravatar.com\\\/avatar\\\/dfdb382b872c007d17784b7cf24288a868cd90f2a34825da78d451a9ddbb4dfe?s=96&d=mm&r=g\",\"contentUrl\":\"https:\\\/\\\/secure.gravatar.com\\\/avatar\\\/dfdb382b872c007d17784b7cf24288a868cd90f2a34825da78d451a9ddbb4dfe?s=96&d=mm&r=g\",\"caption\":\"Carlos Castro\"},\"logo\":{\"@id\":\"https:\\\/\\\/secure.gravatar.com\\\/avatar\\\/dfdb382b872c007d17784b7cf24288a868cd90f2a34825da78d451a9ddbb4dfe?s=96&d=mm&r=g\"},\"description\":\"Fot\u00f3grafo, Videografo y apasionado de la tecnolog\u00eda. Cazador de tormentas y astrofot\u00f3grafo amateur.\",\"sameAs\":[\"https:\\\/\\\/www.carloscastrofotografo.com\",\"https:\\\/\\\/www.youtube.com\\\/carloscastrofotografo\"],\"url\":\"https:\\\/\\\/www.carloscastrofotografo.com\\\/blog\\\/author\\\/admin\\\/\"}]}<\/script>\n<!-- \/ Yoast SEO plugin. -->","yoast_head_json":{"title":"Entre ca\u00f1ones y valles: Cap\u00edtulo 4 del viaje fotogr\u00e1fico por Ordesa","description":"Recorro la pradera de Ordesa, el ca\u00f1\u00f3n de A\u00f1isclo y el valle de Pineta. Descubre estos paisajes con im\u00e1genes, rutas y consejos.","robots":{"index":"index","follow":"follow","max-snippet":"max-snippet:-1","max-image-preview":"max-image-preview:large","max-video-preview":"max-video-preview:-1"},"canonical":"https:\/\/www.carloscastrofotografo.com\/blog\/viaje-fotografico-ordesa-anisclo-pineta\/","og_locale":"es_ES","og_type":"article","og_title":"Entre ca\u00f1ones y valles: Cap\u00edtulo 4 del viaje fotogr\u00e1fico por Ordesa","og_description":"Recorro la pradera de Ordesa, el ca\u00f1\u00f3n de A\u00f1isclo y el valle de Pineta. Descubre estos paisajes con im\u00e1genes, rutas y consejos.","og_url":"https:\/\/www.carloscastrofotografo.com\/blog\/viaje-fotografico-ordesa-anisclo-pineta\/","og_site_name":"Blog de Carlos Castro Fot\u00f3grafo","article_published_time":"2025-07-16T10:17:27+00:00","og_image":[{"width":2560,"height":1625,"url":"https:\/\/www.carloscastrofotografo.com\/blog\/wp-content\/uploads\/2025\/07\/ordesa-scaled.jpeg","type":"image\/jpeg"}],"author":"Carlos Castro","twitter_card":"summary_large_image","twitter_misc":{"Escrito por":"Carlos Castro","Tiempo de lectura":"2 minutos"},"schema":{"@context":"https:\/\/schema.org","@graph":[{"@type":"Article","@id":"https:\/\/www.carloscastrofotografo.com\/blog\/viaje-fotografico-ordesa-anisclo-pineta\/#article","isPartOf":{"@id":"https:\/\/www.carloscastrofotografo.com\/blog\/viaje-fotografico-ordesa-anisclo-pineta\/"},"author":{"name":"Carlos Castro","@id":"https:\/\/www.carloscastrofotografo.com\/blog\/#\/schema\/person\/f2df3dbaf3422e563228db874428292d"},"headline":"Entre ca\u00f1ones y valles: Fotografiando el alma del Pirineo \u2013 Cap\u00edtulo 4 del viaje fotogr\u00e1fico por Espa\u00f1a","datePublished":"2025-07-16T10:17:27+00:00","mainEntityOfPage":{"@id":"https:\/\/www.carloscastrofotografo.com\/blog\/viaje-fotografico-ordesa-anisclo-pineta\/"},"wordCount":416,"commentCount":0,"publisher":{"@id":"https:\/\/www.carloscastrofotografo.com\/blog\/#\/schema\/person\/f2df3dbaf3422e563228db874428292d"},"image":{"@id":"https:\/\/www.carloscastrofotografo.com\/blog\/viaje-fotografico-ordesa-anisclo-pineta\/#primaryimage"},"thumbnailUrl":"https:\/\/www.carloscastrofotografo.com\/blog\/wp-content\/uploads\/2025\/07\/ordesa-scaled.jpeg","keywords":["A\u00f1isclo","Bielsa","carlos castro fot\u00f3grafo","fotograf\u00eda de paisaje","Ordesa","Parque Nacional de Ordesa","Pirineo Aragon\u00e9s","pradera de Ordesa","senderismo fotogr\u00e1fico","Valle de Pineta","viaje fotogr\u00e1fico","vlog de fotograf\u00eda"],"articleSection":["Viajes"],"inLanguage":"es","potentialAction":[{"@type":"CommentAction","name":"Comment","target":["https:\/\/www.carloscastrofotografo.com\/blog\/viaje-fotografico-ordesa-anisclo-pineta\/#respond"]}]},{"@type":"WebPage","@id":"https:\/\/www.carloscastrofotografo.com\/blog\/viaje-fotografico-ordesa-anisclo-pineta\/","url":"https:\/\/www.carloscastrofotografo.com\/blog\/viaje-fotografico-ordesa-anisclo-pineta\/","name":"Entre ca\u00f1ones y valles: Cap\u00edtulo 4 del viaje fotogr\u00e1fico por Ordesa","isPartOf":{"@id":"https:\/\/www.carloscastrofotografo.com\/blog\/#website"},"primaryImageOfPage":{"@id":"https:\/\/www.carloscastrofotografo.com\/blog\/viaje-fotografico-ordesa-anisclo-pineta\/#primaryimage"},"image":{"@id":"https:\/\/www.carloscastrofotografo.com\/blog\/viaje-fotografico-ordesa-anisclo-pineta\/#primaryimage"},"thumbnailUrl":"https:\/\/www.carloscastrofotografo.com\/blog\/wp-content\/uploads\/2025\/07\/ordesa-scaled.jpeg","datePublished":"2025-07-16T10:17:27+00:00","description":"Recorro la pradera de Ordesa, el ca\u00f1\u00f3n de A\u00f1isclo y el valle de Pineta. Descubre estos paisajes con im\u00e1genes, rutas y consejos.","breadcrumb":{"@id":"https:\/\/www.carloscastrofotografo.com\/blog\/viaje-fotografico-ordesa-anisclo-pineta\/#breadcrumb"},"inLanguage":"es","potentialAction":[{"@type":"ReadAction","target":["https:\/\/www.carloscastrofotografo.com\/blog\/viaje-fotografico-ordesa-anisclo-pineta\/"]}]},{"@type":"ImageObject","inLanguage":"es","@id":"https:\/\/www.carloscastrofotografo.com\/blog\/viaje-fotografico-ordesa-anisclo-pineta\/#primaryimage","url":"https:\/\/www.carloscastrofotografo.com\/blog\/wp-content\/uploads\/2025\/07\/ordesa-scaled.jpeg","contentUrl":"https:\/\/www.carloscastrofotografo.com\/blog\/wp-content\/uploads\/2025\/07\/ordesa-scaled.jpeg","width":2560,"height":1625,"caption":"ordesa a\u00f1isclo y pineta"},{"@type":"BreadcrumbList","@id":"https:\/\/www.carloscastrofotografo.com\/blog\/viaje-fotografico-ordesa-anisclo-pineta\/#breadcrumb","itemListElement":[{"@type":"ListItem","position":1,"name":"Portada","item":"https:\/\/www.carloscastrofotografo.com\/blog\/"},{"@type":"ListItem","position":2,"name":"Entre ca\u00f1ones y valles: Fotografiando el alma del Pirineo \u2013 Cap\u00edtulo 4 del viaje fotogr\u00e1fico por Espa\u00f1a"}]},{"@type":"WebSite","@id":"https:\/\/www.carloscastrofotografo.com\/blog\/#website","url":"https:\/\/www.carloscastrofotografo.com\/blog\/","name":"Blog de Carlos Castro Fot\u00f3grafo","description":"Todo sobre Fotograf\u00eda y V\u00eddeo, para apasionados de la imagen.","publisher":{"@id":"https:\/\/www.carloscastrofotografo.com\/blog\/#\/schema\/person\/f2df3dbaf3422e563228db874428292d"},"potentialAction":[{"@type":"SearchAction","target":{"@type":"EntryPoint","urlTemplate":"https:\/\/www.carloscastrofotografo.com\/blog\/?s={search_term_string}"},"query-input":{"@type":"PropertyValueSpecification","valueRequired":true,"valueName":"search_term_string"}}],"inLanguage":"es"},{"@type":["Person","Organization"],"@id":"https:\/\/www.carloscastrofotografo.com\/blog\/#\/schema\/person\/f2df3dbaf3422e563228db874428292d","name":"Carlos Castro","image":{"@type":"ImageObject","inLanguage":"es","@id":"https:\/\/secure.gravatar.com\/avatar\/dfdb382b872c007d17784b7cf24288a868cd90f2a34825da78d451a9ddbb4dfe?s=96&d=mm&r=g","url":"https:\/\/secure.gravatar.com\/avatar\/dfdb382b872c007d17784b7cf24288a868cd90f2a34825da78d451a9ddbb4dfe?s=96&d=mm&r=g","contentUrl":"https:\/\/secure.gravatar.com\/avatar\/dfdb382b872c007d17784b7cf24288a868cd90f2a34825da78d451a9ddbb4dfe?s=96&d=mm&r=g","caption":"Carlos Castro"},"logo":{"@id":"https:\/\/secure.gravatar.com\/avatar\/dfdb382b872c007d17784b7cf24288a868cd90f2a34825da78d451a9ddbb4dfe?s=96&d=mm&r=g"},"description":"Fot\u00f3grafo, Videografo y apasionado de la tecnolog\u00eda. Cazador de tormentas y astrofot\u00f3grafo amateur.","sameAs":["https:\/\/www.carloscastrofotografo.com","https:\/\/www.youtube.com\/carloscastrofotografo"],"url":"https:\/\/www.carloscastrofotografo.com\/blog\/author\/admin\/"}]}},"_links":{"self":[{"href":"https:\/\/www.carloscastrofotografo.com\/blog\/wp-json\/wp\/v2\/posts\/926","targetHints":{"allow":["GET"]}}],"collection":[{"href":"https:\/\/www.carloscastrofotografo.com\/blog\/wp-json\/wp\/v2\/posts"}],"about":[{"href":"https:\/\/www.carloscastrofotografo.com\/blog\/wp-json\/wp\/v2\/types\/post"}],"author":[{"embeddable":true,"href":"https:\/\/www.carloscastrofotografo.com\/blog\/wp-json\/wp\/v2\/users\/1"}],"replies":[{"embeddable":true,"href":"https:\/\/www.carloscastrofotografo.com\/blog\/wp-json\/wp\/v2\/comments?post=926"}],"version-history":[{"count":1,"href":"https:\/\/www.carloscastrofotografo.com\/blog\/wp-json\/wp\/v2\/posts\/926\/revisions"}],"predecessor-version":[{"id":928,"href":"https:\/\/www.carloscastrofotografo.com\/blog\/wp-json\/wp\/v2\/posts\/926\/revisions\/928"}],"wp:featuredmedia":[{"embeddable":true,"href":"https:\/\/www.carloscastrofotografo.com\/blog\/wp-json\/wp\/v2\/media\/927"}],"wp:attachment":[{"href":"https:\/\/www.carloscastrofotografo.com\/blog\/wp-json\/wp\/v2\/media?parent=926"}],"wp:term":[{"taxonomy":"category","embeddable":true,"href":"https:\/\/www.carloscastrofotografo.com\/blog\/wp-json\/wp\/v2\/categories?post=926"},{"taxonomy":"post_tag","embeddable":true,"href":"https:\/\/www.carloscastrofotografo.com\/blog\/wp-json\/wp\/v2\/tags?post=926"}],"curies":[{"name":"wp","href":"https:\/\/api.w.org\/{rel}","templated":true}]}}