{"id":923,"date":"2025-07-11T08:44:55","date_gmt":"2025-07-11T06:44:55","guid":{"rendered":"https:\/\/www.carloscastrofotografo.com\/blog\/?p=923"},"modified":"2025-07-11T08:44:56","modified_gmt":"2025-07-11T06:44:56","slug":"viaje-fotografico-pirineo-capitulo-3","status":"publish","type":"post","link":"https:\/\/www.carloscastrofotografo.com\/blog\/viaje-fotografico-pirineo-capitulo-3\/","title":{"rendered":"\ud83d\udcf7 De los Mallos de Riglos a Torla-Ordesa: Fotografiando el coraz\u00f3n del Pirineo \u2013 Cap\u00edtulo 3 del viaje fotogr\u00e1fico por Espa\u00f1a"},"content":{"rendered":"\n<p>El tercer cap\u00edtulo de este apasionante viaje fotogr\u00e1fico por Espa\u00f1a nos lleva desde la majestuosidad de los&nbsp;<strong>Mallos de Riglos<\/strong>&nbsp;hasta la entrada al para\u00edso:&nbsp;<strong>Torla-Ordesa<\/strong>, puerta del Parque Nacional de Ordesa y Monte Perdido. Una jornada intensa, repleta de paisajes impresionantes, carreteras serpenteantes y lugares cargados de historia y fotogenia.<\/p>\n\n\n\n<figure class=\"wp-block-embed aligncenter is-type-video is-provider-youtube wp-block-embed-youtube wp-embed-aspect-16-9 wp-has-aspect-ratio\"><div class=\"wp-block-embed__wrapper\">\n<iframe loading=\"lazy\" title=\"Cruzando los Pirineos hasta Torla-Ordesa \u2013 Cap\u00edtulo 3 del viaje fotogr\u00e1fico por Espa\u00f1a\" width=\"696\" height=\"392\" src=\"https:\/\/www.youtube.com\/embed\/3vFZuuEK7Gs?feature=oembed\" frameborder=\"0\" allow=\"accelerometer; autoplay; clipboard-write; encrypted-media; gyroscope; picture-in-picture; web-share\" referrerpolicy=\"strict-origin-when-cross-origin\" allowfullscreen><\/iframe>\n<\/div><\/figure>\n\n\n\n<h2 class=\"wp-block-heading\"><strong>\ud83d\udccd Salida: Despedida de los Mallos de Riglos<\/strong><\/h2>\n\n\n\n<p>Despu\u00e9s de una noche m\u00e1gica junto a las formaciones rocosas de Riglos, arranco el d\u00eda con energ\u00eda. Es imposible no girar la vista atr\u00e1s una \u00faltima vez para contemplar esas moles de piedra que parecen esculpidas por gigantes. La luz suave de la ma\u00f1ana ba\u00f1a las paredes verticales, dejando una estampa inolvidable.<\/p>\n\n\n\n<h2 class=\"wp-block-heading\"><strong>\ud83c\udff0 Primera parada: Monasterio de San Juan de la Pe\u00f1a<\/strong><\/h2>\n\n\n\n<p>Uno de los lugares m\u00e1s impresionantes de Arag\u00f3n, tanto por su historia como por su ubicaci\u00f3n. El&nbsp;<strong>Monasterio de San Juan de la Pe\u00f1a<\/strong>, parcialmente excavado bajo una enorme roca, es una joya escondida. No solo es un sitio con siglos de historia, sino que su entorno natural lo convierte en un escenario perfecto para jugar con luces, encuadres y texturas en las fotos.<\/p>\n\n\n\n<h2 class=\"wp-block-heading\"><strong>\ud83c\uddeb\ud83c\uddf7 Cruce a Francia: Urdos y sus paisajes<\/strong><\/h2>\n\n\n\n<p>El viaje contin\u00faa hacia el norte, cruzando la frontera por Somport. Ya en&nbsp;<strong>Urdos<\/strong>, el paisaje cambia. Las monta\u00f1as francesas me reciben con nubes bajas y una luz dram\u00e1tica ideal para fotograf\u00eda de monta\u00f1a. Aunque fue una parada r\u00e1pida, aprovech\u00e9 para sacar algunas fotos con aire cinematogr\u00e1fico.<\/p>\n\n\n\n<h2 class=\"wp-block-heading\"><strong>\ud83d\udee4\ufe0f Canfranc Estaci\u00f3n: Belleza monumental<\/strong><\/h2>\n\n\n\n<p>De regreso a Espa\u00f1a, no pod\u00eda faltar una visita a la ic\u00f3nica&nbsp;<strong>estaci\u00f3n internacional de Canfranc<\/strong>. Esta gigantesca y elegante estructura de principios del siglo XX es todo un tesoro arquitect\u00f3nico y visual. Cada rinc\u00f3n ofrece una oportunidad para capturar una imagen con historia.<\/p>\n\n\n\n<h2 class=\"wp-block-heading\"><strong>\ud83c\udfd4\ufe0f Llegada a Torla-Ordesa<\/strong><\/h2>\n\n\n\n<p>El d\u00eda termina con la llegada a&nbsp;<strong>Torla<\/strong>, uno de los pueblos m\u00e1s bonitos del Pirineo aragon\u00e9s. Aqu\u00ed se respira monta\u00f1a por todos lados, y la emoci\u00f3n crece sabiendo que al d\u00eda siguiente me espera la&nbsp;<strong>pradera de Ordesa<\/strong>&nbsp;y una de las rutas m\u00e1s espectaculares del pa\u00eds. Pero eso, claro, ser\u00e1 en el pr\u00f3ximo cap\u00edtulo\u2026<\/p>\n\n\n\n<h2 class=\"wp-block-heading\"><strong>\ud83c\udfa5 Mira el cap\u00edtulo completo en YouTube:<\/strong><\/h2>\n\n\n\n<blockquote class=\"wp-block-quote is-layout-flow wp-block-quote-is-layout-flow\">\n<h2 class=\"wp-block-heading alignwide\">\ud83d\udc49&nbsp;<a href=\"https:\/\/youtu.be\/3vFZuuEK7Gs\">Paisajes brutales camino a Torla-Ordesa \u2013 Cap\u00edtulo 3 del viaje fotogr\u00e1fico por Espa\u00f1a<\/a><\/h2>\n<\/blockquote>\n\n\n\n<h2 class=\"wp-block-heading\"><strong>\u2705 Conclusi\u00f3n<\/strong><\/h2>\n\n\n\n<p>Este cap\u00edtulo resume muy bien lo que me mueve como fot\u00f3grafo:&nbsp;<strong>explorar, observar y capturar lugares \u00fanicos<\/strong>mientras recorro carreteras secundarias sin prisa. Si est\u00e1s planeando una ruta por el Pirineo o simplemente quieres inspirarte visualmente, este episodio te va a encantar.<\/p>\n","protected":false},"excerpt":{"rendered":"<p>El tercer cap\u00edtulo de este apasionante viaje fotogr\u00e1fico por Espa\u00f1a nos lleva desde la majestuosidad de los&nbsp;Mallos de Riglos&nbsp;hasta la entrada al para\u00edso:&nbsp;Torla-Ordesa, puerta del Parque Nacional de Ordesa y Monte Perdido. Una jornada intensa, repleta de paisajes impresionantes, carreteras serpenteantes y lugares cargados de historia y fotogenia. \ud83d\udccd Salida: Despedida de los Mallos de [&hellip;]<\/p>\n","protected":false},"author":1,"featured_media":924,"comment_status":"open","ping_status":"open","sticky":false,"template":"","format":"standard","meta":{"footnotes":""},"categories":[15],"tags":[842,158,846,531,97,833,845,505,843,825,848,844,722,835,847],"class_list":{"0":"post-923","1":"post","2":"type-post","3":"status-publish","4":"format-standard","5":"has-post-thumbnail","7":"category-viajes-foto","9":"tag-espana","10":"tag-fotografia-de-montana","11":"tag-fotografia-de-paisaje","12":"tag-fotografia-nocturna","13":"tag-mallos-de-riglos","14":"tag-naturaleza","15":"tag-paisajes","16":"tag-pirineo-aragones","17":"tag-ruta-fotografica","18":"tag-san-juan-de-la-pena","19":"tag-torla-ordesa","20":"tag-viaje-fotografico","21":"tag-vlog-de-fotografia","22":"tag-vlog-de-viajes"},"yoast_head":"<!-- This site is optimized with the Yoast SEO plugin v27.4 - https:\/\/yoast.com\/product\/yoast-seo-wordpress\/ -->\n<title>\ud83d\udcf7 De los Mallos de Riglos a Torla-Ordesa: Fotografiando el Pirineo<\/title>\n<meta name=\"description\" content=\"Recorremos los Mallos de Riglos, el Monasterio de San Juan de la Pe\u00f1a, Canfranc, Urdos y terminamos en Torla-Ordesa.\" \/>\n<meta name=\"robots\" content=\"index, follow, max-snippet:-1, max-image-preview:large, max-video-preview:-1\" \/>\n<link rel=\"canonical\" href=\"https:\/\/www.carloscastrofotografo.com\/blog\/viaje-fotografico-pirineo-capitulo-3\/\" \/>\n<meta property=\"og:locale\" content=\"es_ES\" \/>\n<meta property=\"og:type\" content=\"article\" \/>\n<meta property=\"og:title\" content=\"\ud83d\udcf7 De los Mallos de Riglos a Torla-Ordesa: Fotografiando el Pirineo\" \/>\n<meta property=\"og:description\" content=\"Recorremos los Mallos de Riglos, el Monasterio de San Juan de la Pe\u00f1a, Canfranc, Urdos y terminamos en Torla-Ordesa.\" \/>\n<meta property=\"og:url\" content=\"https:\/\/www.carloscastrofotografo.com\/blog\/viaje-fotografico-pirineo-capitulo-3\/\" \/>\n<meta property=\"og:site_name\" content=\"Blog de Carlos Castro Fot\u00f3grafo\" \/>\n<meta property=\"article:published_time\" content=\"2025-07-11T06:44:55+00:00\" \/>\n<meta property=\"article:modified_time\" content=\"2025-07-11T06:44:56+00:00\" \/>\n<meta property=\"og:image\" content=\"https:\/\/www.carloscastrofotografo.com\/blog\/wp-content\/uploads\/2025\/07\/DSC3309-scaled.jpeg\" \/>\n\t<meta property=\"og:image:width\" content=\"2560\" \/>\n\t<meta property=\"og:image:height\" content=\"1707\" \/>\n\t<meta property=\"og:image:type\" content=\"image\/jpeg\" \/>\n<meta name=\"author\" content=\"Carlos Castro\" \/>\n<meta name=\"twitter:card\" content=\"summary_large_image\" \/>\n<meta name=\"twitter:label1\" content=\"Escrito por\" \/>\n\t<meta name=\"twitter:data1\" content=\"Carlos Castro\" \/>\n\t<meta name=\"twitter:label2\" content=\"Tiempo de lectura\" \/>\n\t<meta name=\"twitter:data2\" content=\"3 minutos\" \/>\n<script type=\"application\/ld+json\" class=\"yoast-schema-graph\">{\"@context\":\"https:\\\/\\\/schema.org\",\"@graph\":[{\"@type\":\"Article\",\"@id\":\"https:\\\/\\\/www.carloscastrofotografo.com\\\/blog\\\/viaje-fotografico-pirineo-capitulo-3\\\/#article\",\"isPartOf\":{\"@id\":\"https:\\\/\\\/www.carloscastrofotografo.com\\\/blog\\\/viaje-fotografico-pirineo-capitulo-3\\\/\"},\"author\":{\"name\":\"Carlos Castro\",\"@id\":\"https:\\\/\\\/www.carloscastrofotografo.com\\\/blog\\\/#\\\/schema\\\/person\\\/f2df3dbaf3422e563228db874428292d\"},\"headline\":\"\ud83d\udcf7 De los Mallos de Riglos a Torla-Ordesa: Fotografiando el coraz\u00f3n del Pirineo \u2013 Cap\u00edtulo 3 del viaje fotogr\u00e1fico por Espa\u00f1a\",\"datePublished\":\"2025-07-11T06:44:55+00:00\",\"dateModified\":\"2025-07-11T06:44:56+00:00\",\"mainEntityOfPage\":{\"@id\":\"https:\\\/\\\/www.carloscastrofotografo.com\\\/blog\\\/viaje-fotografico-pirineo-capitulo-3\\\/\"},\"wordCount\":492,\"commentCount\":0,\"publisher\":{\"@id\":\"https:\\\/\\\/www.carloscastrofotografo.com\\\/blog\\\/#\\\/schema\\\/person\\\/f2df3dbaf3422e563228db874428292d\"},\"image\":{\"@id\":\"https:\\\/\\\/www.carloscastrofotografo.com\\\/blog\\\/viaje-fotografico-pirineo-capitulo-3\\\/#primaryimage\"},\"thumbnailUrl\":\"https:\\\/\\\/www.carloscastrofotografo.com\\\/blog\\\/wp-content\\\/uploads\\\/2025\\\/07\\\/DSC3309-scaled.jpeg\",\"keywords\":[\"Canfranc\",\"espa\u00f1a\",\"fotograf\u00eda de monta\u00f1a\",\"fotograf\u00eda de paisaje\",\"fotograf\u00eda nocturna\",\"mallos de riglos\",\"naturaleza\",\"paisajes\",\"Pirineo Aragon\u00e9s\",\"ruta fotogr\u00e1fica\",\"San Juan de la Pe\u00f1a\",\"Torla Ordesa\",\"viaje fotogr\u00e1fico\",\"vlog de fotograf\u00eda\",\"vlog de viajes\"],\"articleSection\":[\"Viajes\"],\"inLanguage\":\"es\",\"potentialAction\":[{\"@type\":\"CommentAction\",\"name\":\"Comment\",\"target\":[\"https:\\\/\\\/www.carloscastrofotografo.com\\\/blog\\\/viaje-fotografico-pirineo-capitulo-3\\\/#respond\"]}]},{\"@type\":\"WebPage\",\"@id\":\"https:\\\/\\\/www.carloscastrofotografo.com\\\/blog\\\/viaje-fotografico-pirineo-capitulo-3\\\/\",\"url\":\"https:\\\/\\\/www.carloscastrofotografo.com\\\/blog\\\/viaje-fotografico-pirineo-capitulo-3\\\/\",\"name\":\"\ud83d\udcf7 De los Mallos de Riglos a Torla-Ordesa: Fotografiando el Pirineo\",\"isPartOf\":{\"@id\":\"https:\\\/\\\/www.carloscastrofotografo.com\\\/blog\\\/#website\"},\"primaryImageOfPage\":{\"@id\":\"https:\\\/\\\/www.carloscastrofotografo.com\\\/blog\\\/viaje-fotografico-pirineo-capitulo-3\\\/#primaryimage\"},\"image\":{\"@id\":\"https:\\\/\\\/www.carloscastrofotografo.com\\\/blog\\\/viaje-fotografico-pirineo-capitulo-3\\\/#primaryimage\"},\"thumbnailUrl\":\"https:\\\/\\\/www.carloscastrofotografo.com\\\/blog\\\/wp-content\\\/uploads\\\/2025\\\/07\\\/DSC3309-scaled.jpeg\",\"datePublished\":\"2025-07-11T06:44:55+00:00\",\"dateModified\":\"2025-07-11T06:44:56+00:00\",\"description\":\"Recorremos los Mallos de Riglos, el Monasterio de San Juan de la Pe\u00f1a, Canfranc, Urdos y terminamos en Torla-Ordesa.\",\"breadcrumb\":{\"@id\":\"https:\\\/\\\/www.carloscastrofotografo.com\\\/blog\\\/viaje-fotografico-pirineo-capitulo-3\\\/#breadcrumb\"},\"inLanguage\":\"es\",\"potentialAction\":[{\"@type\":\"ReadAction\",\"target\":[\"https:\\\/\\\/www.carloscastrofotografo.com\\\/blog\\\/viaje-fotografico-pirineo-capitulo-3\\\/\"]}]},{\"@type\":\"ImageObject\",\"inLanguage\":\"es\",\"@id\":\"https:\\\/\\\/www.carloscastrofotografo.com\\\/blog\\\/viaje-fotografico-pirineo-capitulo-3\\\/#primaryimage\",\"url\":\"https:\\\/\\\/www.carloscastrofotografo.com\\\/blog\\\/wp-content\\\/uploads\\\/2025\\\/07\\\/DSC3309-scaled.jpeg\",\"contentUrl\":\"https:\\\/\\\/www.carloscastrofotografo.com\\\/blog\\\/wp-content\\\/uploads\\\/2025\\\/07\\\/DSC3309-scaled.jpeg\",\"width\":2560,\"height\":1707,\"caption\":\"viaje fotografico capitulo 3\"},{\"@type\":\"BreadcrumbList\",\"@id\":\"https:\\\/\\\/www.carloscastrofotografo.com\\\/blog\\\/viaje-fotografico-pirineo-capitulo-3\\\/#breadcrumb\",\"itemListElement\":[{\"@type\":\"ListItem\",\"position\":1,\"name\":\"Portada\",\"item\":\"https:\\\/\\\/www.carloscastrofotografo.com\\\/blog\\\/\"},{\"@type\":\"ListItem\",\"position\":2,\"name\":\"\ud83d\udcf7 De los Mallos de Riglos a Torla-Ordesa: Fotografiando el coraz\u00f3n del Pirineo \u2013 Cap\u00edtulo 3 del viaje fotogr\u00e1fico por Espa\u00f1a\"}]},{\"@type\":\"WebSite\",\"@id\":\"https:\\\/\\\/www.carloscastrofotografo.com\\\/blog\\\/#website\",\"url\":\"https:\\\/\\\/www.carloscastrofotografo.com\\\/blog\\\/\",\"name\":\"Blog de Carlos Castro Fot\u00f3grafo\",\"description\":\"Todo sobre Fotograf\u00eda y V\u00eddeo, para apasionados de la imagen.\",\"publisher\":{\"@id\":\"https:\\\/\\\/www.carloscastrofotografo.com\\\/blog\\\/#\\\/schema\\\/person\\\/f2df3dbaf3422e563228db874428292d\"},\"potentialAction\":[{\"@type\":\"SearchAction\",\"target\":{\"@type\":\"EntryPoint\",\"urlTemplate\":\"https:\\\/\\\/www.carloscastrofotografo.com\\\/blog\\\/?s={search_term_string}\"},\"query-input\":{\"@type\":\"PropertyValueSpecification\",\"valueRequired\":true,\"valueName\":\"search_term_string\"}}],\"inLanguage\":\"es\"},{\"@type\":[\"Person\",\"Organization\"],\"@id\":\"https:\\\/\\\/www.carloscastrofotografo.com\\\/blog\\\/#\\\/schema\\\/person\\\/f2df3dbaf3422e563228db874428292d\",\"name\":\"Carlos Castro\",\"image\":{\"@type\":\"ImageObject\",\"inLanguage\":\"es\",\"@id\":\"https:\\\/\\\/secure.gravatar.com\\\/avatar\\\/dfdb382b872c007d17784b7cf24288a868cd90f2a34825da78d451a9ddbb4dfe?s=96&d=mm&r=g\",\"url\":\"https:\\\/\\\/secure.gravatar.com\\\/avatar\\\/dfdb382b872c007d17784b7cf24288a868cd90f2a34825da78d451a9ddbb4dfe?s=96&d=mm&r=g\",\"contentUrl\":\"https:\\\/\\\/secure.gravatar.com\\\/avatar\\\/dfdb382b872c007d17784b7cf24288a868cd90f2a34825da78d451a9ddbb4dfe?s=96&d=mm&r=g\",\"caption\":\"Carlos Castro\"},\"logo\":{\"@id\":\"https:\\\/\\\/secure.gravatar.com\\\/avatar\\\/dfdb382b872c007d17784b7cf24288a868cd90f2a34825da78d451a9ddbb4dfe?s=96&d=mm&r=g\"},\"description\":\"Fot\u00f3grafo, Videografo y apasionado de la tecnolog\u00eda. Cazador de tormentas y astrofot\u00f3grafo amateur.\",\"sameAs\":[\"https:\\\/\\\/www.carloscastrofotografo.com\",\"https:\\\/\\\/www.youtube.com\\\/carloscastrofotografo\"],\"url\":\"https:\\\/\\\/www.carloscastrofotografo.com\\\/blog\\\/author\\\/admin\\\/\"}]}<\/script>\n<!-- \/ Yoast SEO plugin. -->","yoast_head_json":{"title":"\ud83d\udcf7 De los Mallos de Riglos a Torla-Ordesa: Fotografiando el Pirineo","description":"Recorremos los Mallos de Riglos, el Monasterio de San Juan de la Pe\u00f1a, Canfranc, Urdos y terminamos en Torla-Ordesa.","robots":{"index":"index","follow":"follow","max-snippet":"max-snippet:-1","max-image-preview":"max-image-preview:large","max-video-preview":"max-video-preview:-1"},"canonical":"https:\/\/www.carloscastrofotografo.com\/blog\/viaje-fotografico-pirineo-capitulo-3\/","og_locale":"es_ES","og_type":"article","og_title":"\ud83d\udcf7 De los Mallos de Riglos a Torla-Ordesa: Fotografiando el Pirineo","og_description":"Recorremos los Mallos de Riglos, el Monasterio de San Juan de la Pe\u00f1a, Canfranc, Urdos y terminamos en Torla-Ordesa.","og_url":"https:\/\/www.carloscastrofotografo.com\/blog\/viaje-fotografico-pirineo-capitulo-3\/","og_site_name":"Blog de Carlos Castro Fot\u00f3grafo","article_published_time":"2025-07-11T06:44:55+00:00","article_modified_time":"2025-07-11T06:44:56+00:00","og_image":[{"width":2560,"height":1707,"url":"https:\/\/www.carloscastrofotografo.com\/blog\/wp-content\/uploads\/2025\/07\/DSC3309-scaled.jpeg","type":"image\/jpeg"}],"author":"Carlos Castro","twitter_card":"summary_large_image","twitter_misc":{"Escrito por":"Carlos Castro","Tiempo de lectura":"3 minutos"},"schema":{"@context":"https:\/\/schema.org","@graph":[{"@type":"Article","@id":"https:\/\/www.carloscastrofotografo.com\/blog\/viaje-fotografico-pirineo-capitulo-3\/#article","isPartOf":{"@id":"https:\/\/www.carloscastrofotografo.com\/blog\/viaje-fotografico-pirineo-capitulo-3\/"},"author":{"name":"Carlos Castro","@id":"https:\/\/www.carloscastrofotografo.com\/blog\/#\/schema\/person\/f2df3dbaf3422e563228db874428292d"},"headline":"\ud83d\udcf7 De los Mallos de Riglos a Torla-Ordesa: Fotografiando el coraz\u00f3n del Pirineo \u2013 Cap\u00edtulo 3 del viaje fotogr\u00e1fico por Espa\u00f1a","datePublished":"2025-07-11T06:44:55+00:00","dateModified":"2025-07-11T06:44:56+00:00","mainEntityOfPage":{"@id":"https:\/\/www.carloscastrofotografo.com\/blog\/viaje-fotografico-pirineo-capitulo-3\/"},"wordCount":492,"commentCount":0,"publisher":{"@id":"https:\/\/www.carloscastrofotografo.com\/blog\/#\/schema\/person\/f2df3dbaf3422e563228db874428292d"},"image":{"@id":"https:\/\/www.carloscastrofotografo.com\/blog\/viaje-fotografico-pirineo-capitulo-3\/#primaryimage"},"thumbnailUrl":"https:\/\/www.carloscastrofotografo.com\/blog\/wp-content\/uploads\/2025\/07\/DSC3309-scaled.jpeg","keywords":["Canfranc","espa\u00f1a","fotograf\u00eda de monta\u00f1a","fotograf\u00eda de paisaje","fotograf\u00eda nocturna","mallos de riglos","naturaleza","paisajes","Pirineo Aragon\u00e9s","ruta fotogr\u00e1fica","San Juan de la Pe\u00f1a","Torla Ordesa","viaje fotogr\u00e1fico","vlog de fotograf\u00eda","vlog de viajes"],"articleSection":["Viajes"],"inLanguage":"es","potentialAction":[{"@type":"CommentAction","name":"Comment","target":["https:\/\/www.carloscastrofotografo.com\/blog\/viaje-fotografico-pirineo-capitulo-3\/#respond"]}]},{"@type":"WebPage","@id":"https:\/\/www.carloscastrofotografo.com\/blog\/viaje-fotografico-pirineo-capitulo-3\/","url":"https:\/\/www.carloscastrofotografo.com\/blog\/viaje-fotografico-pirineo-capitulo-3\/","name":"\ud83d\udcf7 De los Mallos de Riglos a Torla-Ordesa: Fotografiando el Pirineo","isPartOf":{"@id":"https:\/\/www.carloscastrofotografo.com\/blog\/#website"},"primaryImageOfPage":{"@id":"https:\/\/www.carloscastrofotografo.com\/blog\/viaje-fotografico-pirineo-capitulo-3\/#primaryimage"},"image":{"@id":"https:\/\/www.carloscastrofotografo.com\/blog\/viaje-fotografico-pirineo-capitulo-3\/#primaryimage"},"thumbnailUrl":"https:\/\/www.carloscastrofotografo.com\/blog\/wp-content\/uploads\/2025\/07\/DSC3309-scaled.jpeg","datePublished":"2025-07-11T06:44:55+00:00","dateModified":"2025-07-11T06:44:56+00:00","description":"Recorremos los Mallos de Riglos, el Monasterio de San Juan de la Pe\u00f1a, Canfranc, Urdos y terminamos en Torla-Ordesa.","breadcrumb":{"@id":"https:\/\/www.carloscastrofotografo.com\/blog\/viaje-fotografico-pirineo-capitulo-3\/#breadcrumb"},"inLanguage":"es","potentialAction":[{"@type":"ReadAction","target":["https:\/\/www.carloscastrofotografo.com\/blog\/viaje-fotografico-pirineo-capitulo-3\/"]}]},{"@type":"ImageObject","inLanguage":"es","@id":"https:\/\/www.carloscastrofotografo.com\/blog\/viaje-fotografico-pirineo-capitulo-3\/#primaryimage","url":"https:\/\/www.carloscastrofotografo.com\/blog\/wp-content\/uploads\/2025\/07\/DSC3309-scaled.jpeg","contentUrl":"https:\/\/www.carloscastrofotografo.com\/blog\/wp-content\/uploads\/2025\/07\/DSC3309-scaled.jpeg","width":2560,"height":1707,"caption":"viaje fotografico capitulo 3"},{"@type":"BreadcrumbList","@id":"https:\/\/www.carloscastrofotografo.com\/blog\/viaje-fotografico-pirineo-capitulo-3\/#breadcrumb","itemListElement":[{"@type":"ListItem","position":1,"name":"Portada","item":"https:\/\/www.carloscastrofotografo.com\/blog\/"},{"@type":"ListItem","position":2,"name":"\ud83d\udcf7 De los Mallos de Riglos a Torla-Ordesa: Fotografiando el coraz\u00f3n del Pirineo \u2013 Cap\u00edtulo 3 del viaje fotogr\u00e1fico por Espa\u00f1a"}]},{"@type":"WebSite","@id":"https:\/\/www.carloscastrofotografo.com\/blog\/#website","url":"https:\/\/www.carloscastrofotografo.com\/blog\/","name":"Blog de Carlos Castro Fot\u00f3grafo","description":"Todo sobre Fotograf\u00eda y V\u00eddeo, para apasionados de la imagen.","publisher":{"@id":"https:\/\/www.carloscastrofotografo.com\/blog\/#\/schema\/person\/f2df3dbaf3422e563228db874428292d"},"potentialAction":[{"@type":"SearchAction","target":{"@type":"EntryPoint","urlTemplate":"https:\/\/www.carloscastrofotografo.com\/blog\/?s={search_term_string}"},"query-input":{"@type":"PropertyValueSpecification","valueRequired":true,"valueName":"search_term_string"}}],"inLanguage":"es"},{"@type":["Person","Organization"],"@id":"https:\/\/www.carloscastrofotografo.com\/blog\/#\/schema\/person\/f2df3dbaf3422e563228db874428292d","name":"Carlos Castro","image":{"@type":"ImageObject","inLanguage":"es","@id":"https:\/\/secure.gravatar.com\/avatar\/dfdb382b872c007d17784b7cf24288a868cd90f2a34825da78d451a9ddbb4dfe?s=96&d=mm&r=g","url":"https:\/\/secure.gravatar.com\/avatar\/dfdb382b872c007d17784b7cf24288a868cd90f2a34825da78d451a9ddbb4dfe?s=96&d=mm&r=g","contentUrl":"https:\/\/secure.gravatar.com\/avatar\/dfdb382b872c007d17784b7cf24288a868cd90f2a34825da78d451a9ddbb4dfe?s=96&d=mm&r=g","caption":"Carlos Castro"},"logo":{"@id":"https:\/\/secure.gravatar.com\/avatar\/dfdb382b872c007d17784b7cf24288a868cd90f2a34825da78d451a9ddbb4dfe?s=96&d=mm&r=g"},"description":"Fot\u00f3grafo, Videografo y apasionado de la tecnolog\u00eda. Cazador de tormentas y astrofot\u00f3grafo amateur.","sameAs":["https:\/\/www.carloscastrofotografo.com","https:\/\/www.youtube.com\/carloscastrofotografo"],"url":"https:\/\/www.carloscastrofotografo.com\/blog\/author\/admin\/"}]}},"_links":{"self":[{"href":"https:\/\/www.carloscastrofotografo.com\/blog\/wp-json\/wp\/v2\/posts\/923","targetHints":{"allow":["GET"]}}],"collection":[{"href":"https:\/\/www.carloscastrofotografo.com\/blog\/wp-json\/wp\/v2\/posts"}],"about":[{"href":"https:\/\/www.carloscastrofotografo.com\/blog\/wp-json\/wp\/v2\/types\/post"}],"author":[{"embeddable":true,"href":"https:\/\/www.carloscastrofotografo.com\/blog\/wp-json\/wp\/v2\/users\/1"}],"replies":[{"embeddable":true,"href":"https:\/\/www.carloscastrofotografo.com\/blog\/wp-json\/wp\/v2\/comments?post=923"}],"version-history":[{"count":1,"href":"https:\/\/www.carloscastrofotografo.com\/blog\/wp-json\/wp\/v2\/posts\/923\/revisions"}],"predecessor-version":[{"id":925,"href":"https:\/\/www.carloscastrofotografo.com\/blog\/wp-json\/wp\/v2\/posts\/923\/revisions\/925"}],"wp:featuredmedia":[{"embeddable":true,"href":"https:\/\/www.carloscastrofotografo.com\/blog\/wp-json\/wp\/v2\/media\/924"}],"wp:attachment":[{"href":"https:\/\/www.carloscastrofotografo.com\/blog\/wp-json\/wp\/v2\/media?parent=923"}],"wp:term":[{"taxonomy":"category","embeddable":true,"href":"https:\/\/www.carloscastrofotografo.com\/blog\/wp-json\/wp\/v2\/categories?post=923"},{"taxonomy":"post_tag","embeddable":true,"href":"https:\/\/www.carloscastrofotografo.com\/blog\/wp-json\/wp\/v2\/tags?post=923"}],"curies":[{"name":"wp","href":"https:\/\/api.w.org\/{rel}","templated":true}]}}