{"id":919,"date":"2025-07-04T23:05:36","date_gmt":"2025-07-04T21:05:36","guid":{"rendered":"https:\/\/www.carloscastrofotografo.com\/blog\/?p=919"},"modified":"2025-07-04T23:05:37","modified_gmt":"2025-07-04T21:05:37","slug":"mallos-de-riglos-daroca-fotografia","status":"publish","type":"post","link":"https:\/\/www.carloscastrofotografo.com\/blog\/mallos-de-riglos-daroca-fotografia\/","title":{"rendered":"Cap\u00edtulo 2 \u2013 Paisajes \u00e9picos en Daroca y los Mallos de Riglos durante mi viaje fotogr\u00e1fico por Espa\u00f1a"},"content":{"rendered":"\n<p>Tras una noche m\u00e1gica fotografiando el&nbsp;<strong>Castillo de Zafra bajo las estrellas<\/strong>, amanec\u00ed en&nbsp;<strong>Molina de Arag\u00f3n<\/strong>, con las pilas cargadas y muchas ganas de seguir con esta aventura fotogr\u00e1fica por Espa\u00f1a. El objetivo del d\u00eda: llegar a los&nbsp;<strong>Mallos de Riglos<\/strong>, en Arag\u00f3n, uno de los parajes m\u00e1s impactantes del prepirineo. Pero como en todo buen viaje, lo interesante no solo est\u00e1 en el destino\u2026 tambi\u00e9n en el camino.<\/p>\n\n\n\n<figure class=\"wp-block-embed aligncenter is-type-video is-provider-youtube wp-block-embed-youtube wp-embed-aspect-16-9 wp-has-aspect-ratio\"><div class=\"wp-block-embed__wrapper\">\n<iframe loading=\"lazy\" title=\"Paisajes \u00e9picos rumbo a los Mallos de Riglos \u2013 Cap\u00edtulo 2 del viaje fotogr\u00e1fico por Espa\u00f1a\" width=\"696\" height=\"392\" src=\"https:\/\/www.youtube.com\/embed\/q4UfSmsrDy8?feature=oembed\" frameborder=\"0\" allow=\"accelerometer; autoplay; clipboard-write; encrypted-media; gyroscope; picture-in-picture; web-share\" referrerpolicy=\"strict-origin-when-cross-origin\" allowfullscreen><\/iframe>\n<\/div><\/figure>\n\n\n\n<h3 class=\"wp-block-heading\"><strong>\ud83c\udfd9\ufe0f Primera parada: Daroca, historia en cada esquina<\/strong><\/h3>\n\n\n\n<p>Durante el trayecto hacia los Mallos, decid\u00ed hacer una parada en&nbsp;<strong>Daroca<\/strong>, un pueblo que ya conoc\u00eda de o\u00eddas y que super\u00f3 mis expectativas. A nivel fotogr\u00e1fico, Daroca es un regalo:<\/p>\n\n\n\n<ul class=\"wp-block-list\">\n<li>Sus\u00a0<strong>murallas medievales<\/strong>, que a\u00fan rodean buena parte del casco hist\u00f3rico.<\/li>\n\n\n\n<li>Las\u00a0<strong>puertas fortificadas<\/strong>, como la Puerta Alta y la Puerta Baja.<\/li>\n\n\n\n<li>Las calles estrechas con fachadas de colores tierra y piedra.<\/li>\n<\/ul>\n\n\n\n<p>Si te gusta la&nbsp;<strong>fotograf\u00eda urbana con sabor hist\u00f3rico<\/strong>, Daroca es un lugar para explorar sin prisas, c\u00e1mara en mano y ojos bien abiertos. En este cap\u00edtulo del vlog muestro algunas tomas y os hablo de c\u00f3mo busco la luz en este tipo de localizaciones.<\/p>\n\n\n\n<h3 class=\"wp-block-heading\"><strong>\ud83d\ude97 Fotograf\u00eda de carretera y paisajes cambiantes<\/strong><\/h3>\n\n\n\n<p>Una de las cosas m\u00e1s especiales de este viaje est\u00e1 siendo la&nbsp;<strong>fotograf\u00eda de carretera<\/strong>. Muchas veces subestimamos lo que puede ofrecer el paisaje desde el coche. Por eso, en este episodio grab\u00e9 varios&nbsp;<strong>timelapses en movimiento<\/strong>, aprovechando los trayectos y mostrando c\u00f3mo va cambiando la luz, la vegetaci\u00f3n y la orograf\u00eda a medida que avanzamos.<\/p>\n\n\n\n<p>Adem\u00e1s, comparto en el v\u00eddeo algunas reflexiones que surgen en soledad, cuando uno va kil\u00f3metros y kil\u00f3metros conduciendo con la mente activa. Ese tipo de momentos no se ense\u00f1an mucho en los v\u00eddeos\u2026 pero creo que le dan alma a la serie.<\/p>\n\n\n\n<h3 class=\"wp-block-heading\"><strong>\u26f0\ufe0f Llegada a los Mallos de Riglos<\/strong><\/h3>\n\n\n\n<p>Llegar a los&nbsp;<strong>Mallos de Riglos<\/strong>&nbsp;al final del d\u00eda fue como un cl\u00edmax visual. Estas formaciones rocosas verticales, de m\u00e1s de 300 metros de altura, parecen esculpidas por titanes. El contraste entre el color rojizo de la piedra y el cielo azul del atardecer crea un espect\u00e1culo visual al que es dif\u00edcil resistirse como fot\u00f3grafo.<\/p>\n\n\n\n<p>Me detuve a hacer fotos desde varios \u00e1ngulos y tambi\u00e9n grab\u00e9 el entorno con calma. Fue una tarde tranquila, sin apenas gente, lo que me permiti\u00f3&nbsp;<strong>trabajar la composici\u00f3n con tiempo y disfrutar<\/strong>.<\/p>\n\n\n\n<h3 class=\"wp-block-heading\"><strong>\ud83c\udf0c Preparativos para fotografiar la V\u00eda L\u00e1ctea<\/strong><\/h3>\n\n\n\n<p>Despu\u00e9s del atardecer, decid\u00ed quedarme a&nbsp;<strong>fotografiar la V\u00eda L\u00e1ctea<\/strong>&nbsp;desde los alrededores de Riglos. El cielo all\u00ed es bastante oscuro, y aunque no es un lugar completamente libre de contaminaci\u00f3n lum\u00ednica, la silueta de los Mallos bajo las estrellas tiene una fuerza tremenda.<\/p>\n\n\n\n<p>En el v\u00eddeo muestro c\u00f3mo preparo el equipo, c\u00f3mo enfoco en la oscuridad, qu\u00e9 par\u00e1metros uso y algunos trucos para conseguir buenos resultados incluso sin una localizaci\u00f3n 100% oscura.<\/p>\n\n\n\n<h3 class=\"wp-block-heading\"><strong>\ud83c\udfac Todo esto lo puedes ver en el Cap\u00edtulo 2<\/strong><\/h3>\n\n\n\n<p>Si os apetece acompa\u00f1arme en esta etapa del viaje, pod\u00e9is ver el cap\u00edtulo completo aqu\u00ed:<\/p>\n\n\n\n<p>\ud83d\udcfa\u00a0<a href=\"https:\/\/www.youtube.com\/watch?v=q4UfSmsrDy8\"><strong>Paisajes \u00e9picos rumbo a los Mallos de Riglos \u2013 Cap\u00edtulo 2 del viaje fotogr\u00e1fico por Espa\u00f1a<\/strong><\/a><\/p>\n\n\n\n<h2 class=\"wp-block-heading\"><strong>\ud83e\udde0 Conclusiones del d\u00eda<\/strong><\/h2>\n\n\n\n<p>Este segundo d\u00eda fue una combinaci\u00f3n perfecta de&nbsp;<strong>fotograf\u00eda urbana, paisaje, carretera y cielo nocturno<\/strong>. Me ayud\u00f3 a conectar con el ritmo del viaje, a adaptarme a grabar y fotografiar a la vez y a valorar los momentos de soledad en carretera.<\/p>\n\n\n\n<p>Adem\u00e1s, fue un recordatorio de algo que todos los fot\u00f3grafos deber\u00edamos tener en cuenta:&nbsp;<strong>no siempre hay que correr a los lugares m\u00e1s famosos o alejados\u2026 a veces el camino y los pueblos intermedios guardan aut\u00e9nticas joyas<\/strong>.<\/p>\n","protected":false},"excerpt":{"rendered":"<p>Tras una noche m\u00e1gica fotografiando el&nbsp;Castillo de Zafra bajo las estrellas, amanec\u00ed en&nbsp;Molina de Arag\u00f3n, con las pilas cargadas y muchas ganas de seguir con esta aventura fotogr\u00e1fica por Espa\u00f1a. El objetivo del d\u00eda: llegar a los&nbsp;Mallos de Riglos, en Arag\u00f3n, uno de los parajes m\u00e1s impactantes del prepirineo. Pero como en todo buen viaje, [&hellip;]<\/p>\n","protected":false},"author":1,"featured_media":921,"comment_status":"open","ping_status":"open","sticky":false,"template":"","format":"standard","meta":{"footnotes":""},"categories":[15],"tags":[836,623,717,831,841,531,97,840,833,837,834,832,838,515,722,835,839],"class_list":{"0":"post-919","1":"post","2":"type-post","3":"status-publish","4":"format-standard","5":"has-post-thumbnail","7":"category-viajes-foto","8":"tag-blog-de-viajes","9":"tag-carlos-castro-fotografo","10":"tag-castillo-de-zafra","11":"tag-daroca","12":"tag-fotografia-carretera","13":"tag-fotografia-de-paisaje","14":"tag-fotografia-nocturna","15":"tag-fotografia-urbana","16":"tag-mallos-de-riglos","18":"tag-paisaje-natural-espana","20":"tag-roadtrip-espana","21":"tag-via-lactea","22":"tag-viaje-fotografico","24":"tag-vlog-espana"},"yoast_head":"<!-- This site is optimized with the Yoast SEO plugin v27.4 - https:\/\/yoast.com\/product\/yoast-seo-wordpress\/ -->\n<title>Fotografiando los Mallos de Riglos y Daroca \u2013 Cap\u00edtulo 2<\/title>\n<meta name=\"description\" content=\"Descubre c\u00f3mo fue mi experiencia fotografiando Daroca y los Mallos de Riglos durante el segundo d\u00eda del viaje fotogr\u00e1fico por Espa\u00f1a.\" \/>\n<meta name=\"robots\" content=\"index, follow, max-snippet:-1, max-image-preview:large, max-video-preview:-1\" \/>\n<link rel=\"canonical\" href=\"https:\/\/www.carloscastrofotografo.com\/blog\/mallos-de-riglos-daroca-fotografia\/\" \/>\n<meta property=\"og:locale\" content=\"es_ES\" \/>\n<meta property=\"og:type\" content=\"article\" \/>\n<meta property=\"og:title\" content=\"Fotografiando los Mallos de Riglos y Daroca \u2013 Cap\u00edtulo 2\" \/>\n<meta property=\"og:description\" content=\"Descubre c\u00f3mo fue mi experiencia fotografiando Daroca y los Mallos de Riglos durante el segundo d\u00eda del viaje fotogr\u00e1fico por Espa\u00f1a.\" \/>\n<meta property=\"og:url\" content=\"https:\/\/www.carloscastrofotografo.com\/blog\/mallos-de-riglos-daroca-fotografia\/\" \/>\n<meta property=\"og:site_name\" content=\"Blog de Carlos Castro Fot\u00f3grafo\" \/>\n<meta property=\"article:published_time\" content=\"2025-07-04T21:05:36+00:00\" \/>\n<meta property=\"article:modified_time\" content=\"2025-07-04T21:05:37+00:00\" \/>\n<meta property=\"og:image\" content=\"https:\/\/www.carloscastrofotografo.com\/blog\/wp-content\/uploads\/2025\/07\/DSC3194-Mejorado-NR-Editar.jpg\" \/>\n\t<meta property=\"og:image:width\" content=\"1350\" \/>\n\t<meta property=\"og:image:height\" content=\"1080\" \/>\n\t<meta property=\"og:image:type\" content=\"image\/jpeg\" \/>\n<meta name=\"author\" content=\"Carlos Castro\" \/>\n<meta name=\"twitter:card\" content=\"summary_large_image\" \/>\n<meta name=\"twitter:label1\" content=\"Escrito por\" \/>\n\t<meta name=\"twitter:data1\" content=\"Carlos Castro\" \/>\n\t<meta name=\"twitter:label2\" content=\"Tiempo de lectura\" \/>\n\t<meta name=\"twitter:data2\" content=\"3 minutos\" \/>\n<script type=\"application\/ld+json\" class=\"yoast-schema-graph\">{\"@context\":\"https:\\\/\\\/schema.org\",\"@graph\":[{\"@type\":\"Article\",\"@id\":\"https:\\\/\\\/www.carloscastrofotografo.com\\\/blog\\\/mallos-de-riglos-daroca-fotografia\\\/#article\",\"isPartOf\":{\"@id\":\"https:\\\/\\\/www.carloscastrofotografo.com\\\/blog\\\/mallos-de-riglos-daroca-fotografia\\\/\"},\"author\":{\"name\":\"Carlos Castro\",\"@id\":\"https:\\\/\\\/www.carloscastrofotografo.com\\\/blog\\\/#\\\/schema\\\/person\\\/f2df3dbaf3422e563228db874428292d\"},\"headline\":\"Cap\u00edtulo 2 \u2013 Paisajes \u00e9picos en Daroca y los Mallos de Riglos durante mi viaje fotogr\u00e1fico por Espa\u00f1a\",\"datePublished\":\"2025-07-04T21:05:36+00:00\",\"dateModified\":\"2025-07-04T21:05:37+00:00\",\"mainEntityOfPage\":{\"@id\":\"https:\\\/\\\/www.carloscastrofotografo.com\\\/blog\\\/mallos-de-riglos-daroca-fotografia\\\/\"},\"wordCount\":687,\"commentCount\":0,\"publisher\":{\"@id\":\"https:\\\/\\\/www.carloscastrofotografo.com\\\/blog\\\/#\\\/schema\\\/person\\\/f2df3dbaf3422e563228db874428292d\"},\"image\":{\"@id\":\"https:\\\/\\\/www.carloscastrofotografo.com\\\/blog\\\/mallos-de-riglos-daroca-fotografia\\\/#primaryimage\"},\"thumbnailUrl\":\"https:\\\/\\\/www.carloscastrofotografo.com\\\/blog\\\/wp-content\\\/uploads\\\/2025\\\/07\\\/DSC3194-Mejorado-NR-Editar.jpg\",\"keywords\":[\"blog de viajes\",\"carlos castro fot\u00f3grafo\",\"castillo de zafra\",\"daroca\",\"fotograf\u00eda carretera\",\"fotograf\u00eda de paisaje\",\"fotograf\u00eda nocturna\",\"fotograf\u00eda urbana\",\"mallos de riglos\",\"mallos riglos foto\",\"paisaje natural espa\u00f1a\",\"riglos\",\"roadtrip espa\u00f1a\",\"V\u00eda L\u00e1ctea\",\"viaje fotogr\u00e1fico\",\"vlog de fotograf\u00eda\",\"vlog espa\u00f1a\"],\"articleSection\":[\"Viajes\"],\"inLanguage\":\"es\",\"potentialAction\":[{\"@type\":\"CommentAction\",\"name\":\"Comment\",\"target\":[\"https:\\\/\\\/www.carloscastrofotografo.com\\\/blog\\\/mallos-de-riglos-daroca-fotografia\\\/#respond\"]}]},{\"@type\":\"WebPage\",\"@id\":\"https:\\\/\\\/www.carloscastrofotografo.com\\\/blog\\\/mallos-de-riglos-daroca-fotografia\\\/\",\"url\":\"https:\\\/\\\/www.carloscastrofotografo.com\\\/blog\\\/mallos-de-riglos-daroca-fotografia\\\/\",\"name\":\"Fotografiando los Mallos de Riglos y Daroca \u2013 Cap\u00edtulo 2\",\"isPartOf\":{\"@id\":\"https:\\\/\\\/www.carloscastrofotografo.com\\\/blog\\\/#website\"},\"primaryImageOfPage\":{\"@id\":\"https:\\\/\\\/www.carloscastrofotografo.com\\\/blog\\\/mallos-de-riglos-daroca-fotografia\\\/#primaryimage\"},\"image\":{\"@id\":\"https:\\\/\\\/www.carloscastrofotografo.com\\\/blog\\\/mallos-de-riglos-daroca-fotografia\\\/#primaryimage\"},\"thumbnailUrl\":\"https:\\\/\\\/www.carloscastrofotografo.com\\\/blog\\\/wp-content\\\/uploads\\\/2025\\\/07\\\/DSC3194-Mejorado-NR-Editar.jpg\",\"datePublished\":\"2025-07-04T21:05:36+00:00\",\"dateModified\":\"2025-07-04T21:05:37+00:00\",\"description\":\"Descubre c\u00f3mo fue mi experiencia fotografiando Daroca y los Mallos de Riglos durante el segundo d\u00eda del viaje fotogr\u00e1fico por Espa\u00f1a.\",\"breadcrumb\":{\"@id\":\"https:\\\/\\\/www.carloscastrofotografo.com\\\/blog\\\/mallos-de-riglos-daroca-fotografia\\\/#breadcrumb\"},\"inLanguage\":\"es\",\"potentialAction\":[{\"@type\":\"ReadAction\",\"target\":[\"https:\\\/\\\/www.carloscastrofotografo.com\\\/blog\\\/mallos-de-riglos-daroca-fotografia\\\/\"]}]},{\"@type\":\"ImageObject\",\"inLanguage\":\"es\",\"@id\":\"https:\\\/\\\/www.carloscastrofotografo.com\\\/blog\\\/mallos-de-riglos-daroca-fotografia\\\/#primaryimage\",\"url\":\"https:\\\/\\\/www.carloscastrofotografo.com\\\/blog\\\/wp-content\\\/uploads\\\/2025\\\/07\\\/DSC3194-Mejorado-NR-Editar.jpg\",\"contentUrl\":\"https:\\\/\\\/www.carloscastrofotografo.com\\\/blog\\\/wp-content\\\/uploads\\\/2025\\\/07\\\/DSC3194-Mejorado-NR-Editar.jpg\",\"width\":1350,\"height\":1080,\"caption\":\"mallos de riglos de noche\"},{\"@type\":\"BreadcrumbList\",\"@id\":\"https:\\\/\\\/www.carloscastrofotografo.com\\\/blog\\\/mallos-de-riglos-daroca-fotografia\\\/#breadcrumb\",\"itemListElement\":[{\"@type\":\"ListItem\",\"position\":1,\"name\":\"Portada\",\"item\":\"https:\\\/\\\/www.carloscastrofotografo.com\\\/blog\\\/\"},{\"@type\":\"ListItem\",\"position\":2,\"name\":\"Cap\u00edtulo 2 \u2013 Paisajes \u00e9picos en Daroca y los Mallos de Riglos durante mi viaje fotogr\u00e1fico por Espa\u00f1a\"}]},{\"@type\":\"WebSite\",\"@id\":\"https:\\\/\\\/www.carloscastrofotografo.com\\\/blog\\\/#website\",\"url\":\"https:\\\/\\\/www.carloscastrofotografo.com\\\/blog\\\/\",\"name\":\"Blog de Carlos Castro Fot\u00f3grafo\",\"description\":\"Todo sobre Fotograf\u00eda y V\u00eddeo, para apasionados de la imagen.\",\"publisher\":{\"@id\":\"https:\\\/\\\/www.carloscastrofotografo.com\\\/blog\\\/#\\\/schema\\\/person\\\/f2df3dbaf3422e563228db874428292d\"},\"potentialAction\":[{\"@type\":\"SearchAction\",\"target\":{\"@type\":\"EntryPoint\",\"urlTemplate\":\"https:\\\/\\\/www.carloscastrofotografo.com\\\/blog\\\/?s={search_term_string}\"},\"query-input\":{\"@type\":\"PropertyValueSpecification\",\"valueRequired\":true,\"valueName\":\"search_term_string\"}}],\"inLanguage\":\"es\"},{\"@type\":[\"Person\",\"Organization\"],\"@id\":\"https:\\\/\\\/www.carloscastrofotografo.com\\\/blog\\\/#\\\/schema\\\/person\\\/f2df3dbaf3422e563228db874428292d\",\"name\":\"Carlos Castro\",\"image\":{\"@type\":\"ImageObject\",\"inLanguage\":\"es\",\"@id\":\"https:\\\/\\\/secure.gravatar.com\\\/avatar\\\/dfdb382b872c007d17784b7cf24288a868cd90f2a34825da78d451a9ddbb4dfe?s=96&d=mm&r=g\",\"url\":\"https:\\\/\\\/secure.gravatar.com\\\/avatar\\\/dfdb382b872c007d17784b7cf24288a868cd90f2a34825da78d451a9ddbb4dfe?s=96&d=mm&r=g\",\"contentUrl\":\"https:\\\/\\\/secure.gravatar.com\\\/avatar\\\/dfdb382b872c007d17784b7cf24288a868cd90f2a34825da78d451a9ddbb4dfe?s=96&d=mm&r=g\",\"caption\":\"Carlos Castro\"},\"logo\":{\"@id\":\"https:\\\/\\\/secure.gravatar.com\\\/avatar\\\/dfdb382b872c007d17784b7cf24288a868cd90f2a34825da78d451a9ddbb4dfe?s=96&d=mm&r=g\"},\"description\":\"Fot\u00f3grafo, Videografo y apasionado de la tecnolog\u00eda. Cazador de tormentas y astrofot\u00f3grafo amateur.\",\"sameAs\":[\"https:\\\/\\\/www.carloscastrofotografo.com\",\"https:\\\/\\\/www.youtube.com\\\/carloscastrofotografo\"],\"url\":\"https:\\\/\\\/www.carloscastrofotografo.com\\\/blog\\\/author\\\/admin\\\/\"}]}<\/script>\n<!-- \/ Yoast SEO plugin. -->","yoast_head_json":{"title":"Fotografiando los Mallos de Riglos y Daroca \u2013 Cap\u00edtulo 2","description":"Descubre c\u00f3mo fue mi experiencia fotografiando Daroca y los Mallos de Riglos durante el segundo d\u00eda del viaje fotogr\u00e1fico por Espa\u00f1a.","robots":{"index":"index","follow":"follow","max-snippet":"max-snippet:-1","max-image-preview":"max-image-preview:large","max-video-preview":"max-video-preview:-1"},"canonical":"https:\/\/www.carloscastrofotografo.com\/blog\/mallos-de-riglos-daroca-fotografia\/","og_locale":"es_ES","og_type":"article","og_title":"Fotografiando los Mallos de Riglos y Daroca \u2013 Cap\u00edtulo 2","og_description":"Descubre c\u00f3mo fue mi experiencia fotografiando Daroca y los Mallos de Riglos durante el segundo d\u00eda del viaje fotogr\u00e1fico por Espa\u00f1a.","og_url":"https:\/\/www.carloscastrofotografo.com\/blog\/mallos-de-riglos-daroca-fotografia\/","og_site_name":"Blog de Carlos Castro Fot\u00f3grafo","article_published_time":"2025-07-04T21:05:36+00:00","article_modified_time":"2025-07-04T21:05:37+00:00","og_image":[{"width":1350,"height":1080,"url":"https:\/\/www.carloscastrofotografo.com\/blog\/wp-content\/uploads\/2025\/07\/DSC3194-Mejorado-NR-Editar.jpg","type":"image\/jpeg"}],"author":"Carlos Castro","twitter_card":"summary_large_image","twitter_misc":{"Escrito por":"Carlos Castro","Tiempo de lectura":"3 minutos"},"schema":{"@context":"https:\/\/schema.org","@graph":[{"@type":"Article","@id":"https:\/\/www.carloscastrofotografo.com\/blog\/mallos-de-riglos-daroca-fotografia\/#article","isPartOf":{"@id":"https:\/\/www.carloscastrofotografo.com\/blog\/mallos-de-riglos-daroca-fotografia\/"},"author":{"name":"Carlos Castro","@id":"https:\/\/www.carloscastrofotografo.com\/blog\/#\/schema\/person\/f2df3dbaf3422e563228db874428292d"},"headline":"Cap\u00edtulo 2 \u2013 Paisajes \u00e9picos en Daroca y los Mallos de Riglos durante mi viaje fotogr\u00e1fico por Espa\u00f1a","datePublished":"2025-07-04T21:05:36+00:00","dateModified":"2025-07-04T21:05:37+00:00","mainEntityOfPage":{"@id":"https:\/\/www.carloscastrofotografo.com\/blog\/mallos-de-riglos-daroca-fotografia\/"},"wordCount":687,"commentCount":0,"publisher":{"@id":"https:\/\/www.carloscastrofotografo.com\/blog\/#\/schema\/person\/f2df3dbaf3422e563228db874428292d"},"image":{"@id":"https:\/\/www.carloscastrofotografo.com\/blog\/mallos-de-riglos-daroca-fotografia\/#primaryimage"},"thumbnailUrl":"https:\/\/www.carloscastrofotografo.com\/blog\/wp-content\/uploads\/2025\/07\/DSC3194-Mejorado-NR-Editar.jpg","keywords":["blog de viajes","carlos castro fot\u00f3grafo","castillo de zafra","daroca","fotograf\u00eda carretera","fotograf\u00eda de paisaje","fotograf\u00eda nocturna","fotograf\u00eda urbana","mallos de riglos","mallos riglos foto","paisaje natural espa\u00f1a","riglos","roadtrip espa\u00f1a","V\u00eda L\u00e1ctea","viaje fotogr\u00e1fico","vlog de fotograf\u00eda","vlog espa\u00f1a"],"articleSection":["Viajes"],"inLanguage":"es","potentialAction":[{"@type":"CommentAction","name":"Comment","target":["https:\/\/www.carloscastrofotografo.com\/blog\/mallos-de-riglos-daroca-fotografia\/#respond"]}]},{"@type":"WebPage","@id":"https:\/\/www.carloscastrofotografo.com\/blog\/mallos-de-riglos-daroca-fotografia\/","url":"https:\/\/www.carloscastrofotografo.com\/blog\/mallos-de-riglos-daroca-fotografia\/","name":"Fotografiando los Mallos de Riglos y Daroca \u2013 Cap\u00edtulo 2","isPartOf":{"@id":"https:\/\/www.carloscastrofotografo.com\/blog\/#website"},"primaryImageOfPage":{"@id":"https:\/\/www.carloscastrofotografo.com\/blog\/mallos-de-riglos-daroca-fotografia\/#primaryimage"},"image":{"@id":"https:\/\/www.carloscastrofotografo.com\/blog\/mallos-de-riglos-daroca-fotografia\/#primaryimage"},"thumbnailUrl":"https:\/\/www.carloscastrofotografo.com\/blog\/wp-content\/uploads\/2025\/07\/DSC3194-Mejorado-NR-Editar.jpg","datePublished":"2025-07-04T21:05:36+00:00","dateModified":"2025-07-04T21:05:37+00:00","description":"Descubre c\u00f3mo fue mi experiencia fotografiando Daroca y los Mallos de Riglos durante el segundo d\u00eda del viaje fotogr\u00e1fico por Espa\u00f1a.","breadcrumb":{"@id":"https:\/\/www.carloscastrofotografo.com\/blog\/mallos-de-riglos-daroca-fotografia\/#breadcrumb"},"inLanguage":"es","potentialAction":[{"@type":"ReadAction","target":["https:\/\/www.carloscastrofotografo.com\/blog\/mallos-de-riglos-daroca-fotografia\/"]}]},{"@type":"ImageObject","inLanguage":"es","@id":"https:\/\/www.carloscastrofotografo.com\/blog\/mallos-de-riglos-daroca-fotografia\/#primaryimage","url":"https:\/\/www.carloscastrofotografo.com\/blog\/wp-content\/uploads\/2025\/07\/DSC3194-Mejorado-NR-Editar.jpg","contentUrl":"https:\/\/www.carloscastrofotografo.com\/blog\/wp-content\/uploads\/2025\/07\/DSC3194-Mejorado-NR-Editar.jpg","width":1350,"height":1080,"caption":"mallos de riglos de noche"},{"@type":"BreadcrumbList","@id":"https:\/\/www.carloscastrofotografo.com\/blog\/mallos-de-riglos-daroca-fotografia\/#breadcrumb","itemListElement":[{"@type":"ListItem","position":1,"name":"Portada","item":"https:\/\/www.carloscastrofotografo.com\/blog\/"},{"@type":"ListItem","position":2,"name":"Cap\u00edtulo 2 \u2013 Paisajes \u00e9picos en Daroca y los Mallos de Riglos durante mi viaje fotogr\u00e1fico por Espa\u00f1a"}]},{"@type":"WebSite","@id":"https:\/\/www.carloscastrofotografo.com\/blog\/#website","url":"https:\/\/www.carloscastrofotografo.com\/blog\/","name":"Blog de Carlos Castro Fot\u00f3grafo","description":"Todo sobre Fotograf\u00eda y V\u00eddeo, para apasionados de la imagen.","publisher":{"@id":"https:\/\/www.carloscastrofotografo.com\/blog\/#\/schema\/person\/f2df3dbaf3422e563228db874428292d"},"potentialAction":[{"@type":"SearchAction","target":{"@type":"EntryPoint","urlTemplate":"https:\/\/www.carloscastrofotografo.com\/blog\/?s={search_term_string}"},"query-input":{"@type":"PropertyValueSpecification","valueRequired":true,"valueName":"search_term_string"}}],"inLanguage":"es"},{"@type":["Person","Organization"],"@id":"https:\/\/www.carloscastrofotografo.com\/blog\/#\/schema\/person\/f2df3dbaf3422e563228db874428292d","name":"Carlos Castro","image":{"@type":"ImageObject","inLanguage":"es","@id":"https:\/\/secure.gravatar.com\/avatar\/dfdb382b872c007d17784b7cf24288a868cd90f2a34825da78d451a9ddbb4dfe?s=96&d=mm&r=g","url":"https:\/\/secure.gravatar.com\/avatar\/dfdb382b872c007d17784b7cf24288a868cd90f2a34825da78d451a9ddbb4dfe?s=96&d=mm&r=g","contentUrl":"https:\/\/secure.gravatar.com\/avatar\/dfdb382b872c007d17784b7cf24288a868cd90f2a34825da78d451a9ddbb4dfe?s=96&d=mm&r=g","caption":"Carlos Castro"},"logo":{"@id":"https:\/\/secure.gravatar.com\/avatar\/dfdb382b872c007d17784b7cf24288a868cd90f2a34825da78d451a9ddbb4dfe?s=96&d=mm&r=g"},"description":"Fot\u00f3grafo, Videografo y apasionado de la tecnolog\u00eda. Cazador de tormentas y astrofot\u00f3grafo amateur.","sameAs":["https:\/\/www.carloscastrofotografo.com","https:\/\/www.youtube.com\/carloscastrofotografo"],"url":"https:\/\/www.carloscastrofotografo.com\/blog\/author\/admin\/"}]}},"_links":{"self":[{"href":"https:\/\/www.carloscastrofotografo.com\/blog\/wp-json\/wp\/v2\/posts\/919","targetHints":{"allow":["GET"]}}],"collection":[{"href":"https:\/\/www.carloscastrofotografo.com\/blog\/wp-json\/wp\/v2\/posts"}],"about":[{"href":"https:\/\/www.carloscastrofotografo.com\/blog\/wp-json\/wp\/v2\/types\/post"}],"author":[{"embeddable":true,"href":"https:\/\/www.carloscastrofotografo.com\/blog\/wp-json\/wp\/v2\/users\/1"}],"replies":[{"embeddable":true,"href":"https:\/\/www.carloscastrofotografo.com\/blog\/wp-json\/wp\/v2\/comments?post=919"}],"version-history":[{"count":1,"href":"https:\/\/www.carloscastrofotografo.com\/blog\/wp-json\/wp\/v2\/posts\/919\/revisions"}],"predecessor-version":[{"id":922,"href":"https:\/\/www.carloscastrofotografo.com\/blog\/wp-json\/wp\/v2\/posts\/919\/revisions\/922"}],"wp:featuredmedia":[{"embeddable":true,"href":"https:\/\/www.carloscastrofotografo.com\/blog\/wp-json\/wp\/v2\/media\/921"}],"wp:attachment":[{"href":"https:\/\/www.carloscastrofotografo.com\/blog\/wp-json\/wp\/v2\/media?parent=919"}],"wp:term":[{"taxonomy":"category","embeddable":true,"href":"https:\/\/www.carloscastrofotografo.com\/blog\/wp-json\/wp\/v2\/categories?post=919"},{"taxonomy":"post_tag","embeddable":true,"href":"https:\/\/www.carloscastrofotografo.com\/blog\/wp-json\/wp\/v2\/tags?post=919"}],"curies":[{"name":"wp","href":"https:\/\/api.w.org\/{rel}","templated":true}]}}