{"id":875,"date":"2025-05-30T22:29:09","date_gmt":"2025-05-30T20:29:09","guid":{"rendered":"https:\/\/www.carloscastrofotografo.com\/blog\/?p=875"},"modified":"2025-05-30T22:29:10","modified_gmt":"2025-05-30T20:29:10","slug":"davinci-resolve-20-version-final","status":"publish","type":"post","link":"https:\/\/www.carloscastrofotografo.com\/blog\/davinci-resolve-20-version-final\/","title":{"rendered":"Ya disponible la versi\u00f3n final de DaVinci Resolve 20: IA revolucionaria y m\u00e1s de 100 novedades"},"content":{"rendered":"\n<p>Blackmagic Design ha lanzado la versi\u00f3n final de&nbsp;<strong>DaVinci Resolve 20<\/strong>, consolidando esta actualizaci\u00f3n como una de las m\u00e1s importantes en la historia del popular software de edici\u00f3n, etalonaje, audio y VFX. Con m\u00e1s de 100 funciones nuevas y una profunda integraci\u00f3n de herramientas basadas en inteligencia artificial, esta nueva versi\u00f3n apunta directamente al futuro de la postproducci\u00f3n profesional.<\/p>\n\n\n\n<h3 class=\"wp-block-heading\"><strong>Una actualizaci\u00f3n pensada para agilizar y automatizar el flujo de trabajo<\/strong><\/h3>\n\n\n\n<p>La llegada de&nbsp;<strong>DaVinci Resolve 20<\/strong>&nbsp;marca un antes y un despu\u00e9s en la automatizaci\u00f3n inteligente de tareas dentro de la edici\u00f3n audiovisual. Herramientas como&nbsp;<strong>AI IntelliScript<\/strong>, que permite generar una l\u00ednea de tiempo a partir de un guion de texto, o&nbsp;<strong>AI Multicam SmartSwitch<\/strong>, que cambia entre \u00e1ngulos de c\u00e1mara autom\u00e1ticamente seg\u00fan qui\u00e9n habla, abren nuevas posibilidades para editores y creadores de contenido.<\/p>\n\n\n\n<p>Tambi\u00e9n destacan los&nbsp;<strong>subt\u00edtulos animados por IA<\/strong>, capaces de sincronizarse y animarse palabra por palabra con la voz, a\u00f1adiendo dinamismo sin complicaciones. Estas funciones no solo ahorran tiempo, sino que elevan la calidad de producci\u00f3n sin esfuerzo adicional.<\/p>\n\n\n<div class=\"wp-block-image\">\n<figure class=\"aligncenter size-large td-caption-align-https:\/\/www.carloscastrofotografo.com\/blog\/wp-content\/uploads\/2025\/05\/davinci-resolve-20-1.jpg\"><img loading=\"lazy\" decoding=\"async\" width=\"1024\" height=\"592\" src=\"https:\/\/www.carloscastrofotografo.com\/blog\/wp-content\/uploads\/2025\/05\/davinci-resolve-20-1-1024x592.jpg\" alt=\"\" class=\"wp-image-877\" srcset=\"https:\/\/www.carloscastrofotografo.com\/blog\/wp-content\/uploads\/2025\/05\/davinci-resolve-20-1-1024x592.jpg 1024w, https:\/\/www.carloscastrofotografo.com\/blog\/wp-content\/uploads\/2025\/05\/davinci-resolve-20-1-300x174.jpg 300w, https:\/\/www.carloscastrofotografo.com\/blog\/wp-content\/uploads\/2025\/05\/davinci-resolve-20-1-768x444.jpg 768w, https:\/\/www.carloscastrofotografo.com\/blog\/wp-content\/uploads\/2025\/05\/davinci-resolve-20-1-1536x888.jpg 1536w, https:\/\/www.carloscastrofotografo.com\/blog\/wp-content\/uploads\/2025\/05\/davinci-resolve-20-1-696x403.jpg 696w, https:\/\/www.carloscastrofotografo.com\/blog\/wp-content\/uploads\/2025\/05\/davinci-resolve-20-1-1068x618.jpg 1068w, https:\/\/www.carloscastrofotografo.com\/blog\/wp-content\/uploads\/2025\/05\/davinci-resolve-20-1-1920x1111.jpg 1920w, https:\/\/www.carloscastrofotografo.com\/blog\/wp-content\/uploads\/2025\/05\/davinci-resolve-20-1-726x420.jpg 726w, https:\/\/www.carloscastrofotografo.com\/blog\/wp-content\/uploads\/2025\/05\/davinci-resolve-20-1.jpg 2002w\" sizes=\"auto, (max-width: 1024px) 100vw, 1024px\" \/><figcaption class=\"wp-element-caption\">Estas y m\u00e1s novedades trae la Versi\u00f3n 20 de DaVinci Resolve \/ Studio<\/figcaption><\/figure>\n<\/div>\n\n\n<h3 class=\"wp-block-heading\"><strong>Mejoras en todas las p\u00e1ginas: Corte, Edici\u00f3n, Color, Fairlight y Fusion<\/strong><\/h3>\n\n\n\n<p>Cada m\u00f3dulo del programa ha recibido mejoras sustanciales:<\/p>\n\n\n\n<ul class=\"wp-block-list\">\n<li><strong>En la p\u00e1gina de Corte<\/strong>, se integran nuevas herramientas de grabaci\u00f3n de voz en off, un sistema de teleprompter, edici\u00f3n segura que protege clips adyacentes, y un mini timeline m\u00e1s \u00e1gil.<\/li>\n\n\n\n<li><strong>La p\u00e1gina de Edici\u00f3n<\/strong>\u00a0a\u00f1ade la posibilidad de crear timelines multic\u00e1mara mediante IA, nuevas formas de visualizar y gestionar clips, y ajustes de audio avanzados que mejoran la experiencia de edici\u00f3n narrativa.<\/li>\n\n\n\n<li><strong>Fusion<\/strong>\u00a0se fortalece con soporte para composici\u00f3n multicapa, compatibilidad con VR de 180\u00b0, y mejoras en el rendimiento gracias al uso extendido de la GPU.<\/li>\n\n\n\n<li><strong>Color<\/strong>\u00a0recibe una actualizaci\u00f3n potente con\u00a0<strong>Magic Mask v2<\/strong>, mejoras en\u00a0<strong>Depth Map<\/strong>, compatibilidad con\u00a0<strong>ACES 2.0<\/strong>, y nuevos flujos HDR.<\/li>\n\n\n\n<li><strong>Fairlight<\/strong>, el m\u00f3dulo de audio, a\u00f1ade herramientas como\u00a0<strong>AI Audio Assistant<\/strong>, que genera mezclas finales autom\u00e1ticamente, y\u00a0<strong>IntelliCut<\/strong>, para limpiar silencios y fragmentos de di\u00e1logo con precisi\u00f3n quir\u00fargica.<\/li>\n<\/ul>\n\n\n\n<h3 class=\"wp-block-heading\"><strong>Mayor compatibilidad de formatos y flujos profesionales<\/strong><\/h3>\n\n\n\n<p>La nueva versi\u00f3n tambi\u00e9n ampl\u00eda notablemente la compatibilidad con c\u00f3decs, incluyendo soporte de&nbsp;<strong>ProRes en Windows y Linux<\/strong>, mejoras en&nbsp;<strong>H.265 4:2:2<\/strong>, y soporte actualizado para c\u00e1maras como&nbsp;<strong>Sony BURANO<\/strong>&nbsp;o sistemas como&nbsp;<strong>RED SDK 8.6<\/strong>. Adem\u00e1s, los flujos de trabajo colaborativos en la nube y la integraci\u00f3n con&nbsp;<strong>Blackmagic Cloud<\/strong>&nbsp;han sido refinados para entornos de producci\u00f3n a gran escala.<\/p>\n\n\n\n<h3 class=\"wp-block-heading\"><strong>Gratuito, potente y ya disponible<\/strong><\/h3>\n\n\n\n<p>Como es habitual,&nbsp;<strong>DaVinci Resolve 20<\/strong>&nbsp;est\u00e1 disponible de forma gratuita desde la web oficial de Blackmagic Design. La versi\u00f3n&nbsp;<strong>Studio<\/strong>, con todas las funciones avanzadas y soporte completo de IA, se puede adquirir por separado o viene incluida con ciertos productos de la marca. Si ya tienes una licencia Studio, la actualizaci\u00f3n es completamente gratuita.<\/p>\n\n\n\n<h3 class=\"wp-block-heading\"><strong>Un paso adelante en la edici\u00f3n del futuro<\/strong><\/h3>\n\n\n\n<p>Con este lanzamiento, Blackmagic demuestra su compromiso con la innovaci\u00f3n y la escucha activa a su comunidad de usuarios. La rapidez con la que han pasado de beta a versi\u00f3n final \u2014menos de dos meses\u2014 demuestra una madurez t\u00e9cnica admirable y una visi\u00f3n clara de hacia d\u00f3nde va la postproducci\u00f3n.<\/p>\n\n\n\n<p>Si trabajas con video, audio, efectos o color, esta versi\u00f3n es m\u00e1s que una actualizaci\u00f3n: es una transformaci\u00f3n.<\/p>\n","protected":false},"excerpt":{"rendered":"<p>Blackmagic Design ha lanzado la versi\u00f3n final de&nbsp;DaVinci Resolve 20, consolidando esta actualizaci\u00f3n como una de las m\u00e1s importantes en la historia del popular software de edici\u00f3n, etalonaje, audio y VFX. Con m\u00e1s de 100 funciones nuevas y una profunda integraci\u00f3n de herramientas basadas en inteligencia artificial, esta nueva versi\u00f3n apunta directamente al futuro de [&hellip;]<\/p>\n","protected":false},"author":1,"featured_media":878,"comment_status":"open","ping_status":"open","sticky":false,"template":"","format":"standard","meta":{"footnotes":""},"categories":[25,13],"tags":[711,659,712,540,657,544,708,709,713,715,707,714,661,662,716,710],"class_list":{"0":"post-875","1":"post","2":"type-post","3":"status-publish","4":"format-standard","5":"has-post-thumbnail","7":"category-noticias-actualidad","8":"category-edicion-video","9":"tag-actualizacion-de-software","10":"tag-blackmagic-design","11":"tag-color-grading","12":"tag-davinci-resolve","13":"tag-davinci-resolve-20","14":"tag-edicion-de-video","15":"tag-edicion-multicamara","16":"tag-fairlight","17":"tag-fusion","18":"tag-herramientas-con-ia","19":"tag-ia-en-edicion-de-video","20":"tag-novedades-davinci-resolve","21":"tag-postproduccion","22":"tag-software-de-edicion","23":"tag-version-final-davinci-resolve-20","24":"tag-video-profesional-2"},"yoast_head":"<!-- This site is optimized with the Yoast SEO plugin v27.4 - https:\/\/yoast.com\/product\/yoast-seo-wordpress\/ -->\n<title>Ya disponible la versi\u00f3n final de DaVinci Resolve 20<\/title>\n<meta name=\"description\" content=\"Se ha lanzado la versi\u00f3n final de DaVinci Resolve 20. Descubre sus funciones con IA, mejoras en edici\u00f3n, audio, color y m\u00e1s de 100 novedades.\" \/>\n<meta name=\"robots\" content=\"index, follow, max-snippet:-1, max-image-preview:large, max-video-preview:-1\" \/>\n<link rel=\"canonical\" href=\"https:\/\/www.carloscastrofotografo.com\/blog\/davinci-resolve-20-version-final\/\" \/>\n<meta property=\"og:locale\" content=\"es_ES\" \/>\n<meta property=\"og:type\" content=\"article\" \/>\n<meta property=\"og:title\" content=\"Ya disponible la versi\u00f3n final de DaVinci Resolve 20\" \/>\n<meta property=\"og:description\" content=\"Se ha lanzado la versi\u00f3n final de DaVinci Resolve 20. Descubre sus funciones con IA, mejoras en edici\u00f3n, audio, color y m\u00e1s de 100 novedades.\" \/>\n<meta property=\"og:url\" content=\"https:\/\/www.carloscastrofotografo.com\/blog\/davinci-resolve-20-version-final\/\" \/>\n<meta property=\"og:site_name\" content=\"Blog de Carlos Castro Fot\u00f3grafo\" \/>\n<meta property=\"article:published_time\" content=\"2025-05-30T20:29:09+00:00\" \/>\n<meta property=\"article:modified_time\" content=\"2025-05-30T20:29:10+00:00\" \/>\n<meta property=\"og:image\" content=\"https:\/\/www.carloscastrofotografo.com\/blog\/wp-content\/uploads\/2025\/05\/davinci-resolve-20-final.png\" \/>\n\t<meta property=\"og:image:width\" content=\"2336\" \/>\n\t<meta property=\"og:image:height\" content=\"1024\" \/>\n\t<meta property=\"og:image:type\" content=\"image\/png\" \/>\n<meta name=\"author\" content=\"Carlos Castro\" \/>\n<meta name=\"twitter:card\" content=\"summary_large_image\" \/>\n<meta name=\"twitter:label1\" content=\"Escrito por\" \/>\n\t<meta name=\"twitter:data1\" content=\"Carlos Castro\" \/>\n\t<meta name=\"twitter:label2\" content=\"Tiempo de lectura\" \/>\n\t<meta name=\"twitter:data2\" content=\"3 minutos\" \/>\n<script type=\"application\/ld+json\" class=\"yoast-schema-graph\">{\"@context\":\"https:\\\/\\\/schema.org\",\"@graph\":[{\"@type\":\"Article\",\"@id\":\"https:\\\/\\\/www.carloscastrofotografo.com\\\/blog\\\/davinci-resolve-20-version-final\\\/#article\",\"isPartOf\":{\"@id\":\"https:\\\/\\\/www.carloscastrofotografo.com\\\/blog\\\/davinci-resolve-20-version-final\\\/\"},\"author\":{\"name\":\"Carlos Castro\",\"@id\":\"https:\\\/\\\/www.carloscastrofotografo.com\\\/blog\\\/#\\\/schema\\\/person\\\/f2df3dbaf3422e563228db874428292d\"},\"headline\":\"Ya disponible la versi\u00f3n final de DaVinci Resolve 20: IA revolucionaria y m\u00e1s de 100 novedades\",\"datePublished\":\"2025-05-30T20:29:09+00:00\",\"dateModified\":\"2025-05-30T20:29:10+00:00\",\"mainEntityOfPage\":{\"@id\":\"https:\\\/\\\/www.carloscastrofotografo.com\\\/blog\\\/davinci-resolve-20-version-final\\\/\"},\"wordCount\":632,\"commentCount\":0,\"publisher\":{\"@id\":\"https:\\\/\\\/www.carloscastrofotografo.com\\\/blog\\\/#\\\/schema\\\/person\\\/f2df3dbaf3422e563228db874428292d\"},\"image\":{\"@id\":\"https:\\\/\\\/www.carloscastrofotografo.com\\\/blog\\\/davinci-resolve-20-version-final\\\/#primaryimage\"},\"thumbnailUrl\":\"https:\\\/\\\/www.carloscastrofotografo.com\\\/blog\\\/wp-content\\\/uploads\\\/2025\\\/05\\\/davinci-resolve-20-final.png\",\"keywords\":[\"actualizaci\u00f3n de software\",\"Blackmagic Design\",\"color grading\",\"DaVinci Resolve\",\"DaVinci Resolve 20\",\"edici\u00f3n de v\u00eddeo\",\"edici\u00f3n multic\u00e1mara\",\"Fairlight\",\"Fusion\",\"herramientas con IA\",\"IA en edici\u00f3n de v\u00eddeo\",\"novedades DaVinci Resolve\",\"postproducci\u00f3n\",\"software de edici\u00f3n\",\"version final DaVinci Resolve 20\",\"video profesional\"],\"articleSection\":[\"Noticias y Actualidad\",\"Software de Edici\u00f3n de V\u00eddeo\"],\"inLanguage\":\"es\",\"potentialAction\":[{\"@type\":\"CommentAction\",\"name\":\"Comment\",\"target\":[\"https:\\\/\\\/www.carloscastrofotografo.com\\\/blog\\\/davinci-resolve-20-version-final\\\/#respond\"]}]},{\"@type\":\"WebPage\",\"@id\":\"https:\\\/\\\/www.carloscastrofotografo.com\\\/blog\\\/davinci-resolve-20-version-final\\\/\",\"url\":\"https:\\\/\\\/www.carloscastrofotografo.com\\\/blog\\\/davinci-resolve-20-version-final\\\/\",\"name\":\"Ya disponible la versi\u00f3n final de DaVinci Resolve 20\",\"isPartOf\":{\"@id\":\"https:\\\/\\\/www.carloscastrofotografo.com\\\/blog\\\/#website\"},\"primaryImageOfPage\":{\"@id\":\"https:\\\/\\\/www.carloscastrofotografo.com\\\/blog\\\/davinci-resolve-20-version-final\\\/#primaryimage\"},\"image\":{\"@id\":\"https:\\\/\\\/www.carloscastrofotografo.com\\\/blog\\\/davinci-resolve-20-version-final\\\/#primaryimage\"},\"thumbnailUrl\":\"https:\\\/\\\/www.carloscastrofotografo.com\\\/blog\\\/wp-content\\\/uploads\\\/2025\\\/05\\\/davinci-resolve-20-final.png\",\"datePublished\":\"2025-05-30T20:29:09+00:00\",\"dateModified\":\"2025-05-30T20:29:10+00:00\",\"description\":\"Se ha lanzado la versi\u00f3n final de DaVinci Resolve 20. Descubre sus funciones con IA, mejoras en edici\u00f3n, audio, color y m\u00e1s de 100 novedades.\",\"breadcrumb\":{\"@id\":\"https:\\\/\\\/www.carloscastrofotografo.com\\\/blog\\\/davinci-resolve-20-version-final\\\/#breadcrumb\"},\"inLanguage\":\"es\",\"potentialAction\":[{\"@type\":\"ReadAction\",\"target\":[\"https:\\\/\\\/www.carloscastrofotografo.com\\\/blog\\\/davinci-resolve-20-version-final\\\/\"]}]},{\"@type\":\"ImageObject\",\"inLanguage\":\"es\",\"@id\":\"https:\\\/\\\/www.carloscastrofotografo.com\\\/blog\\\/davinci-resolve-20-version-final\\\/#primaryimage\",\"url\":\"https:\\\/\\\/www.carloscastrofotografo.com\\\/blog\\\/wp-content\\\/uploads\\\/2025\\\/05\\\/davinci-resolve-20-final.png\",\"contentUrl\":\"https:\\\/\\\/www.carloscastrofotografo.com\\\/blog\\\/wp-content\\\/uploads\\\/2025\\\/05\\\/davinci-resolve-20-final.png\",\"width\":2336,\"height\":1024,\"caption\":\"davinci resolve 20 final\"},{\"@type\":\"BreadcrumbList\",\"@id\":\"https:\\\/\\\/www.carloscastrofotografo.com\\\/blog\\\/davinci-resolve-20-version-final\\\/#breadcrumb\",\"itemListElement\":[{\"@type\":\"ListItem\",\"position\":1,\"name\":\"Portada\",\"item\":\"https:\\\/\\\/www.carloscastrofotografo.com\\\/blog\\\/\"},{\"@type\":\"ListItem\",\"position\":2,\"name\":\"Ya disponible la versi\u00f3n final de DaVinci Resolve 20: IA revolucionaria y m\u00e1s de 100 novedades\"}]},{\"@type\":\"WebSite\",\"@id\":\"https:\\\/\\\/www.carloscastrofotografo.com\\\/blog\\\/#website\",\"url\":\"https:\\\/\\\/www.carloscastrofotografo.com\\\/blog\\\/\",\"name\":\"Blog de Carlos Castro Fot\u00f3grafo\",\"description\":\"Todo sobre Fotograf\u00eda y V\u00eddeo, para apasionados de la imagen.\",\"publisher\":{\"@id\":\"https:\\\/\\\/www.carloscastrofotografo.com\\\/blog\\\/#\\\/schema\\\/person\\\/f2df3dbaf3422e563228db874428292d\"},\"potentialAction\":[{\"@type\":\"SearchAction\",\"target\":{\"@type\":\"EntryPoint\",\"urlTemplate\":\"https:\\\/\\\/www.carloscastrofotografo.com\\\/blog\\\/?s={search_term_string}\"},\"query-input\":{\"@type\":\"PropertyValueSpecification\",\"valueRequired\":true,\"valueName\":\"search_term_string\"}}],\"inLanguage\":\"es\"},{\"@type\":[\"Person\",\"Organization\"],\"@id\":\"https:\\\/\\\/www.carloscastrofotografo.com\\\/blog\\\/#\\\/schema\\\/person\\\/f2df3dbaf3422e563228db874428292d\",\"name\":\"Carlos Castro\",\"image\":{\"@type\":\"ImageObject\",\"inLanguage\":\"es\",\"@id\":\"https:\\\/\\\/secure.gravatar.com\\\/avatar\\\/dfdb382b872c007d17784b7cf24288a868cd90f2a34825da78d451a9ddbb4dfe?s=96&d=mm&r=g\",\"url\":\"https:\\\/\\\/secure.gravatar.com\\\/avatar\\\/dfdb382b872c007d17784b7cf24288a868cd90f2a34825da78d451a9ddbb4dfe?s=96&d=mm&r=g\",\"contentUrl\":\"https:\\\/\\\/secure.gravatar.com\\\/avatar\\\/dfdb382b872c007d17784b7cf24288a868cd90f2a34825da78d451a9ddbb4dfe?s=96&d=mm&r=g\",\"caption\":\"Carlos Castro\"},\"logo\":{\"@id\":\"https:\\\/\\\/secure.gravatar.com\\\/avatar\\\/dfdb382b872c007d17784b7cf24288a868cd90f2a34825da78d451a9ddbb4dfe?s=96&d=mm&r=g\"},\"description\":\"Fot\u00f3grafo, Videografo y apasionado de la tecnolog\u00eda. Cazador de tormentas y astrofot\u00f3grafo amateur.\",\"sameAs\":[\"https:\\\/\\\/www.carloscastrofotografo.com\",\"https:\\\/\\\/www.youtube.com\\\/carloscastrofotografo\"],\"url\":\"https:\\\/\\\/www.carloscastrofotografo.com\\\/blog\\\/author\\\/admin\\\/\"}]}<\/script>\n<!-- \/ Yoast SEO plugin. -->","yoast_head_json":{"title":"Ya disponible la versi\u00f3n final de DaVinci Resolve 20","description":"Se ha lanzado la versi\u00f3n final de DaVinci Resolve 20. Descubre sus funciones con IA, mejoras en edici\u00f3n, audio, color y m\u00e1s de 100 novedades.","robots":{"index":"index","follow":"follow","max-snippet":"max-snippet:-1","max-image-preview":"max-image-preview:large","max-video-preview":"max-video-preview:-1"},"canonical":"https:\/\/www.carloscastrofotografo.com\/blog\/davinci-resolve-20-version-final\/","og_locale":"es_ES","og_type":"article","og_title":"Ya disponible la versi\u00f3n final de DaVinci Resolve 20","og_description":"Se ha lanzado la versi\u00f3n final de DaVinci Resolve 20. Descubre sus funciones con IA, mejoras en edici\u00f3n, audio, color y m\u00e1s de 100 novedades.","og_url":"https:\/\/www.carloscastrofotografo.com\/blog\/davinci-resolve-20-version-final\/","og_site_name":"Blog de Carlos Castro Fot\u00f3grafo","article_published_time":"2025-05-30T20:29:09+00:00","article_modified_time":"2025-05-30T20:29:10+00:00","og_image":[{"width":2336,"height":1024,"url":"https:\/\/www.carloscastrofotografo.com\/blog\/wp-content\/uploads\/2025\/05\/davinci-resolve-20-final.png","type":"image\/png"}],"author":"Carlos Castro","twitter_card":"summary_large_image","twitter_misc":{"Escrito por":"Carlos Castro","Tiempo de lectura":"3 minutos"},"schema":{"@context":"https:\/\/schema.org","@graph":[{"@type":"Article","@id":"https:\/\/www.carloscastrofotografo.com\/blog\/davinci-resolve-20-version-final\/#article","isPartOf":{"@id":"https:\/\/www.carloscastrofotografo.com\/blog\/davinci-resolve-20-version-final\/"},"author":{"name":"Carlos Castro","@id":"https:\/\/www.carloscastrofotografo.com\/blog\/#\/schema\/person\/f2df3dbaf3422e563228db874428292d"},"headline":"Ya disponible la versi\u00f3n final de DaVinci Resolve 20: IA revolucionaria y m\u00e1s de 100 novedades","datePublished":"2025-05-30T20:29:09+00:00","dateModified":"2025-05-30T20:29:10+00:00","mainEntityOfPage":{"@id":"https:\/\/www.carloscastrofotografo.com\/blog\/davinci-resolve-20-version-final\/"},"wordCount":632,"commentCount":0,"publisher":{"@id":"https:\/\/www.carloscastrofotografo.com\/blog\/#\/schema\/person\/f2df3dbaf3422e563228db874428292d"},"image":{"@id":"https:\/\/www.carloscastrofotografo.com\/blog\/davinci-resolve-20-version-final\/#primaryimage"},"thumbnailUrl":"https:\/\/www.carloscastrofotografo.com\/blog\/wp-content\/uploads\/2025\/05\/davinci-resolve-20-final.png","keywords":["actualizaci\u00f3n de software","Blackmagic Design","color grading","DaVinci Resolve","DaVinci Resolve 20","edici\u00f3n de v\u00eddeo","edici\u00f3n multic\u00e1mara","Fairlight","Fusion","herramientas con IA","IA en edici\u00f3n de v\u00eddeo","novedades DaVinci Resolve","postproducci\u00f3n","software de edici\u00f3n","version final DaVinci Resolve 20","video profesional"],"articleSection":["Noticias y Actualidad","Software de Edici\u00f3n de V\u00eddeo"],"inLanguage":"es","potentialAction":[{"@type":"CommentAction","name":"Comment","target":["https:\/\/www.carloscastrofotografo.com\/blog\/davinci-resolve-20-version-final\/#respond"]}]},{"@type":"WebPage","@id":"https:\/\/www.carloscastrofotografo.com\/blog\/davinci-resolve-20-version-final\/","url":"https:\/\/www.carloscastrofotografo.com\/blog\/davinci-resolve-20-version-final\/","name":"Ya disponible la versi\u00f3n final de DaVinci Resolve 20","isPartOf":{"@id":"https:\/\/www.carloscastrofotografo.com\/blog\/#website"},"primaryImageOfPage":{"@id":"https:\/\/www.carloscastrofotografo.com\/blog\/davinci-resolve-20-version-final\/#primaryimage"},"image":{"@id":"https:\/\/www.carloscastrofotografo.com\/blog\/davinci-resolve-20-version-final\/#primaryimage"},"thumbnailUrl":"https:\/\/www.carloscastrofotografo.com\/blog\/wp-content\/uploads\/2025\/05\/davinci-resolve-20-final.png","datePublished":"2025-05-30T20:29:09+00:00","dateModified":"2025-05-30T20:29:10+00:00","description":"Se ha lanzado la versi\u00f3n final de DaVinci Resolve 20. Descubre sus funciones con IA, mejoras en edici\u00f3n, audio, color y m\u00e1s de 100 novedades.","breadcrumb":{"@id":"https:\/\/www.carloscastrofotografo.com\/blog\/davinci-resolve-20-version-final\/#breadcrumb"},"inLanguage":"es","potentialAction":[{"@type":"ReadAction","target":["https:\/\/www.carloscastrofotografo.com\/blog\/davinci-resolve-20-version-final\/"]}]},{"@type":"ImageObject","inLanguage":"es","@id":"https:\/\/www.carloscastrofotografo.com\/blog\/davinci-resolve-20-version-final\/#primaryimage","url":"https:\/\/www.carloscastrofotografo.com\/blog\/wp-content\/uploads\/2025\/05\/davinci-resolve-20-final.png","contentUrl":"https:\/\/www.carloscastrofotografo.com\/blog\/wp-content\/uploads\/2025\/05\/davinci-resolve-20-final.png","width":2336,"height":1024,"caption":"davinci resolve 20 final"},{"@type":"BreadcrumbList","@id":"https:\/\/www.carloscastrofotografo.com\/blog\/davinci-resolve-20-version-final\/#breadcrumb","itemListElement":[{"@type":"ListItem","position":1,"name":"Portada","item":"https:\/\/www.carloscastrofotografo.com\/blog\/"},{"@type":"ListItem","position":2,"name":"Ya disponible la versi\u00f3n final de DaVinci Resolve 20: IA revolucionaria y m\u00e1s de 100 novedades"}]},{"@type":"WebSite","@id":"https:\/\/www.carloscastrofotografo.com\/blog\/#website","url":"https:\/\/www.carloscastrofotografo.com\/blog\/","name":"Blog de Carlos Castro Fot\u00f3grafo","description":"Todo sobre Fotograf\u00eda y V\u00eddeo, para apasionados de la imagen.","publisher":{"@id":"https:\/\/www.carloscastrofotografo.com\/blog\/#\/schema\/person\/f2df3dbaf3422e563228db874428292d"},"potentialAction":[{"@type":"SearchAction","target":{"@type":"EntryPoint","urlTemplate":"https:\/\/www.carloscastrofotografo.com\/blog\/?s={search_term_string}"},"query-input":{"@type":"PropertyValueSpecification","valueRequired":true,"valueName":"search_term_string"}}],"inLanguage":"es"},{"@type":["Person","Organization"],"@id":"https:\/\/www.carloscastrofotografo.com\/blog\/#\/schema\/person\/f2df3dbaf3422e563228db874428292d","name":"Carlos Castro","image":{"@type":"ImageObject","inLanguage":"es","@id":"https:\/\/secure.gravatar.com\/avatar\/dfdb382b872c007d17784b7cf24288a868cd90f2a34825da78d451a9ddbb4dfe?s=96&d=mm&r=g","url":"https:\/\/secure.gravatar.com\/avatar\/dfdb382b872c007d17784b7cf24288a868cd90f2a34825da78d451a9ddbb4dfe?s=96&d=mm&r=g","contentUrl":"https:\/\/secure.gravatar.com\/avatar\/dfdb382b872c007d17784b7cf24288a868cd90f2a34825da78d451a9ddbb4dfe?s=96&d=mm&r=g","caption":"Carlos Castro"},"logo":{"@id":"https:\/\/secure.gravatar.com\/avatar\/dfdb382b872c007d17784b7cf24288a868cd90f2a34825da78d451a9ddbb4dfe?s=96&d=mm&r=g"},"description":"Fot\u00f3grafo, Videografo y apasionado de la tecnolog\u00eda. Cazador de tormentas y astrofot\u00f3grafo amateur.","sameAs":["https:\/\/www.carloscastrofotografo.com","https:\/\/www.youtube.com\/carloscastrofotografo"],"url":"https:\/\/www.carloscastrofotografo.com\/blog\/author\/admin\/"}]}},"_links":{"self":[{"href":"https:\/\/www.carloscastrofotografo.com\/blog\/wp-json\/wp\/v2\/posts\/875","targetHints":{"allow":["GET"]}}],"collection":[{"href":"https:\/\/www.carloscastrofotografo.com\/blog\/wp-json\/wp\/v2\/posts"}],"about":[{"href":"https:\/\/www.carloscastrofotografo.com\/blog\/wp-json\/wp\/v2\/types\/post"}],"author":[{"embeddable":true,"href":"https:\/\/www.carloscastrofotografo.com\/blog\/wp-json\/wp\/v2\/users\/1"}],"replies":[{"embeddable":true,"href":"https:\/\/www.carloscastrofotografo.com\/blog\/wp-json\/wp\/v2\/comments?post=875"}],"version-history":[{"count":1,"href":"https:\/\/www.carloscastrofotografo.com\/blog\/wp-json\/wp\/v2\/posts\/875\/revisions"}],"predecessor-version":[{"id":879,"href":"https:\/\/www.carloscastrofotografo.com\/blog\/wp-json\/wp\/v2\/posts\/875\/revisions\/879"}],"wp:featuredmedia":[{"embeddable":true,"href":"https:\/\/www.carloscastrofotografo.com\/blog\/wp-json\/wp\/v2\/media\/878"}],"wp:attachment":[{"href":"https:\/\/www.carloscastrofotografo.com\/blog\/wp-json\/wp\/v2\/media?parent=875"}],"wp:term":[{"taxonomy":"category","embeddable":true,"href":"https:\/\/www.carloscastrofotografo.com\/blog\/wp-json\/wp\/v2\/categories?post=875"},{"taxonomy":"post_tag","embeddable":true,"href":"https:\/\/www.carloscastrofotografo.com\/blog\/wp-json\/wp\/v2\/tags?post=875"}],"curies":[{"name":"wp","href":"https:\/\/api.w.org\/{rel}","templated":true}]}}