{"id":865,"date":"2025-05-29T22:45:11","date_gmt":"2025-05-29T20:45:11","guid":{"rendered":"https:\/\/www.carloscastrofotografo.com\/blog\/?p=865"},"modified":"2025-09-24T09:12:30","modified_gmt":"2025-09-24T07:12:30","slug":"review-sony-fx2","status":"publish","type":"post","link":"https:\/\/www.carloscastrofotografo.com\/blog\/review-sony-fx2\/","title":{"rendered":"Review Sony FX2: \u00bfLa C\u00e1mara Full Frame de 33MP Perfecta para Entrar en la Cinema Line?"},"content":{"rendered":"\n<p>La familia&nbsp;<strong>Sony Cinema Line<\/strong>&nbsp;sigue creciendo, y hoy tenemos entre manos (digitalmente hablando) a su miembro m\u00e1s reciente: la&nbsp;<strong>Sony FX2 (modelo ILME-FX2)<\/strong>. Tras mi anterior confusi\u00f3n, y gracias a vuestra precisi\u00f3n (\u00a1mil gracias por la correcci\u00f3n!), he podido estudiar a fondo las especificaciones correctas de esta c\u00e1mara que promete ser una puerta de entrada muy tentadora al mundo del cine Full Frame con capacidades impresionantes.<\/p>\n\n\n\n<p>A diferencia de otras c\u00e1maras de la l\u00ednea (como la FX30 APS-C o incluso la FX3 Full Frame), la FX2 trae consigo una combinaci\u00f3n de caracter\u00edsticas que la posicionan de forma \u00fanica. \u00bfEs la c\u00e1mara que estabais esperando para dar el salto a producciones de mayor nivel? Vamos a analizarla a fondo con los datos correctos.<\/p>\n\n\n<div class=\"wp-block-image\">\n<figure class=\"aligncenter size-full\"><img loading=\"lazy\" decoding=\"async\" width=\"800\" height=\"300\" src=\"https:\/\/www.carloscastrofotografo.com\/blog\/wp-content\/uploads\/2025\/05\/sony-fx2.jpeg\" alt=\"\" class=\"wp-image-866\" srcset=\"https:\/\/www.carloscastrofotografo.com\/blog\/wp-content\/uploads\/2025\/05\/sony-fx2.jpeg 800w, https:\/\/www.carloscastrofotografo.com\/blog\/wp-content\/uploads\/2025\/05\/sony-fx2-300x113.jpeg 300w, https:\/\/www.carloscastrofotografo.com\/blog\/wp-content\/uploads\/2025\/05\/sony-fx2-768x288.jpeg 768w, https:\/\/www.carloscastrofotografo.com\/blog\/wp-content\/uploads\/2025\/05\/sony-fx2-696x261.jpeg 696w\" sizes=\"auto, (max-width: 800px) 100vw, 800px\" \/><\/figure>\n<\/div>\n\n\n<h3 class=\"wp-block-heading\"><strong>\u00bfQu\u00e9 es la Sony FX2 y para qui\u00e9n est\u00e1 pensada?<\/strong><\/h3>\n\n\n\n<p>La Sony FX2 es una&nbsp;<strong>c\u00e1mara de cine digital Full Frame compacta<\/strong>&nbsp;que se diferencia de sus hermanas por varios puntos clave, incluyendo un&nbsp;<strong>sensor de mayor resoluci\u00f3n<\/strong>&nbsp;y la&nbsp;<strong>inclusi\u00f3n de un visor electr\u00f3nico (EVF)<\/strong>.<\/p>\n\n\n\n<p>Est\u00e1 dirigida a:<\/p>\n\n\n\n<ul class=\"wp-block-list\">\n<li><strong>Cineastas independientes<\/strong>\u00a0y\u00a0<strong>vide\u00f3grafos<\/strong>\u00a0que buscan la calidad de imagen Full Frame con un sensor de alta resoluci\u00f3n para mayor flexibilidad.<\/li>\n\n\n\n<li><strong>Creadores de contenido<\/strong>\u00a0que necesitan una herramienta fiable y robusta para producciones largas en 4K.<\/li>\n\n\n\n<li>Usuarios que aprecian tener tanto una pantalla articulada como un\u00a0<strong>visor electr\u00f3nico<\/strong>.<\/li>\n\n\n\n<li>Aquellos que buscan un cuerpo compacto pero con capacidades profesionales de la Cinema Line.<\/li>\n<\/ul>\n\n\n\n<h3 class=\"wp-block-heading\"><strong>Caracter\u00edsticas principales de la Sony FX2<\/strong><\/h3>\n\n\n\n<ol start=\"1\" class=\"wp-block-list\">\n<li><strong>Sensor CMOS Exmor R\u2122 Full Frame de ~33 MP y procesador BIONZ XR\u2122<\/strong>Con aproximadamente\u00a0<strong>33 MP para fotograf\u00eda<\/strong>\u00a0y\u00a0<strong>27,6 MP efectivos para v\u00eddeo<\/strong>\u00a0(el mismo que la Sony A7 IV), ofrece m\u00e1s resoluci\u00f3n que la FX3 (12 MP) y la FX30 (20 MP APS-C). M\u00e1s resoluci\u00f3n tambi\u00e9n implica m\u00e1s riesgo de\u00a0<em>rolling shutter<\/em>, as\u00ed que ojo con eso.<\/li>\n<\/ol>\n\n\n<div class=\"wp-block-image\">\n<figure class=\"aligncenter size-large is-resized td-caption-align-https:\/\/www.carloscastrofotografo.com\/blog\/wp-content\/uploads\/2025\/05\/sensor-sony-fx2.jpeg\"><img loading=\"lazy\" decoding=\"async\" width=\"1024\" height=\"683\" src=\"https:\/\/www.carloscastrofotografo.com\/blog\/wp-content\/uploads\/2025\/05\/sensor-sony-fx2-1024x683.jpeg\" alt=\"\" class=\"wp-image-867\" style=\"width:596px;height:auto\" srcset=\"https:\/\/www.carloscastrofotografo.com\/blog\/wp-content\/uploads\/2025\/05\/sensor-sony-fx2-1024x683.jpeg 1024w, https:\/\/www.carloscastrofotografo.com\/blog\/wp-content\/uploads\/2025\/05\/sensor-sony-fx2-300x200.jpeg 300w, https:\/\/www.carloscastrofotografo.com\/blog\/wp-content\/uploads\/2025\/05\/sensor-sony-fx2-768x512.jpeg 768w, https:\/\/www.carloscastrofotografo.com\/blog\/wp-content\/uploads\/2025\/05\/sensor-sony-fx2-696x464.jpeg 696w, https:\/\/www.carloscastrofotografo.com\/blog\/wp-content\/uploads\/2025\/05\/sensor-sony-fx2-1068x712.jpeg 1068w, https:\/\/www.carloscastrofotografo.com\/blog\/wp-content\/uploads\/2025\/05\/sensor-sony-fx2-630x420.jpeg 630w, https:\/\/www.carloscastrofotografo.com\/blog\/wp-content\/uploads\/2025\/05\/sensor-sony-fx2.jpeg 1200w\" sizes=\"auto, (max-width: 1024px) 100vw, 1024px\" \/><\/figure>\n<\/div>\n\n\n<ol start=\"2\" class=\"wp-block-list\">\n<li><strong>Calidad de v\u00eddeo profesional y flexibilidad de color<\/strong>\n<ul class=\"wp-block-list\">\n<li>Grabaci\u00f3n 4K 60p ininterrumpida gracias a su sistema de refrigeraci\u00f3n.<\/li>\n\n\n\n<li>10-bit 4:2:2 interno para un etalonaje profesional.<\/li>\n\n\n\n<li>S-Log3 y S-Cinetone incluidos.<\/li>\n\n\n\n<li>Dual Base ISO.<\/li>\n\n\n\n<li>ISO nativo 100-51200 (hasta 102400 en v\u00eddeo).<\/li>\n<\/ul>\n<\/li>\n\n\n\n<li><strong>Autofocus r\u00e1pido y preciso<\/strong>Hasta\u00a0<strong>627 puntos de detecci\u00f3n por fases en v\u00eddeo<\/strong>\u00a0(759 para foto). Seguimiento en tiempo real, detecci\u00f3n de ojos humanos y animales.<\/li>\n\n\n\n<li><strong>Estabilizaci\u00f3n IBIS de 5 ejes<\/strong>Compatible con metadatos de giroscopio para postproducci\u00f3n en Catalyst Browse. Ideal para grabar a pulso con fluidez.<\/li>\n\n\n\n<li><strong>Dise\u00f1o compacto y con EVF<\/strong>\n<ul class=\"wp-block-list\">\n<li><strong>Cuerpo ligero y manejable<\/strong>, ideal para gimbals.<\/li>\n\n\n\n<li><strong>Refrigeraci\u00f3n activa<\/strong>\u00a0para grabaciones largas sin cortes.<\/li>\n\n\n\n<li><strong>Visor electr\u00f3nico (EVF)<\/strong>\u00a0ajustable.<\/li>\n\n\n\n<li><strong>Pantalla TFT articulada<\/strong>\u00a0de 3\u201d t\u00e1ctil.<\/li>\n<\/ul>\n<\/li>\n\n\n\n<li><strong>Audio profesional (opcional)<\/strong>Entrada 3.5mm y posibilidad de a\u00f1adir la\u00a0<strong>unidad de asa XLR<\/strong>\u00a0para grabaci\u00f3n profesional con entradas XLR.<\/li>\n\n\n\n<li><strong>Doble ranura de tarjeta<\/strong>\n<ul class=\"wp-block-list\">\n<li><strong>Ranura 1:<\/strong>\u00a0CFexpress Tipo A + SD (UHS-I\/II)<\/li>\n\n\n\n<li><strong>Ranura 2:<\/strong>\u00a0Solo SD (UHS-I\/II)<\/li>\n<\/ul>\n<\/li>\n<\/ol>\n\n\n\n<figure class=\"wp-block-embed aligncenter is-type-video is-provider-youtube wp-block-embed-youtube wp-embed-aspect-16-9 wp-has-aspect-ratio\"><div class=\"wp-block-embed__wrapper\">\n<iframe loading=\"lazy\" title=\"\u00a1La Nueva Sony Alpha 7 IV Ha LLEGADO y Es INCRE\u00cdBLE! | Sony a7 iv\" width=\"696\" height=\"392\" src=\"https:\/\/www.youtube.com\/embed\/TDootDk9DK0?feature=oembed\" frameborder=\"0\" allow=\"accelerometer; autoplay; clipboard-write; encrypted-media; gyroscope; picture-in-picture; web-share\" referrerpolicy=\"strict-origin-when-cross-origin\" allowfullscreen><\/iframe>\n<\/div><figcaption class=\"wp-element-caption\">Esta nueva Sony FX2 comparte sensor con la c\u00e1mara todoterreno de la marca: La Sony Alpha 7 IV<\/figcaption><\/figure>\n\n\n\n<h3 class=\"wp-block-heading\"><strong>Pros y contras de la Sony FX2<\/strong><\/h3>\n\n\n\n<p><strong>\u2705 LO MEJOR (PROS):<\/strong><\/p>\n\n\n\n<ul class=\"wp-block-list\">\n<li><strong>Calidad Full Frame con 33 MP<\/strong>: excelente para v\u00eddeo y fotograf\u00eda.<\/li>\n\n\n\n<li><strong>Presencia de visor electr\u00f3nico (EVF)<\/strong>.<\/li>\n\n\n\n<li><strong>Grabaci\u00f3n 4K 60p ininterrumpida<\/strong>.<\/li>\n\n\n\n<li><strong>Autofocus excelente<\/strong>.<\/li>\n\n\n\n<li><strong>IBIS + giroscopio<\/strong>: estabilizaci\u00f3n muy eficiente.<\/li>\n\n\n\n<li><strong>Color y perfil de imagen profesional<\/strong>: S-Cinetone + S-Log3.<\/li>\n\n\n\n<li><strong>Dise\u00f1o compacto y vers\u00e1til<\/strong>.<\/li>\n<\/ul>\n\n\n\n<p><strong>\u274c LO QUE PODR\u00cdA MEJORAR (CONTRAS):<\/strong><\/p>\n\n\n\n<ul class=\"wp-block-list\">\n<li><strong>4K 120p con recorte<\/strong>.<\/li>\n\n\n\n<li><strong>La unidad XLR no est\u00e1 incluida<\/strong>.<\/li>\n\n\n\n<li><strong>No tiene filtros ND internos<\/strong>.<\/li>\n\n\n\n<li><strong>Ranura 2 solo acepta SD (no CFexpress)<\/strong>.<\/li>\n<\/ul>\n\n\n\n<h3 class=\"wp-block-heading\"><strong>\u00bfDeber\u00edas comprar la Sony FX2?<\/strong><\/h3>\n\n\n\n<p>La FX2 no es simplemente una FX3 m\u00e1s barata. Gracias al sensor de 33MP y el visor electr\u00f3nico, ofrece una experiencia distinta y m\u00e1s vers\u00e1til.<\/p>\n\n\n\n<p><strong>Es una compra excelente si:<\/strong><\/p>\n\n\n\n<ul class=\"wp-block-list\">\n<li>Quieres calidad de imagen Full Frame con alta resoluci\u00f3n.<\/li>\n\n\n\n<li>Necesitas grabar 4K 60p sin l\u00edmite de tiempo.<\/li>\n\n\n\n<li>Valoras tener un visor electr\u00f3nico.<\/li>\n\n\n\n<li>Buscas buen autofocus y estabilizaci\u00f3n.<\/li>\n\n\n\n<li>Puedes invertir en un cuerpo profesional.<\/li>\n\n\n\n<li>Ya usas lentes con montura Sony E.<\/li>\n<\/ul>\n\n\n\n<p><strong>Quiz\u00e1s deber\u00edas mirar otras opciones si:<\/strong><\/p>\n\n\n\n<ul class=\"wp-block-list\">\n<li>Solo haces v\u00eddeo y no necesitas 33MP.<\/li>\n\n\n\n<li>No necesitas visor electr\u00f3nico.<\/li>\n\n\n\n<li>Tienes un presupuesto ajustado (la FX30 es m\u00e1s asequible).<\/li>\n\n\n\n<li>Necesitas 4K 120p sin recorte.<\/li>\n<\/ul>\n\n\n\n<h3 class=\"wp-block-heading\"><strong>Conclusi\u00f3n: una Full Frame seria para creadores exigentes<\/strong><\/h3>\n\n\n\n<p>La&nbsp;<strong>Sony FX2 (ILME-FX2)<\/strong>&nbsp;no es solo una \u201cFX3 m\u00e1s barata\u201d. Es una c\u00e1mara con personalidad propia. Su sensor de 33 MP, visor electr\u00f3nico, grabaci\u00f3n 4K sin l\u00edmite y perfil de color profesional la hacen una opci\u00f3n muy interesante para creadores que quieren dar un salto de calidad sin llegar a la gama m\u00e1s alta en precio.<\/p>\n\n\n\n<p>Una herramienta seria para producciones serias.<\/p>\n\n\n\n<p><strong>\u00bfQu\u00e9 opin\u00e1is vosotros de la nueva Sony FX2? \u00bfEl sensor de 33MP y el EVF os parecen un acierto? \u00a1Os leo en comentarios!<\/strong><\/p>\n","protected":false},"excerpt":{"rendered":"<p>La familia&nbsp;Sony Cinema Line&nbsp;sigue creciendo, y hoy tenemos entre manos (digitalmente hablando) a su miembro m\u00e1s reciente: la&nbsp;Sony FX2 (modelo ILME-FX2). Tras mi anterior confusi\u00f3n, y gracias a vuestra precisi\u00f3n (\u00a1mil gracias por la correcci\u00f3n!), he podido estudiar a fondo las especificaciones correctas de esta c\u00e1mara que promete ser una puerta de entrada muy tentadora [&hellip;]<\/p>\n","protected":false},"author":1,"featured_media":868,"comment_status":"open","ping_status":"open","sticky":false,"template":"","format":"standard","meta":{"footnotes":""},"categories":[14,200,25],"tags":[700,687,704,682,683,686,689,632,701,702,699,680,706,695,685,691,688,705,684,679,693,692,694,696,681,703],"class_list":{"0":"post-865","1":"post","2":"type-post","3":"status-publish","4":"format-standard","5":"has-post-thumbnail","7":"category-camara-foto","8":"category-equipo-audiovisual","9":"category-noticias-actualidad","10":"tag-4k-ininterrumpido","11":"tag-analisis-sony-fx2","12":"tag-camara-con-evf","13":"tag-camara-de-cine-full-frame","14":"tag-camara-de-video-profesional","15":"tag-camara-full-frame-video","16":"tag-camara-para-cine-indie-ff","17":"tag-camara-para-creadores-de-contenido","18":"tag-camara-video-33mp","19":"tag-fx2-evf","20":"tag-grabacion-4k-60p","21":"tag-ilme-fx2","22":"tag-ilmefx2-review","23":"tag-mejor-camara-video-full-frame","24":"tag-opinion-sony-fx2","25":"tag-s-cinetone","26":"tag-s-log3","27":"tag-sony-33mp-video","28":"tag-sony-cinema-line","29":"tag-sony-fx2","30":"tag-sony-fx2-autofocus","31":"tag-sony-fx2-caracteristicas","32":"tag-sony-fx2-estabilizacion","33":"tag-sony-fx2-precio","34":"tag-sony-fx2-review","35":"tag-visor-electronico"},"yoast_head":"<!-- This site is optimized with the Yoast SEO plugin v27.4 - https:\/\/yoast.com\/product\/yoast-seo-wordpress\/ -->\n<title>Sony FX2: an\u00e1lisis de la nueva c\u00e1mara Full Frame de cine<\/title>\n<meta name=\"description\" content=\"Descubre nuestra review de la Sony FX2 (ILME-FX2). Analizamos esta c\u00e1mara de cine Full Frame de 33MP con EVF y mucha calidad de imagen.\" \/>\n<meta name=\"robots\" content=\"index, follow, max-snippet:-1, max-image-preview:large, max-video-preview:-1\" \/>\n<link rel=\"canonical\" href=\"https:\/\/www.carloscastrofotografo.com\/blog\/review-sony-fx2\/\" \/>\n<meta property=\"og:locale\" content=\"es_ES\" \/>\n<meta property=\"og:type\" content=\"article\" \/>\n<meta property=\"og:title\" content=\"Sony FX2: an\u00e1lisis de la nueva c\u00e1mara Full Frame de cine\" \/>\n<meta property=\"og:description\" content=\"Descubre nuestra review de la Sony FX2 (ILME-FX2). Analizamos esta c\u00e1mara de cine Full Frame de 33MP con EVF y mucha calidad de imagen.\" \/>\n<meta property=\"og:url\" content=\"https:\/\/www.carloscastrofotografo.com\/blog\/review-sony-fx2\/\" \/>\n<meta property=\"og:site_name\" content=\"Blog de Carlos Castro Fot\u00f3grafo\" \/>\n<meta property=\"article:published_time\" content=\"2025-05-29T20:45:11+00:00\" \/>\n<meta property=\"article:modified_time\" content=\"2025-09-24T07:12:30+00:00\" \/>\n<meta property=\"og:image\" content=\"https:\/\/www.carloscastrofotografo.com\/blog\/wp-content\/uploads\/2025\/05\/sony-fx2-1.jpeg\" \/>\n\t<meta property=\"og:image:width\" content=\"840\" \/>\n\t<meta property=\"og:image:height\" content=\"435\" \/>\n\t<meta property=\"og:image:type\" content=\"image\/jpeg\" \/>\n<meta name=\"author\" content=\"Carlos Castro\" \/>\n<meta name=\"twitter:card\" content=\"summary_large_image\" \/>\n<meta name=\"twitter:label1\" content=\"Escrito por\" \/>\n\t<meta name=\"twitter:data1\" content=\"Carlos Castro\" \/>\n\t<meta name=\"twitter:label2\" content=\"Tiempo de lectura\" \/>\n\t<meta name=\"twitter:data2\" content=\"4 minutos\" \/>\n<script type=\"application\/ld+json\" class=\"yoast-schema-graph\">{\"@context\":\"https:\\\/\\\/schema.org\",\"@graph\":[{\"@type\":\"Article\",\"@id\":\"https:\\\/\\\/www.carloscastrofotografo.com\\\/blog\\\/review-sony-fx2\\\/#article\",\"isPartOf\":{\"@id\":\"https:\\\/\\\/www.carloscastrofotografo.com\\\/blog\\\/review-sony-fx2\\\/\"},\"author\":{\"name\":\"Carlos Castro\",\"@id\":\"https:\\\/\\\/www.carloscastrofotografo.com\\\/blog\\\/#\\\/schema\\\/person\\\/f2df3dbaf3422e563228db874428292d\"},\"headline\":\"Review Sony FX2: \u00bfLa C\u00e1mara Full Frame de 33MP Perfecta para Entrar en la Cinema Line?\",\"datePublished\":\"2025-05-29T20:45:11+00:00\",\"dateModified\":\"2025-09-24T07:12:30+00:00\",\"mainEntityOfPage\":{\"@id\":\"https:\\\/\\\/www.carloscastrofotografo.com\\\/blog\\\/review-sony-fx2\\\/\"},\"wordCount\":839,\"commentCount\":0,\"publisher\":{\"@id\":\"https:\\\/\\\/www.carloscastrofotografo.com\\\/blog\\\/#\\\/schema\\\/person\\\/f2df3dbaf3422e563228db874428292d\"},\"image\":{\"@id\":\"https:\\\/\\\/www.carloscastrofotografo.com\\\/blog\\\/review-sony-fx2\\\/#primaryimage\"},\"thumbnailUrl\":\"https:\\\/\\\/www.carloscastrofotografo.com\\\/blog\\\/wp-content\\\/uploads\\\/2025\\\/05\\\/sony-fx2-1.jpeg\",\"keywords\":[\"4K ininterrumpido\",\"an\u00e1lisis Sony FX2\",\"c\u00e1mara con EVF\",\"c\u00e1mara de cine Full Frame\",\"c\u00e1mara de v\u00eddeo profesional\",\"c\u00e1mara Full Frame v\u00eddeo\",\"c\u00e1mara para cine indie FF\",\"c\u00e1mara para creadores de contenido\",\"c\u00e1mara v\u00eddeo 33MP\",\"FX2 EVF\",\"grabaci\u00f3n 4K 60p\",\"ILME-FX2\",\"ILMEFX2 review\",\"mejor c\u00e1mara v\u00eddeo Full Frame\",\"opini\u00f3n Sony FX2\",\"S-Cinetone\",\"S-Log3\",\"Sony 33MP video\",\"Sony Cinema Line\",\"Sony FX2\",\"Sony FX2 autofocus\",\"Sony FX2 caracter\u00edsticas\",\"Sony FX2 estabilizaci\u00f3n\",\"Sony FX2 precio\",\"Sony FX2 review\",\"visor electr\u00f3nico\"],\"articleSection\":[\"C\u00e1maras\",\"Equipo Audiovisual\",\"Noticias y Actualidad\"],\"inLanguage\":\"es\",\"potentialAction\":[{\"@type\":\"CommentAction\",\"name\":\"Comment\",\"target\":[\"https:\\\/\\\/www.carloscastrofotografo.com\\\/blog\\\/review-sony-fx2\\\/#respond\"]}]},{\"@type\":\"WebPage\",\"@id\":\"https:\\\/\\\/www.carloscastrofotografo.com\\\/blog\\\/review-sony-fx2\\\/\",\"url\":\"https:\\\/\\\/www.carloscastrofotografo.com\\\/blog\\\/review-sony-fx2\\\/\",\"name\":\"Sony FX2: an\u00e1lisis de la nueva c\u00e1mara Full Frame de cine\",\"isPartOf\":{\"@id\":\"https:\\\/\\\/www.carloscastrofotografo.com\\\/blog\\\/#website\"},\"primaryImageOfPage\":{\"@id\":\"https:\\\/\\\/www.carloscastrofotografo.com\\\/blog\\\/review-sony-fx2\\\/#primaryimage\"},\"image\":{\"@id\":\"https:\\\/\\\/www.carloscastrofotografo.com\\\/blog\\\/review-sony-fx2\\\/#primaryimage\"},\"thumbnailUrl\":\"https:\\\/\\\/www.carloscastrofotografo.com\\\/blog\\\/wp-content\\\/uploads\\\/2025\\\/05\\\/sony-fx2-1.jpeg\",\"datePublished\":\"2025-05-29T20:45:11+00:00\",\"dateModified\":\"2025-09-24T07:12:30+00:00\",\"description\":\"Descubre nuestra review de la Sony FX2 (ILME-FX2). Analizamos esta c\u00e1mara de cine Full Frame de 33MP con EVF y mucha calidad de imagen.\",\"breadcrumb\":{\"@id\":\"https:\\\/\\\/www.carloscastrofotografo.com\\\/blog\\\/review-sony-fx2\\\/#breadcrumb\"},\"inLanguage\":\"es\",\"potentialAction\":[{\"@type\":\"ReadAction\",\"target\":[\"https:\\\/\\\/www.carloscastrofotografo.com\\\/blog\\\/review-sony-fx2\\\/\"]}]},{\"@type\":\"ImageObject\",\"inLanguage\":\"es\",\"@id\":\"https:\\\/\\\/www.carloscastrofotografo.com\\\/blog\\\/review-sony-fx2\\\/#primaryimage\",\"url\":\"https:\\\/\\\/www.carloscastrofotografo.com\\\/blog\\\/wp-content\\\/uploads\\\/2025\\\/05\\\/sony-fx2-1.jpeg\",\"contentUrl\":\"https:\\\/\\\/www.carloscastrofotografo.com\\\/blog\\\/wp-content\\\/uploads\\\/2025\\\/05\\\/sony-fx2-1.jpeg\",\"width\":840,\"height\":435,\"caption\":\"sony fx2\"},{\"@type\":\"BreadcrumbList\",\"@id\":\"https:\\\/\\\/www.carloscastrofotografo.com\\\/blog\\\/review-sony-fx2\\\/#breadcrumb\",\"itemListElement\":[{\"@type\":\"ListItem\",\"position\":1,\"name\":\"Portada\",\"item\":\"https:\\\/\\\/www.carloscastrofotografo.com\\\/blog\\\/\"},{\"@type\":\"ListItem\",\"position\":2,\"name\":\"Review Sony FX2: \u00bfLa C\u00e1mara Full Frame de 33MP Perfecta para Entrar en la Cinema Line?\"}]},{\"@type\":\"WebSite\",\"@id\":\"https:\\\/\\\/www.carloscastrofotografo.com\\\/blog\\\/#website\",\"url\":\"https:\\\/\\\/www.carloscastrofotografo.com\\\/blog\\\/\",\"name\":\"Blog de Carlos Castro Fot\u00f3grafo\",\"description\":\"Todo sobre Fotograf\u00eda y V\u00eddeo, para apasionados de la imagen.\",\"publisher\":{\"@id\":\"https:\\\/\\\/www.carloscastrofotografo.com\\\/blog\\\/#\\\/schema\\\/person\\\/f2df3dbaf3422e563228db874428292d\"},\"potentialAction\":[{\"@type\":\"SearchAction\",\"target\":{\"@type\":\"EntryPoint\",\"urlTemplate\":\"https:\\\/\\\/www.carloscastrofotografo.com\\\/blog\\\/?s={search_term_string}\"},\"query-input\":{\"@type\":\"PropertyValueSpecification\",\"valueRequired\":true,\"valueName\":\"search_term_string\"}}],\"inLanguage\":\"es\"},{\"@type\":[\"Person\",\"Organization\"],\"@id\":\"https:\\\/\\\/www.carloscastrofotografo.com\\\/blog\\\/#\\\/schema\\\/person\\\/f2df3dbaf3422e563228db874428292d\",\"name\":\"Carlos Castro\",\"image\":{\"@type\":\"ImageObject\",\"inLanguage\":\"es\",\"@id\":\"https:\\\/\\\/secure.gravatar.com\\\/avatar\\\/dfdb382b872c007d17784b7cf24288a868cd90f2a34825da78d451a9ddbb4dfe?s=96&d=mm&r=g\",\"url\":\"https:\\\/\\\/secure.gravatar.com\\\/avatar\\\/dfdb382b872c007d17784b7cf24288a868cd90f2a34825da78d451a9ddbb4dfe?s=96&d=mm&r=g\",\"contentUrl\":\"https:\\\/\\\/secure.gravatar.com\\\/avatar\\\/dfdb382b872c007d17784b7cf24288a868cd90f2a34825da78d451a9ddbb4dfe?s=96&d=mm&r=g\",\"caption\":\"Carlos Castro\"},\"logo\":{\"@id\":\"https:\\\/\\\/secure.gravatar.com\\\/avatar\\\/dfdb382b872c007d17784b7cf24288a868cd90f2a34825da78d451a9ddbb4dfe?s=96&d=mm&r=g\"},\"description\":\"Fot\u00f3grafo, Videografo y apasionado de la tecnolog\u00eda. Cazador de tormentas y astrofot\u00f3grafo amateur.\",\"sameAs\":[\"https:\\\/\\\/www.carloscastrofotografo.com\",\"https:\\\/\\\/www.youtube.com\\\/carloscastrofotografo\"],\"url\":\"https:\\\/\\\/www.carloscastrofotografo.com\\\/blog\\\/author\\\/admin\\\/\"}]}<\/script>\n<!-- \/ Yoast SEO plugin. -->","yoast_head_json":{"title":"Sony FX2: an\u00e1lisis de la nueva c\u00e1mara Full Frame de cine","description":"Descubre nuestra review de la Sony FX2 (ILME-FX2). Analizamos esta c\u00e1mara de cine Full Frame de 33MP con EVF y mucha calidad de imagen.","robots":{"index":"index","follow":"follow","max-snippet":"max-snippet:-1","max-image-preview":"max-image-preview:large","max-video-preview":"max-video-preview:-1"},"canonical":"https:\/\/www.carloscastrofotografo.com\/blog\/review-sony-fx2\/","og_locale":"es_ES","og_type":"article","og_title":"Sony FX2: an\u00e1lisis de la nueva c\u00e1mara Full Frame de cine","og_description":"Descubre nuestra review de la Sony FX2 (ILME-FX2). Analizamos esta c\u00e1mara de cine Full Frame de 33MP con EVF y mucha calidad de imagen.","og_url":"https:\/\/www.carloscastrofotografo.com\/blog\/review-sony-fx2\/","og_site_name":"Blog de Carlos Castro Fot\u00f3grafo","article_published_time":"2025-05-29T20:45:11+00:00","article_modified_time":"2025-09-24T07:12:30+00:00","og_image":[{"width":840,"height":435,"url":"https:\/\/www.carloscastrofotografo.com\/blog\/wp-content\/uploads\/2025\/05\/sony-fx2-1.jpeg","type":"image\/jpeg"}],"author":"Carlos Castro","twitter_card":"summary_large_image","twitter_misc":{"Escrito por":"Carlos Castro","Tiempo de lectura":"4 minutos"},"schema":{"@context":"https:\/\/schema.org","@graph":[{"@type":"Article","@id":"https:\/\/www.carloscastrofotografo.com\/blog\/review-sony-fx2\/#article","isPartOf":{"@id":"https:\/\/www.carloscastrofotografo.com\/blog\/review-sony-fx2\/"},"author":{"name":"Carlos Castro","@id":"https:\/\/www.carloscastrofotografo.com\/blog\/#\/schema\/person\/f2df3dbaf3422e563228db874428292d"},"headline":"Review Sony FX2: \u00bfLa C\u00e1mara Full Frame de 33MP Perfecta para Entrar en la Cinema Line?","datePublished":"2025-05-29T20:45:11+00:00","dateModified":"2025-09-24T07:12:30+00:00","mainEntityOfPage":{"@id":"https:\/\/www.carloscastrofotografo.com\/blog\/review-sony-fx2\/"},"wordCount":839,"commentCount":0,"publisher":{"@id":"https:\/\/www.carloscastrofotografo.com\/blog\/#\/schema\/person\/f2df3dbaf3422e563228db874428292d"},"image":{"@id":"https:\/\/www.carloscastrofotografo.com\/blog\/review-sony-fx2\/#primaryimage"},"thumbnailUrl":"https:\/\/www.carloscastrofotografo.com\/blog\/wp-content\/uploads\/2025\/05\/sony-fx2-1.jpeg","keywords":["4K ininterrumpido","an\u00e1lisis Sony FX2","c\u00e1mara con EVF","c\u00e1mara de cine Full Frame","c\u00e1mara de v\u00eddeo profesional","c\u00e1mara Full Frame v\u00eddeo","c\u00e1mara para cine indie FF","c\u00e1mara para creadores de contenido","c\u00e1mara v\u00eddeo 33MP","FX2 EVF","grabaci\u00f3n 4K 60p","ILME-FX2","ILMEFX2 review","mejor c\u00e1mara v\u00eddeo Full Frame","opini\u00f3n Sony FX2","S-Cinetone","S-Log3","Sony 33MP video","Sony Cinema Line","Sony FX2","Sony FX2 autofocus","Sony FX2 caracter\u00edsticas","Sony FX2 estabilizaci\u00f3n","Sony FX2 precio","Sony FX2 review","visor electr\u00f3nico"],"articleSection":["C\u00e1maras","Equipo Audiovisual","Noticias y Actualidad"],"inLanguage":"es","potentialAction":[{"@type":"CommentAction","name":"Comment","target":["https:\/\/www.carloscastrofotografo.com\/blog\/review-sony-fx2\/#respond"]}]},{"@type":"WebPage","@id":"https:\/\/www.carloscastrofotografo.com\/blog\/review-sony-fx2\/","url":"https:\/\/www.carloscastrofotografo.com\/blog\/review-sony-fx2\/","name":"Sony FX2: an\u00e1lisis de la nueva c\u00e1mara Full Frame de cine","isPartOf":{"@id":"https:\/\/www.carloscastrofotografo.com\/blog\/#website"},"primaryImageOfPage":{"@id":"https:\/\/www.carloscastrofotografo.com\/blog\/review-sony-fx2\/#primaryimage"},"image":{"@id":"https:\/\/www.carloscastrofotografo.com\/blog\/review-sony-fx2\/#primaryimage"},"thumbnailUrl":"https:\/\/www.carloscastrofotografo.com\/blog\/wp-content\/uploads\/2025\/05\/sony-fx2-1.jpeg","datePublished":"2025-05-29T20:45:11+00:00","dateModified":"2025-09-24T07:12:30+00:00","description":"Descubre nuestra review de la Sony FX2 (ILME-FX2). Analizamos esta c\u00e1mara de cine Full Frame de 33MP con EVF y mucha calidad de imagen.","breadcrumb":{"@id":"https:\/\/www.carloscastrofotografo.com\/blog\/review-sony-fx2\/#breadcrumb"},"inLanguage":"es","potentialAction":[{"@type":"ReadAction","target":["https:\/\/www.carloscastrofotografo.com\/blog\/review-sony-fx2\/"]}]},{"@type":"ImageObject","inLanguage":"es","@id":"https:\/\/www.carloscastrofotografo.com\/blog\/review-sony-fx2\/#primaryimage","url":"https:\/\/www.carloscastrofotografo.com\/blog\/wp-content\/uploads\/2025\/05\/sony-fx2-1.jpeg","contentUrl":"https:\/\/www.carloscastrofotografo.com\/blog\/wp-content\/uploads\/2025\/05\/sony-fx2-1.jpeg","width":840,"height":435,"caption":"sony fx2"},{"@type":"BreadcrumbList","@id":"https:\/\/www.carloscastrofotografo.com\/blog\/review-sony-fx2\/#breadcrumb","itemListElement":[{"@type":"ListItem","position":1,"name":"Portada","item":"https:\/\/www.carloscastrofotografo.com\/blog\/"},{"@type":"ListItem","position":2,"name":"Review Sony FX2: \u00bfLa C\u00e1mara Full Frame de 33MP Perfecta para Entrar en la Cinema Line?"}]},{"@type":"WebSite","@id":"https:\/\/www.carloscastrofotografo.com\/blog\/#website","url":"https:\/\/www.carloscastrofotografo.com\/blog\/","name":"Blog de Carlos Castro Fot\u00f3grafo","description":"Todo sobre Fotograf\u00eda y V\u00eddeo, para apasionados de la imagen.","publisher":{"@id":"https:\/\/www.carloscastrofotografo.com\/blog\/#\/schema\/person\/f2df3dbaf3422e563228db874428292d"},"potentialAction":[{"@type":"SearchAction","target":{"@type":"EntryPoint","urlTemplate":"https:\/\/www.carloscastrofotografo.com\/blog\/?s={search_term_string}"},"query-input":{"@type":"PropertyValueSpecification","valueRequired":true,"valueName":"search_term_string"}}],"inLanguage":"es"},{"@type":["Person","Organization"],"@id":"https:\/\/www.carloscastrofotografo.com\/blog\/#\/schema\/person\/f2df3dbaf3422e563228db874428292d","name":"Carlos Castro","image":{"@type":"ImageObject","inLanguage":"es","@id":"https:\/\/secure.gravatar.com\/avatar\/dfdb382b872c007d17784b7cf24288a868cd90f2a34825da78d451a9ddbb4dfe?s=96&d=mm&r=g","url":"https:\/\/secure.gravatar.com\/avatar\/dfdb382b872c007d17784b7cf24288a868cd90f2a34825da78d451a9ddbb4dfe?s=96&d=mm&r=g","contentUrl":"https:\/\/secure.gravatar.com\/avatar\/dfdb382b872c007d17784b7cf24288a868cd90f2a34825da78d451a9ddbb4dfe?s=96&d=mm&r=g","caption":"Carlos Castro"},"logo":{"@id":"https:\/\/secure.gravatar.com\/avatar\/dfdb382b872c007d17784b7cf24288a868cd90f2a34825da78d451a9ddbb4dfe?s=96&d=mm&r=g"},"description":"Fot\u00f3grafo, Videografo y apasionado de la tecnolog\u00eda. Cazador de tormentas y astrofot\u00f3grafo amateur.","sameAs":["https:\/\/www.carloscastrofotografo.com","https:\/\/www.youtube.com\/carloscastrofotografo"],"url":"https:\/\/www.carloscastrofotografo.com\/blog\/author\/admin\/"}]}},"_links":{"self":[{"href":"https:\/\/www.carloscastrofotografo.com\/blog\/wp-json\/wp\/v2\/posts\/865","targetHints":{"allow":["GET"]}}],"collection":[{"href":"https:\/\/www.carloscastrofotografo.com\/blog\/wp-json\/wp\/v2\/posts"}],"about":[{"href":"https:\/\/www.carloscastrofotografo.com\/blog\/wp-json\/wp\/v2\/types\/post"}],"author":[{"embeddable":true,"href":"https:\/\/www.carloscastrofotografo.com\/blog\/wp-json\/wp\/v2\/users\/1"}],"replies":[{"embeddable":true,"href":"https:\/\/www.carloscastrofotografo.com\/blog\/wp-json\/wp\/v2\/comments?post=865"}],"version-history":[{"count":5,"href":"https:\/\/www.carloscastrofotografo.com\/blog\/wp-json\/wp\/v2\/posts\/865\/revisions"}],"predecessor-version":[{"id":1089,"href":"https:\/\/www.carloscastrofotografo.com\/blog\/wp-json\/wp\/v2\/posts\/865\/revisions\/1089"}],"wp:featuredmedia":[{"embeddable":true,"href":"https:\/\/www.carloscastrofotografo.com\/blog\/wp-json\/wp\/v2\/media\/868"}],"wp:attachment":[{"href":"https:\/\/www.carloscastrofotografo.com\/blog\/wp-json\/wp\/v2\/media?parent=865"}],"wp:term":[{"taxonomy":"category","embeddable":true,"href":"https:\/\/www.carloscastrofotografo.com\/blog\/wp-json\/wp\/v2\/categories?post=865"},{"taxonomy":"post_tag","embeddable":true,"href":"https:\/\/www.carloscastrofotografo.com\/blog\/wp-json\/wp\/v2\/tags?post=865"}],"curies":[{"name":"wp","href":"https:\/\/api.w.org\/{rel}","templated":true}]}}