{"id":849,"date":"2025-05-24T20:53:23","date_gmt":"2025-05-24T18:53:23","guid":{"rendered":"https:\/\/www.carloscastrofotografo.com\/blog\/?p=849"},"modified":"2025-05-24T20:53:24","modified_gmt":"2025-05-24T18:53:24","slug":"dji-power-500-review-apagon-abril-2025","status":"publish","type":"post","link":"https:\/\/www.carloscastrofotografo.com\/blog\/dji-power-500-review-apagon-abril-2025\/","title":{"rendered":"Apag\u00f3n del 28 de abril: as\u00ed me salv\u00f3 la DJI Power 500 \u26a1"},"content":{"rendered":"\n<p>El 28 de abril de 2025 no se me va a olvidar jam\u00e1s (Ni a m\u00ed ni a muchos otros espa\u00f1oles). Fue el d\u00eda que se fue la luz en toda la pen\u00ednsula ib\u00e9rica, justo cuando m\u00e1s la necesitaba. Unas sesiones de fotos que ten\u00eda que hacer en unas casas se fue al traste. Tambi\u00e9n ten\u00eda una entrega urgente, un v\u00eddeo a medio editar y todo a oscuras. Pero por suerte, ten\u00eda una aliada que me salv\u00f3: la\u00a0<strong>DJI Power 500<\/strong>.<\/p>\n\n\n\n<p>En este art\u00edculo os cuento c\u00f3mo esta estaci\u00f3n de energ\u00eda port\u00e1til de 512 Wh no solo me permiti\u00f3 seguir trabajando, sino que se ha convertido en un esencial para cualquier situaci\u00f3n l\u00edmite o aventura.<\/p>\n\n\n\n<p>\ud83d\udc47 Aqu\u00ed ten\u00e9is el v\u00eddeo completo con la historia real y pruebas de campo:<\/p>\n\n\n\n<figure class=\"wp-block-embed aligncenter is-type-video is-provider-youtube wp-block-embed-youtube wp-embed-aspect-16-9 wp-has-aspect-ratio\"><div class=\"wp-block-embed__wrapper\">\n<iframe loading=\"lazy\" title=\"\ud83d\udca5 El d\u00eda que Espa\u00f1a se apag\u00f3: as\u00ed me salv\u00f3 la DJI Power 500 \u26a1 | Review con PRUEBAS REALES\" width=\"696\" height=\"392\" src=\"https:\/\/www.youtube.com\/embed\/CxpszWD4CdA?feature=oembed\" frameborder=\"0\" allow=\"accelerometer; autoplay; clipboard-write; encrypted-media; gyroscope; picture-in-picture; web-share\" referrerpolicy=\"strict-origin-when-cross-origin\" allowfullscreen><\/iframe>\n<\/div><\/figure>\n\n\n\n<h3 class=\"wp-block-heading\"><strong>DJI Power 500: una central el\u00e9ctrica port\u00e1til que cabe en el maletero<\/strong><\/h3>\n\n\n\n<p>Compacta, potente y silenciosa. Ofrece&nbsp;<strong>1000 W de salida estable<\/strong>, y con su&nbsp;<strong>bater\u00eda de 512 Wh<\/strong>, puede alimentar desde un port\u00e1til hasta un hervidor. Pero lo mejor de todo es que puedes conectarle luces, c\u00e1maras, m\u00f3viles y m\u00e1s\u2026 \u00a1todo a la vez!<\/p>\n\n\n\n<p>Y s\u00ed, funciona. Cuando todo se apag\u00f3, encend\u00ed la DJI Power 500 y volv\u00ed a tener luz y energ\u00eda en segundos.<\/p>\n\n\n\n<h3 class=\"wp-block-heading\"><strong>Energ\u00eda sin cortes con modo SAI<\/strong><\/h3>\n\n\n\n<p>Uno de sus puntos fuertes es el modo SAI (Sistema de Alimentaci\u00f3n Ininterrumpida). Si tienes la DJI Power 500 conectada a la red y de repente se va la luz,&nbsp;<strong>entra en acci\u00f3n en menos de 0.02 segundos<\/strong>. Ni se nota el corte.<\/p>\n\n\n\n<p>Ideal para estudios, ordenadores o incluso neveras port\u00e1tiles.<\/p>\n\n\n\n<h3 class=\"wp-block-heading\"><strong>\u00bfC\u00f3mo se recarga?<\/strong><\/h3>\n\n\n\n<p>Tienes cuatro opciones, seg\u00fan tu situaci\u00f3n:<\/p>\n\n\n\n<ul class=\"wp-block-list\">\n<li>\u26a1\u00a0<strong>Red el\u00e9ctrica<\/strong>: carga r\u00e1pida en solo\u00a0<strong>70 minutos<\/strong>.<\/li>\n\n\n\n<li>\ud83d\udd0c\u00a0<strong>USB-C dual<\/strong>: 3 horas al 100 % con sus dos puertos de 100 W.<\/li>\n\n\n\n<li>\u2600\ufe0f\u00a0<strong>Paneles solares<\/strong>: admite hasta 300 W con el m\u00f3dulo MPPT.<\/li>\n\n\n\n<li>\ud83d\ude97\u00a0<strong>Cargador de coche<\/strong>: perfecto para viajes, carga en 6 horas.<\/li>\n<\/ul>\n\n\n\n<h3 class=\"wp-block-heading\"><strong>Imprescindible para creadores y pilotos de drones<\/strong><\/h3>\n\n\n\n<p>Si trabajas con drones DJI, esta estaci\u00f3n es un salvavidas. Puedes cargar bater\u00edas de Mavic 3, Air 3, Inspire 3 o Matrice 30 en tiempo r\u00e9cord y seguir volando todo el d\u00eda. Adem\u00e1s, tiene conectores espec\u00edficos y cables (opcionales) para carga superr\u00e1pida.<\/p>\n\n\n\n<h3 class=\"wp-block-heading\"><strong>Silenciosa, duradera y segura<\/strong><\/h3>\n\n\n\n<ul class=\"wp-block-list\">\n<li>\ud83d\udd07 Solo\u00a0<strong>25 dB de ruido<\/strong>: perfecta para acampadas o rodajes.<\/li>\n\n\n\n<li>\ud83d\udd0b Bater\u00eda\u00a0<strong>LFP con 4000 ciclos<\/strong>: vida \u00fatil de hasta 10 a\u00f1os.<\/li>\n\n\n\n<li>\u2705\u00a0<strong>26 certificaciones<\/strong>\u00a0de seguridad: tranquilidad total.<\/li>\n<\/ul>\n\n\n\n<h3 class=\"wp-block-heading\"><strong>\u00bfPara qui\u00e9n es ideal?<\/strong><\/h3>\n\n\n\n<ul class=\"wp-block-list\">\n<li>Creadores de contenido que necesitan energ\u00eda fiable en exteriores.<\/li>\n\n\n\n<li>Usuarios de drones profesionales.<\/li>\n\n\n\n<li>Viajeros y camperos que quieren libertad energ\u00e9tica.<\/li>\n\n\n\n<li>Cualquiera que quiera estar preparado para otro apag\u00f3n.<\/li>\n<\/ul>\n\n\n\n<h2 class=\"wp-block-heading\"><strong>Conclusi\u00f3n<\/strong><\/h2>\n\n\n\n<p>La DJI Power 500&nbsp;<strong>me salv\u00f3 el d\u00eda del apag\u00f3n del 28 de abril de 2025<\/strong>, y desde entonces va conmigo a todas partes. No es solo una bater\u00eda, es una estaci\u00f3n de energ\u00eda port\u00e1til pensada para creadores, aventureros y quienes no pueden quedarse sin energ\u00eda.<\/p>\n\n\n\n<p>\ud83c\udfaf Disponible en OFERTA desde 399 \u20ac en la tienda oficial:\u00a0<a href=\"https:\/\/click.dji.com\/AOqEo4O8ObGXsr856qaglA?ch=launch-power500-carloscastrofotografo&amp;pm=custom\">Comprar DJI Power 500<\/a><\/p>\n","protected":false},"excerpt":{"rendered":"<p>El 28 de abril de 2025 no se me va a olvidar jam\u00e1s (Ni a m\u00ed ni a muchos otros espa\u00f1oles). Fue el d\u00eda que se fue la luz en toda la pen\u00ednsula ib\u00e9rica, justo cuando m\u00e1s la necesitaba. Unas sesiones de fotos que ten\u00eda que hacer en unas casas se fue al traste. Tambi\u00e9n [&hellip;]<\/p>\n","protected":false},"author":1,"featured_media":850,"comment_status":"open","ping_status":"open","sticky":false,"template":"","format":"standard","meta":{"footnotes":""},"categories":[68,138],"tags":[646,643,645,649,653,648,652,644,654,651,647,655,650],"class_list":{"0":"post-849","1":"post","2":"type-post","3":"status-publish","4":"format-standard","5":"has-post-thumbnail","7":"category-compras-y-ofertas","8":"category-gadgets","9":"tag-apagon-28-abril","11":"tag-blackout-espana-2025","12":"tag-camping","13":"tag-dji","14":"tag-dji-power-500","15":"tag-energia-de-emergencia","16":"tag-energia-para-drones","17":"tag-energia-solar-portatil","18":"tag-estacion-de-carga-portatil","19":"tag-estacion-de-energia-portatil","20":"tag-modo-sai","21":"tag-review-dji-power-500"},"yoast_head":"<!-- This site is optimized with the Yoast SEO plugin v27.4 - https:\/\/yoast.com\/product\/yoast-seo-wordpress\/ -->\n<title>Apag\u00f3n del 28 de abril: as\u00ed me salv\u00f3 la DJI Power 500<\/title>\n<meta name=\"description\" content=\"Descubre c\u00f3mo la DJI Power 500 me salv\u00f3 durante el apag\u00f3n del 28 de abril de 2025. Review real con pruebas, tremenda energ\u00eda port\u00e1til.\" \/>\n<meta name=\"robots\" content=\"index, follow, max-snippet:-1, max-image-preview:large, max-video-preview:-1\" \/>\n<link rel=\"canonical\" href=\"https:\/\/www.carloscastrofotografo.com\/blog\/dji-power-500-review-apagon-abril-2025\/\" \/>\n<meta property=\"og:locale\" content=\"es_ES\" \/>\n<meta property=\"og:type\" content=\"article\" \/>\n<meta property=\"og:title\" content=\"Apag\u00f3n del 28 de abril: as\u00ed me salv\u00f3 la DJI Power 500\" \/>\n<meta property=\"og:description\" content=\"Descubre c\u00f3mo la DJI Power 500 me salv\u00f3 durante el apag\u00f3n del 28 de abril de 2025. Review real con pruebas, tremenda energ\u00eda port\u00e1til.\" \/>\n<meta property=\"og:url\" content=\"https:\/\/www.carloscastrofotografo.com\/blog\/dji-power-500-review-apagon-abril-2025\/\" \/>\n<meta property=\"og:site_name\" content=\"Blog de Carlos Castro Fot\u00f3grafo\" \/>\n<meta property=\"article:published_time\" content=\"2025-05-24T18:53:23+00:00\" \/>\n<meta property=\"article:modified_time\" content=\"2025-05-24T18:53:24+00:00\" \/>\n<meta property=\"og:image\" content=\"https:\/\/www.carloscastrofotografo.com\/blog\/wp-content\/uploads\/2025\/05\/dji-power-500.jpg\" \/>\n\t<meta property=\"og:image:width\" content=\"1262\" \/>\n\t<meta property=\"og:image:height\" content=\"731\" \/>\n\t<meta property=\"og:image:type\" content=\"image\/jpeg\" \/>\n<meta name=\"author\" content=\"Carlos Castro\" \/>\n<meta name=\"twitter:card\" content=\"summary_large_image\" \/>\n<meta name=\"twitter:label1\" content=\"Escrito por\" \/>\n\t<meta name=\"twitter:data1\" content=\"Carlos Castro\" \/>\n\t<meta name=\"twitter:label2\" content=\"Tiempo de lectura\" \/>\n\t<meta name=\"twitter:data2\" content=\"3 minutos\" \/>\n<script type=\"application\/ld+json\" class=\"yoast-schema-graph\">{\"@context\":\"https:\\\/\\\/schema.org\",\"@graph\":[{\"@type\":\"Article\",\"@id\":\"https:\\\/\\\/www.carloscastrofotografo.com\\\/blog\\\/dji-power-500-review-apagon-abril-2025\\\/#article\",\"isPartOf\":{\"@id\":\"https:\\\/\\\/www.carloscastrofotografo.com\\\/blog\\\/dji-power-500-review-apagon-abril-2025\\\/\"},\"author\":{\"name\":\"Carlos Castro\",\"@id\":\"https:\\\/\\\/www.carloscastrofotografo.com\\\/blog\\\/#\\\/schema\\\/person\\\/f2df3dbaf3422e563228db874428292d\"},\"headline\":\"Apag\u00f3n del 28 de abril: as\u00ed me salv\u00f3 la DJI Power 500 \u26a1\",\"datePublished\":\"2025-05-24T18:53:23+00:00\",\"dateModified\":\"2025-05-24T18:53:24+00:00\",\"mainEntityOfPage\":{\"@id\":\"https:\\\/\\\/www.carloscastrofotografo.com\\\/blog\\\/dji-power-500-review-apagon-abril-2025\\\/\"},\"wordCount\":533,\"commentCount\":0,\"publisher\":{\"@id\":\"https:\\\/\\\/www.carloscastrofotografo.com\\\/blog\\\/#\\\/schema\\\/person\\\/f2df3dbaf3422e563228db874428292d\"},\"image\":{\"@id\":\"https:\\\/\\\/www.carloscastrofotografo.com\\\/blog\\\/dji-power-500-review-apagon-abril-2025\\\/#primaryimage\"},\"thumbnailUrl\":\"https:\\\/\\\/www.carloscastrofotografo.com\\\/blog\\\/wp-content\\\/uploads\\\/2025\\\/05\\\/dji-power-500.jpg\",\"keywords\":[\"apag\u00f3n 28 abril\",\"bater\u00eda port\u00e1til para creadores\",\"blackout Espa\u00f1a 2025\",\"camping\",\"DJI\",\"DJI Power 500\",\"energ\u00eda de emergencia\",\"energ\u00eda para drones\",\"energ\u00eda solar port\u00e1til\",\"estaci\u00f3n de carga port\u00e1til\",\"estaci\u00f3n de energ\u00eda port\u00e1til\",\"modo SAI\",\"review DJI Power 500\"],\"articleSection\":[\"Consejos de Compras y Ofertas\",\"Gadgets\"],\"inLanguage\":\"es\",\"potentialAction\":[{\"@type\":\"CommentAction\",\"name\":\"Comment\",\"target\":[\"https:\\\/\\\/www.carloscastrofotografo.com\\\/blog\\\/dji-power-500-review-apagon-abril-2025\\\/#respond\"]}]},{\"@type\":\"WebPage\",\"@id\":\"https:\\\/\\\/www.carloscastrofotografo.com\\\/blog\\\/dji-power-500-review-apagon-abril-2025\\\/\",\"url\":\"https:\\\/\\\/www.carloscastrofotografo.com\\\/blog\\\/dji-power-500-review-apagon-abril-2025\\\/\",\"name\":\"Apag\u00f3n del 28 de abril: as\u00ed me salv\u00f3 la DJI Power 500\",\"isPartOf\":{\"@id\":\"https:\\\/\\\/www.carloscastrofotografo.com\\\/blog\\\/#website\"},\"primaryImageOfPage\":{\"@id\":\"https:\\\/\\\/www.carloscastrofotografo.com\\\/blog\\\/dji-power-500-review-apagon-abril-2025\\\/#primaryimage\"},\"image\":{\"@id\":\"https:\\\/\\\/www.carloscastrofotografo.com\\\/blog\\\/dji-power-500-review-apagon-abril-2025\\\/#primaryimage\"},\"thumbnailUrl\":\"https:\\\/\\\/www.carloscastrofotografo.com\\\/blog\\\/wp-content\\\/uploads\\\/2025\\\/05\\\/dji-power-500.jpg\",\"datePublished\":\"2025-05-24T18:53:23+00:00\",\"dateModified\":\"2025-05-24T18:53:24+00:00\",\"description\":\"Descubre c\u00f3mo la DJI Power 500 me salv\u00f3 durante el apag\u00f3n del 28 de abril de 2025. Review real con pruebas, tremenda energ\u00eda port\u00e1til.\",\"breadcrumb\":{\"@id\":\"https:\\\/\\\/www.carloscastrofotografo.com\\\/blog\\\/dji-power-500-review-apagon-abril-2025\\\/#breadcrumb\"},\"inLanguage\":\"es\",\"potentialAction\":[{\"@type\":\"ReadAction\",\"target\":[\"https:\\\/\\\/www.carloscastrofotografo.com\\\/blog\\\/dji-power-500-review-apagon-abril-2025\\\/\"]}]},{\"@type\":\"ImageObject\",\"inLanguage\":\"es\",\"@id\":\"https:\\\/\\\/www.carloscastrofotografo.com\\\/blog\\\/dji-power-500-review-apagon-abril-2025\\\/#primaryimage\",\"url\":\"https:\\\/\\\/www.carloscastrofotografo.com\\\/blog\\\/wp-content\\\/uploads\\\/2025\\\/05\\\/dji-power-500.jpg\",\"contentUrl\":\"https:\\\/\\\/www.carloscastrofotografo.com\\\/blog\\\/wp-content\\\/uploads\\\/2025\\\/05\\\/dji-power-500.jpg\",\"width\":1262,\"height\":731,\"caption\":\"dji power 500\"},{\"@type\":\"BreadcrumbList\",\"@id\":\"https:\\\/\\\/www.carloscastrofotografo.com\\\/blog\\\/dji-power-500-review-apagon-abril-2025\\\/#breadcrumb\",\"itemListElement\":[{\"@type\":\"ListItem\",\"position\":1,\"name\":\"Portada\",\"item\":\"https:\\\/\\\/www.carloscastrofotografo.com\\\/blog\\\/\"},{\"@type\":\"ListItem\",\"position\":2,\"name\":\"Apag\u00f3n del 28 de abril: as\u00ed me salv\u00f3 la DJI Power 500 \u26a1\"}]},{\"@type\":\"WebSite\",\"@id\":\"https:\\\/\\\/www.carloscastrofotografo.com\\\/blog\\\/#website\",\"url\":\"https:\\\/\\\/www.carloscastrofotografo.com\\\/blog\\\/\",\"name\":\"Blog de Carlos Castro Fot\u00f3grafo\",\"description\":\"Todo sobre Fotograf\u00eda y V\u00eddeo, para apasionados de la imagen.\",\"publisher\":{\"@id\":\"https:\\\/\\\/www.carloscastrofotografo.com\\\/blog\\\/#\\\/schema\\\/person\\\/f2df3dbaf3422e563228db874428292d\"},\"potentialAction\":[{\"@type\":\"SearchAction\",\"target\":{\"@type\":\"EntryPoint\",\"urlTemplate\":\"https:\\\/\\\/www.carloscastrofotografo.com\\\/blog\\\/?s={search_term_string}\"},\"query-input\":{\"@type\":\"PropertyValueSpecification\",\"valueRequired\":true,\"valueName\":\"search_term_string\"}}],\"inLanguage\":\"es\"},{\"@type\":[\"Person\",\"Organization\"],\"@id\":\"https:\\\/\\\/www.carloscastrofotografo.com\\\/blog\\\/#\\\/schema\\\/person\\\/f2df3dbaf3422e563228db874428292d\",\"name\":\"Carlos Castro\",\"image\":{\"@type\":\"ImageObject\",\"inLanguage\":\"es\",\"@id\":\"https:\\\/\\\/secure.gravatar.com\\\/avatar\\\/dfdb382b872c007d17784b7cf24288a868cd90f2a34825da78d451a9ddbb4dfe?s=96&d=mm&r=g\",\"url\":\"https:\\\/\\\/secure.gravatar.com\\\/avatar\\\/dfdb382b872c007d17784b7cf24288a868cd90f2a34825da78d451a9ddbb4dfe?s=96&d=mm&r=g\",\"contentUrl\":\"https:\\\/\\\/secure.gravatar.com\\\/avatar\\\/dfdb382b872c007d17784b7cf24288a868cd90f2a34825da78d451a9ddbb4dfe?s=96&d=mm&r=g\",\"caption\":\"Carlos Castro\"},\"logo\":{\"@id\":\"https:\\\/\\\/secure.gravatar.com\\\/avatar\\\/dfdb382b872c007d17784b7cf24288a868cd90f2a34825da78d451a9ddbb4dfe?s=96&d=mm&r=g\"},\"description\":\"Fot\u00f3grafo, Videografo y apasionado de la tecnolog\u00eda. Cazador de tormentas y astrofot\u00f3grafo amateur.\",\"sameAs\":[\"https:\\\/\\\/www.carloscastrofotografo.com\",\"https:\\\/\\\/www.youtube.com\\\/carloscastrofotografo\"],\"url\":\"https:\\\/\\\/www.carloscastrofotografo.com\\\/blog\\\/author\\\/admin\\\/\"}]}<\/script>\n<!-- \/ Yoast SEO plugin. -->","yoast_head_json":{"title":"Apag\u00f3n del 28 de abril: as\u00ed me salv\u00f3 la DJI Power 500","description":"Descubre c\u00f3mo la DJI Power 500 me salv\u00f3 durante el apag\u00f3n del 28 de abril de 2025. Review real con pruebas, tremenda energ\u00eda port\u00e1til.","robots":{"index":"index","follow":"follow","max-snippet":"max-snippet:-1","max-image-preview":"max-image-preview:large","max-video-preview":"max-video-preview:-1"},"canonical":"https:\/\/www.carloscastrofotografo.com\/blog\/dji-power-500-review-apagon-abril-2025\/","og_locale":"es_ES","og_type":"article","og_title":"Apag\u00f3n del 28 de abril: as\u00ed me salv\u00f3 la DJI Power 500","og_description":"Descubre c\u00f3mo la DJI Power 500 me salv\u00f3 durante el apag\u00f3n del 28 de abril de 2025. Review real con pruebas, tremenda energ\u00eda port\u00e1til.","og_url":"https:\/\/www.carloscastrofotografo.com\/blog\/dji-power-500-review-apagon-abril-2025\/","og_site_name":"Blog de Carlos Castro Fot\u00f3grafo","article_published_time":"2025-05-24T18:53:23+00:00","article_modified_time":"2025-05-24T18:53:24+00:00","og_image":[{"width":1262,"height":731,"url":"https:\/\/www.carloscastrofotografo.com\/blog\/wp-content\/uploads\/2025\/05\/dji-power-500.jpg","type":"image\/jpeg"}],"author":"Carlos Castro","twitter_card":"summary_large_image","twitter_misc":{"Escrito por":"Carlos Castro","Tiempo de lectura":"3 minutos"},"schema":{"@context":"https:\/\/schema.org","@graph":[{"@type":"Article","@id":"https:\/\/www.carloscastrofotografo.com\/blog\/dji-power-500-review-apagon-abril-2025\/#article","isPartOf":{"@id":"https:\/\/www.carloscastrofotografo.com\/blog\/dji-power-500-review-apagon-abril-2025\/"},"author":{"name":"Carlos Castro","@id":"https:\/\/www.carloscastrofotografo.com\/blog\/#\/schema\/person\/f2df3dbaf3422e563228db874428292d"},"headline":"Apag\u00f3n del 28 de abril: as\u00ed me salv\u00f3 la DJI Power 500 \u26a1","datePublished":"2025-05-24T18:53:23+00:00","dateModified":"2025-05-24T18:53:24+00:00","mainEntityOfPage":{"@id":"https:\/\/www.carloscastrofotografo.com\/blog\/dji-power-500-review-apagon-abril-2025\/"},"wordCount":533,"commentCount":0,"publisher":{"@id":"https:\/\/www.carloscastrofotografo.com\/blog\/#\/schema\/person\/f2df3dbaf3422e563228db874428292d"},"image":{"@id":"https:\/\/www.carloscastrofotografo.com\/blog\/dji-power-500-review-apagon-abril-2025\/#primaryimage"},"thumbnailUrl":"https:\/\/www.carloscastrofotografo.com\/blog\/wp-content\/uploads\/2025\/05\/dji-power-500.jpg","keywords":["apag\u00f3n 28 abril","bater\u00eda port\u00e1til para creadores","blackout Espa\u00f1a 2025","camping","DJI","DJI Power 500","energ\u00eda de emergencia","energ\u00eda para drones","energ\u00eda solar port\u00e1til","estaci\u00f3n de carga port\u00e1til","estaci\u00f3n de energ\u00eda port\u00e1til","modo SAI","review DJI Power 500"],"articleSection":["Consejos de Compras y Ofertas","Gadgets"],"inLanguage":"es","potentialAction":[{"@type":"CommentAction","name":"Comment","target":["https:\/\/www.carloscastrofotografo.com\/blog\/dji-power-500-review-apagon-abril-2025\/#respond"]}]},{"@type":"WebPage","@id":"https:\/\/www.carloscastrofotografo.com\/blog\/dji-power-500-review-apagon-abril-2025\/","url":"https:\/\/www.carloscastrofotografo.com\/blog\/dji-power-500-review-apagon-abril-2025\/","name":"Apag\u00f3n del 28 de abril: as\u00ed me salv\u00f3 la DJI Power 500","isPartOf":{"@id":"https:\/\/www.carloscastrofotografo.com\/blog\/#website"},"primaryImageOfPage":{"@id":"https:\/\/www.carloscastrofotografo.com\/blog\/dji-power-500-review-apagon-abril-2025\/#primaryimage"},"image":{"@id":"https:\/\/www.carloscastrofotografo.com\/blog\/dji-power-500-review-apagon-abril-2025\/#primaryimage"},"thumbnailUrl":"https:\/\/www.carloscastrofotografo.com\/blog\/wp-content\/uploads\/2025\/05\/dji-power-500.jpg","datePublished":"2025-05-24T18:53:23+00:00","dateModified":"2025-05-24T18:53:24+00:00","description":"Descubre c\u00f3mo la DJI Power 500 me salv\u00f3 durante el apag\u00f3n del 28 de abril de 2025. Review real con pruebas, tremenda energ\u00eda port\u00e1til.","breadcrumb":{"@id":"https:\/\/www.carloscastrofotografo.com\/blog\/dji-power-500-review-apagon-abril-2025\/#breadcrumb"},"inLanguage":"es","potentialAction":[{"@type":"ReadAction","target":["https:\/\/www.carloscastrofotografo.com\/blog\/dji-power-500-review-apagon-abril-2025\/"]}]},{"@type":"ImageObject","inLanguage":"es","@id":"https:\/\/www.carloscastrofotografo.com\/blog\/dji-power-500-review-apagon-abril-2025\/#primaryimage","url":"https:\/\/www.carloscastrofotografo.com\/blog\/wp-content\/uploads\/2025\/05\/dji-power-500.jpg","contentUrl":"https:\/\/www.carloscastrofotografo.com\/blog\/wp-content\/uploads\/2025\/05\/dji-power-500.jpg","width":1262,"height":731,"caption":"dji power 500"},{"@type":"BreadcrumbList","@id":"https:\/\/www.carloscastrofotografo.com\/blog\/dji-power-500-review-apagon-abril-2025\/#breadcrumb","itemListElement":[{"@type":"ListItem","position":1,"name":"Portada","item":"https:\/\/www.carloscastrofotografo.com\/blog\/"},{"@type":"ListItem","position":2,"name":"Apag\u00f3n del 28 de abril: as\u00ed me salv\u00f3 la DJI Power 500 \u26a1"}]},{"@type":"WebSite","@id":"https:\/\/www.carloscastrofotografo.com\/blog\/#website","url":"https:\/\/www.carloscastrofotografo.com\/blog\/","name":"Blog de Carlos Castro Fot\u00f3grafo","description":"Todo sobre Fotograf\u00eda y V\u00eddeo, para apasionados de la imagen.","publisher":{"@id":"https:\/\/www.carloscastrofotografo.com\/blog\/#\/schema\/person\/f2df3dbaf3422e563228db874428292d"},"potentialAction":[{"@type":"SearchAction","target":{"@type":"EntryPoint","urlTemplate":"https:\/\/www.carloscastrofotografo.com\/blog\/?s={search_term_string}"},"query-input":{"@type":"PropertyValueSpecification","valueRequired":true,"valueName":"search_term_string"}}],"inLanguage":"es"},{"@type":["Person","Organization"],"@id":"https:\/\/www.carloscastrofotografo.com\/blog\/#\/schema\/person\/f2df3dbaf3422e563228db874428292d","name":"Carlos Castro","image":{"@type":"ImageObject","inLanguage":"es","@id":"https:\/\/secure.gravatar.com\/avatar\/dfdb382b872c007d17784b7cf24288a868cd90f2a34825da78d451a9ddbb4dfe?s=96&d=mm&r=g","url":"https:\/\/secure.gravatar.com\/avatar\/dfdb382b872c007d17784b7cf24288a868cd90f2a34825da78d451a9ddbb4dfe?s=96&d=mm&r=g","contentUrl":"https:\/\/secure.gravatar.com\/avatar\/dfdb382b872c007d17784b7cf24288a868cd90f2a34825da78d451a9ddbb4dfe?s=96&d=mm&r=g","caption":"Carlos Castro"},"logo":{"@id":"https:\/\/secure.gravatar.com\/avatar\/dfdb382b872c007d17784b7cf24288a868cd90f2a34825da78d451a9ddbb4dfe?s=96&d=mm&r=g"},"description":"Fot\u00f3grafo, Videografo y apasionado de la tecnolog\u00eda. Cazador de tormentas y astrofot\u00f3grafo amateur.","sameAs":["https:\/\/www.carloscastrofotografo.com","https:\/\/www.youtube.com\/carloscastrofotografo"],"url":"https:\/\/www.carloscastrofotografo.com\/blog\/author\/admin\/"}]}},"_links":{"self":[{"href":"https:\/\/www.carloscastrofotografo.com\/blog\/wp-json\/wp\/v2\/posts\/849","targetHints":{"allow":["GET"]}}],"collection":[{"href":"https:\/\/www.carloscastrofotografo.com\/blog\/wp-json\/wp\/v2\/posts"}],"about":[{"href":"https:\/\/www.carloscastrofotografo.com\/blog\/wp-json\/wp\/v2\/types\/post"}],"author":[{"embeddable":true,"href":"https:\/\/www.carloscastrofotografo.com\/blog\/wp-json\/wp\/v2\/users\/1"}],"replies":[{"embeddable":true,"href":"https:\/\/www.carloscastrofotografo.com\/blog\/wp-json\/wp\/v2\/comments?post=849"}],"version-history":[{"count":1,"href":"https:\/\/www.carloscastrofotografo.com\/blog\/wp-json\/wp\/v2\/posts\/849\/revisions"}],"predecessor-version":[{"id":851,"href":"https:\/\/www.carloscastrofotografo.com\/blog\/wp-json\/wp\/v2\/posts\/849\/revisions\/851"}],"wp:featuredmedia":[{"embeddable":true,"href":"https:\/\/www.carloscastrofotografo.com\/blog\/wp-json\/wp\/v2\/media\/850"}],"wp:attachment":[{"href":"https:\/\/www.carloscastrofotografo.com\/blog\/wp-json\/wp\/v2\/media?parent=849"}],"wp:term":[{"taxonomy":"category","embeddable":true,"href":"https:\/\/www.carloscastrofotografo.com\/blog\/wp-json\/wp\/v2\/categories?post=849"},{"taxonomy":"post_tag","embeddable":true,"href":"https:\/\/www.carloscastrofotografo.com\/blog\/wp-json\/wp\/v2\/tags?post=849"}],"curies":[{"name":"wp","href":"https:\/\/api.w.org\/{rel}","templated":true}]}}