{"id":844,"date":"2025-05-24T10:54:28","date_gmt":"2025-05-24T08:54:28","guid":{"rendered":"https:\/\/www.carloscastrofotografo.com\/blog\/?p=844"},"modified":"2025-05-24T10:54:30","modified_gmt":"2025-05-24T08:54:30","slug":"fujifilm-x-half","status":"publish","type":"post","link":"https:\/\/www.carloscastrofotografo.com\/blog\/fujifilm-x-half\/","title":{"rendered":"FUJIFILM X half: la c\u00e1mara digital que une el encanto anal\u00f3gico con la tecnolog\u00eda moderna"},"content":{"rendered":"\n<p><strong>FUJIFILM<\/strong>&nbsp;ha sorprendido al mundo de la fotograf\u00eda con el anuncio de su nueva c\u00e1mara digital compacta:&nbsp;<strong>FUJIFILM X half<\/strong>, un modelo que reinventa el concepto de fotograf\u00eda h\u00edbrida al unir la est\u00e9tica anal\u00f3gica con las prestaciones digitales actuales. Ligera, compacta y con un dise\u00f1o nost\u00e1lgico, esta c\u00e1mara promete convertirse en una aliada creativa para los fot\u00f3grafos emergentes y amantes del estilo retro.<\/p>\n\n\n\n<h2 class=\"wp-block-heading\"><strong>Dise\u00f1o inspirado en las c\u00e1maras de medio formato<\/strong><\/h2>\n\n\n\n<p>La FUJIFILM X half toma su inspiraci\u00f3n de las cl\u00e1sicas c\u00e1maras de medio fotograma, pero a\u00f1ade funcionalidades pensadas para el flujo de trabajo moderno. Con un peso de solo&nbsp;<strong>240 gramos<\/strong>, su portabilidad la convierte en una compa\u00f1era perfecta para capturar momentos cotidianos o viajes espont\u00e1neos. Su cuerpo recuerda a los modelos vintage, pero esconde en su interior un sensor retroiluminado de 1 pulgada y una \u00f3ptica fija de&nbsp;<strong>10.8mm f\/2.8<\/strong>, equivalente a un 32mm en formato completo.<\/p>\n\n\n<div class=\"wp-block-image\">\n<figure class=\"aligncenter size-large td-caption-align-https:\/\/www.carloscastrofotografo.com\/blog\/wp-content\/uploads\/2025\/05\/camara-FUJIFILM-X-half.jpg\"><img loading=\"lazy\" decoding=\"async\" width=\"1024\" height=\"576\" src=\"https:\/\/www.carloscastrofotografo.com\/blog\/wp-content\/uploads\/2025\/05\/camara-FUJIFILM-X-half-1024x576.jpg\" alt=\"\" class=\"wp-image-847\" srcset=\"https:\/\/www.carloscastrofotografo.com\/blog\/wp-content\/uploads\/2025\/05\/camara-FUJIFILM-X-half-1024x576.jpg 1024w, https:\/\/www.carloscastrofotografo.com\/blog\/wp-content\/uploads\/2025\/05\/camara-FUJIFILM-X-half-300x169.jpg 300w, https:\/\/www.carloscastrofotografo.com\/blog\/wp-content\/uploads\/2025\/05\/camara-FUJIFILM-X-half-768x432.jpg 768w, https:\/\/www.carloscastrofotografo.com\/blog\/wp-content\/uploads\/2025\/05\/camara-FUJIFILM-X-half-1536x864.jpg 1536w, https:\/\/www.carloscastrofotografo.com\/blog\/wp-content\/uploads\/2025\/05\/camara-FUJIFILM-X-half-696x392.jpg 696w, https:\/\/www.carloscastrofotografo.com\/blog\/wp-content\/uploads\/2025\/05\/camara-FUJIFILM-X-half-1068x601.jpg 1068w, https:\/\/www.carloscastrofotografo.com\/blog\/wp-content\/uploads\/2025\/05\/camara-FUJIFILM-X-half-747x420.jpg 747w, https:\/\/www.carloscastrofotografo.com\/blog\/wp-content\/uploads\/2025\/05\/camara-FUJIFILM-X-half.jpg 1920w\" sizes=\"auto, (max-width: 1024px) 100vw, 1024px\" \/><figcaption class=\"wp-element-caption\">Precioso dise\u00f1o el que nos trae FUJIFILM con su X half<\/figcaption><\/figure>\n<\/div>\n\n\n<h2 class=\"wp-block-heading\"><strong>Fotograf\u00edas verticales y funci\u00f3n 2 en 1<\/strong><\/h2>\n\n\n\n<p>Una de las novedades m\u00e1s llamativas de la X half es su capacidad para&nbsp;<strong>unir fotos y v\u00eddeos verticales<\/strong>&nbsp;en una sola imagen 2 en 1, ideal para creadores de contenido en redes sociales. Esta funci\u00f3n puede activarse directamente desde la c\u00e1mara mediante una palanca de avance de fotograma, o bien a trav\u00e9s de la app m\u00f3vil dedicada, que adem\u00e1s permite editar colores, modificar bordes y cambiar el orden de las im\u00e1genes.<\/p>\n\n\n\n<h2 class=\"wp-block-heading\"><strong>Emulaciones de pel\u00edcula y filtros creativos<\/strong><\/h2>\n\n\n\n<p>Siguiendo la tradici\u00f3n de FUJIFILM, la X half incluye&nbsp;<strong>13 emulaciones de pel\u00edcula<\/strong>&nbsp;que imitan con fidelidad los tonos cl\u00e1sicos de la marca. A esto se suman&nbsp;<strong>tres nuevos filtros creativos<\/strong>&nbsp;inspirados en la fotograf\u00eda anal\u00f3gica:&nbsp;<em>Fuga de luz<\/em>,&nbsp;<em>Halo<\/em>&nbsp;y&nbsp;<em>Pel\u00edcula caducada<\/em>. Tambi\u00e9n se puede aplicar&nbsp;<strong>efecto granulado y sello de fecha<\/strong>, reforzando esa sensaci\u00f3n de nostalgia tan apreciada por los fans de lo vintage.<\/p>\n\n\n\n<h2 class=\"wp-block-heading\"><strong>Conectividad y compatibilidad con Instax<\/strong><\/h2>\n\n\n\n<p>La c\u00e1mara incluye conectividad&nbsp;<strong>USB-C<\/strong>, una peque\u00f1a luz LED, visor \u00f3ptico y una doble pantalla trasera: una c\u00e1psula LCD para mostrar la emulaci\u00f3n activa y una pantalla t\u00e1ctil principal con proporci\u00f3n 3:4 para gestionar ajustes. Adem\u00e1s, la X half es compatible con&nbsp;<strong>impresoras FUJIFILM Instax<\/strong>, lo que permite imprimir directamente tus capturas favoritas, a\u00f1adiendo un componente tangible a tu creatividad digital.<\/p>\n\n\n\n<h2 class=\"wp-block-heading\"><strong>Precio, colores y disponibilidad<\/strong><\/h2>\n\n\n\n<p>La&nbsp;<strong>FUJIFILM X half<\/strong>&nbsp;estar\u00e1 disponible a partir de&nbsp;<strong>junio de 2025<\/strong>, con un precio estimado de&nbsp;<strong>800\u20ac<\/strong>. Se ofrecer\u00e1 en tres colores:&nbsp;<strong>negro cl\u00e1sico, plateado carb\u00f3n y plateado brillante<\/strong>. Aunque su precio podr\u00eda parecer elevado a simple vista, lo cierto es que su combinaci\u00f3n de dise\u00f1o, experiencia fotogr\u00e1fica y conectividad justifica la inversi\u00f3n para quienes buscan una c\u00e1mara distinta, vers\u00e1til y con mucha personalidad.<\/p>\n\n\n<div class=\"wp-block-image\">\n<figure class=\"aligncenter size-large td-caption-align-https:\/\/www.carloscastrofotografo.com\/blog\/wp-content\/uploads\/2025\/05\/especificaciones.png\"><img loading=\"lazy\" decoding=\"async\" width=\"1024\" height=\"266\" src=\"https:\/\/www.carloscastrofotografo.com\/blog\/wp-content\/uploads\/2025\/05\/especificaciones-1024x266.png\" alt=\"\" class=\"wp-image-846\" srcset=\"https:\/\/www.carloscastrofotografo.com\/blog\/wp-content\/uploads\/2025\/05\/especificaciones-1024x266.png 1024w, https:\/\/www.carloscastrofotografo.com\/blog\/wp-content\/uploads\/2025\/05\/especificaciones-300x78.png 300w, https:\/\/www.carloscastrofotografo.com\/blog\/wp-content\/uploads\/2025\/05\/especificaciones-768x199.png 768w, https:\/\/www.carloscastrofotografo.com\/blog\/wp-content\/uploads\/2025\/05\/especificaciones-1536x398.png 1536w, https:\/\/www.carloscastrofotografo.com\/blog\/wp-content\/uploads\/2025\/05\/especificaciones-696x181.png 696w, https:\/\/www.carloscastrofotografo.com\/blog\/wp-content\/uploads\/2025\/05\/especificaciones-1068x277.png 1068w, https:\/\/www.carloscastrofotografo.com\/blog\/wp-content\/uploads\/2025\/05\/especificaciones-1619x420.png 1619w, https:\/\/www.carloscastrofotografo.com\/blog\/wp-content\/uploads\/2025\/05\/especificaciones.png 1920w\" sizes=\"auto, (max-width: 1024px) 100vw, 1024px\" \/><figcaption class=\"wp-element-caption\">Especificaciones de la FUJIFILM X half<\/figcaption><\/figure>\n<\/div>\n\n\n<h3 class=\"wp-block-heading\"><strong>\u00bfEs la FUJIFILM X half para ti?<\/strong><\/h3>\n\n\n\n<p>Esta c\u00e1mara no est\u00e1 pensada para fot\u00f3grafos profesionales que buscan disparar en RAW o controlar todos los par\u00e1metros al detalle. Su enfoque es m\u00e1s emocional, m\u00e1s creativo. Es una herramienta ideal para quienes desean disfrutar del proceso fotogr\u00e1fico, sin complicaciones, pero con estilo. Si alguna vez quisiste una c\u00e1mara que combinara la magia del carrete con las comodidades del mundo digital, puede que esta sea tu oportunidad.<\/p>\n\n\n\n<p><strong>\u00bfQu\u00e9 opinas t\u00fa?<\/strong>&nbsp;\u00bfTe gustar\u00eda probar la nueva FUJIFILM X half? \u00bfCrees que su propuesta creativa vale el precio? D\u00e9jamelo en los comentarios, \u00a1me encantar\u00e1 leeros!<\/p>\n","protected":false},"excerpt":{"rendered":"<p>FUJIFILM&nbsp;ha sorprendido al mundo de la fotograf\u00eda con el anuncio de su nueva c\u00e1mara digital compacta:&nbsp;FUJIFILM X half, un modelo que reinventa el concepto de fotograf\u00eda h\u00edbrida al unir la est\u00e9tica anal\u00f3gica con las prestaciones digitales actuales. Ligera, compacta y con un dise\u00f1o nost\u00e1lgico, esta c\u00e1mara promete convertirse en una aliada creativa para los fot\u00f3grafos [&hellip;]<\/p>\n","protected":false},"author":1,"featured_media":845,"comment_status":"open","ping_status":"open","sticky":false,"template":"","format":"standard","meta":{"footnotes":""},"categories":[14,200],"tags":[634,635,639,632,641,640,638,636,637,633,642],"class_list":{"0":"post-844","1":"post","2":"type-post","3":"status-publish","4":"format-standard","5":"has-post-thumbnail","7":"category-camara-foto","8":"category-equipo-audiovisual","9":"tag-camara-analogica-digital","10":"tag-camara-digital-compacta","11":"tag-camara-fujifilm","12":"tag-camara-para-creadores-de-contenido","13":"tag-camara-retro-fujifilm","14":"tag-camara-vintage-moderna","15":"tag-fujifilm-emulaciones-de-pelicula","16":"tag-fujifilm-x-half","17":"tag-fujifilm-x-half-caracteristicas","18":"tag-fujifilm-x-half-precio","19":"tag-fujifilm-x-half-review"},"yoast_head":"<!-- This site is optimized with the Yoast SEO plugin v27.4 - https:\/\/yoast.com\/product\/yoast-seo-wordpress\/ -->\n<title>FUJIFILM X half: c\u00e1mara retro digital compacta<\/title>\n<meta name=\"description\" content=\"Descubre la nueva FUJIFILM X half: una c\u00e1mara compacta digital con estilo retro, emulaciones de pel\u00edcula y funciones creativas para RRSS.\" \/>\n<meta name=\"robots\" content=\"index, follow, max-snippet:-1, max-image-preview:large, max-video-preview:-1\" \/>\n<link rel=\"canonical\" href=\"https:\/\/www.carloscastrofotografo.com\/blog\/fujifilm-x-half\/\" \/>\n<meta property=\"og:locale\" content=\"es_ES\" \/>\n<meta property=\"og:type\" content=\"article\" \/>\n<meta property=\"og:title\" content=\"FUJIFILM X half: c\u00e1mara retro digital compacta\" \/>\n<meta property=\"og:description\" content=\"Descubre la nueva FUJIFILM X half: una c\u00e1mara compacta digital con estilo retro, emulaciones de pel\u00edcula y funciones creativas para RRSS.\" \/>\n<meta property=\"og:url\" content=\"https:\/\/www.carloscastrofotografo.com\/blog\/fujifilm-x-half\/\" \/>\n<meta property=\"og:site_name\" content=\"Blog de Carlos Castro Fot\u00f3grafo\" \/>\n<meta property=\"article:published_time\" content=\"2025-05-24T08:54:28+00:00\" \/>\n<meta property=\"article:modified_time\" content=\"2025-05-24T08:54:30+00:00\" \/>\n<meta property=\"og:image\" content=\"https:\/\/www.carloscastrofotografo.com\/blog\/wp-content\/uploads\/2025\/05\/FUJIFILM-X-half.jpg\" \/>\n\t<meta property=\"og:image:width\" content=\"1300\" \/>\n\t<meta property=\"og:image:height\" content=\"750\" \/>\n\t<meta property=\"og:image:type\" content=\"image\/jpeg\" \/>\n<meta name=\"author\" content=\"Carlos Castro\" \/>\n<meta name=\"twitter:card\" content=\"summary_large_image\" \/>\n<meta name=\"twitter:label1\" content=\"Escrito por\" \/>\n\t<meta name=\"twitter:data1\" content=\"Carlos Castro\" \/>\n\t<meta name=\"twitter:label2\" content=\"Tiempo de lectura\" \/>\n\t<meta name=\"twitter:data2\" content=\"3 minutos\" \/>\n<script type=\"application\/ld+json\" class=\"yoast-schema-graph\">{\"@context\":\"https:\\\/\\\/schema.org\",\"@graph\":[{\"@type\":\"Article\",\"@id\":\"https:\\\/\\\/www.carloscastrofotografo.com\\\/blog\\\/fujifilm-x-half\\\/#article\",\"isPartOf\":{\"@id\":\"https:\\\/\\\/www.carloscastrofotografo.com\\\/blog\\\/fujifilm-x-half\\\/\"},\"author\":{\"name\":\"Carlos Castro\",\"@id\":\"https:\\\/\\\/www.carloscastrofotografo.com\\\/blog\\\/#\\\/schema\\\/person\\\/f2df3dbaf3422e563228db874428292d\"},\"headline\":\"FUJIFILM X half: la c\u00e1mara digital que une el encanto anal\u00f3gico con la tecnolog\u00eda moderna\",\"datePublished\":\"2025-05-24T08:54:28+00:00\",\"dateModified\":\"2025-05-24T08:54:30+00:00\",\"mainEntityOfPage\":{\"@id\":\"https:\\\/\\\/www.carloscastrofotografo.com\\\/blog\\\/fujifilm-x-half\\\/\"},\"wordCount\":647,\"commentCount\":0,\"publisher\":{\"@id\":\"https:\\\/\\\/www.carloscastrofotografo.com\\\/blog\\\/#\\\/schema\\\/person\\\/f2df3dbaf3422e563228db874428292d\"},\"image\":{\"@id\":\"https:\\\/\\\/www.carloscastrofotografo.com\\\/blog\\\/fujifilm-x-half\\\/#primaryimage\"},\"thumbnailUrl\":\"https:\\\/\\\/www.carloscastrofotografo.com\\\/blog\\\/wp-content\\\/uploads\\\/2025\\\/05\\\/FUJIFILM-X-half.jpg\",\"keywords\":[\"c\u00e1mara anal\u00f3gica digital\",\"c\u00e1mara digital compacta\",\"c\u00e1mara FUJIFILM\",\"c\u00e1mara para creadores de contenido\",\"c\u00e1mara retro FUJIFILM\",\"c\u00e1mara vintage moderna\",\"FUJIFILM emulaciones de pel\u00edcula\",\"FUJIFILM X half\",\"FUJIFILM X half caracter\u00edsticas\",\"FUJIFILM X half precio\",\"FUJIFILM X half review\"],\"articleSection\":[\"C\u00e1maras\",\"Equipo Audiovisual\"],\"inLanguage\":\"es\",\"potentialAction\":[{\"@type\":\"CommentAction\",\"name\":\"Comment\",\"target\":[\"https:\\\/\\\/www.carloscastrofotografo.com\\\/blog\\\/fujifilm-x-half\\\/#respond\"]}]},{\"@type\":\"WebPage\",\"@id\":\"https:\\\/\\\/www.carloscastrofotografo.com\\\/blog\\\/fujifilm-x-half\\\/\",\"url\":\"https:\\\/\\\/www.carloscastrofotografo.com\\\/blog\\\/fujifilm-x-half\\\/\",\"name\":\"FUJIFILM X half: c\u00e1mara retro digital compacta\",\"isPartOf\":{\"@id\":\"https:\\\/\\\/www.carloscastrofotografo.com\\\/blog\\\/#website\"},\"primaryImageOfPage\":{\"@id\":\"https:\\\/\\\/www.carloscastrofotografo.com\\\/blog\\\/fujifilm-x-half\\\/#primaryimage\"},\"image\":{\"@id\":\"https:\\\/\\\/www.carloscastrofotografo.com\\\/blog\\\/fujifilm-x-half\\\/#primaryimage\"},\"thumbnailUrl\":\"https:\\\/\\\/www.carloscastrofotografo.com\\\/blog\\\/wp-content\\\/uploads\\\/2025\\\/05\\\/FUJIFILM-X-half.jpg\",\"datePublished\":\"2025-05-24T08:54:28+00:00\",\"dateModified\":\"2025-05-24T08:54:30+00:00\",\"description\":\"Descubre la nueva FUJIFILM X half: una c\u00e1mara compacta digital con estilo retro, emulaciones de pel\u00edcula y funciones creativas para RRSS.\",\"breadcrumb\":{\"@id\":\"https:\\\/\\\/www.carloscastrofotografo.com\\\/blog\\\/fujifilm-x-half\\\/#breadcrumb\"},\"inLanguage\":\"es\",\"potentialAction\":[{\"@type\":\"ReadAction\",\"target\":[\"https:\\\/\\\/www.carloscastrofotografo.com\\\/blog\\\/fujifilm-x-half\\\/\"]}]},{\"@type\":\"ImageObject\",\"inLanguage\":\"es\",\"@id\":\"https:\\\/\\\/www.carloscastrofotografo.com\\\/blog\\\/fujifilm-x-half\\\/#primaryimage\",\"url\":\"https:\\\/\\\/www.carloscastrofotografo.com\\\/blog\\\/wp-content\\\/uploads\\\/2025\\\/05\\\/FUJIFILM-X-half.jpg\",\"contentUrl\":\"https:\\\/\\\/www.carloscastrofotografo.com\\\/blog\\\/wp-content\\\/uploads\\\/2025\\\/05\\\/FUJIFILM-X-half.jpg\",\"width\":1300,\"height\":750,\"caption\":\"FUJIFILM X half\"},{\"@type\":\"BreadcrumbList\",\"@id\":\"https:\\\/\\\/www.carloscastrofotografo.com\\\/blog\\\/fujifilm-x-half\\\/#breadcrumb\",\"itemListElement\":[{\"@type\":\"ListItem\",\"position\":1,\"name\":\"Portada\",\"item\":\"https:\\\/\\\/www.carloscastrofotografo.com\\\/blog\\\/\"},{\"@type\":\"ListItem\",\"position\":2,\"name\":\"FUJIFILM X half: la c\u00e1mara digital que une el encanto anal\u00f3gico con la tecnolog\u00eda moderna\"}]},{\"@type\":\"WebSite\",\"@id\":\"https:\\\/\\\/www.carloscastrofotografo.com\\\/blog\\\/#website\",\"url\":\"https:\\\/\\\/www.carloscastrofotografo.com\\\/blog\\\/\",\"name\":\"Blog de Carlos Castro Fot\u00f3grafo\",\"description\":\"Todo sobre Fotograf\u00eda y V\u00eddeo, para apasionados de la imagen.\",\"publisher\":{\"@id\":\"https:\\\/\\\/www.carloscastrofotografo.com\\\/blog\\\/#\\\/schema\\\/person\\\/f2df3dbaf3422e563228db874428292d\"},\"potentialAction\":[{\"@type\":\"SearchAction\",\"target\":{\"@type\":\"EntryPoint\",\"urlTemplate\":\"https:\\\/\\\/www.carloscastrofotografo.com\\\/blog\\\/?s={search_term_string}\"},\"query-input\":{\"@type\":\"PropertyValueSpecification\",\"valueRequired\":true,\"valueName\":\"search_term_string\"}}],\"inLanguage\":\"es\"},{\"@type\":[\"Person\",\"Organization\"],\"@id\":\"https:\\\/\\\/www.carloscastrofotografo.com\\\/blog\\\/#\\\/schema\\\/person\\\/f2df3dbaf3422e563228db874428292d\",\"name\":\"Carlos Castro\",\"image\":{\"@type\":\"ImageObject\",\"inLanguage\":\"es\",\"@id\":\"https:\\\/\\\/secure.gravatar.com\\\/avatar\\\/dfdb382b872c007d17784b7cf24288a868cd90f2a34825da78d451a9ddbb4dfe?s=96&d=mm&r=g\",\"url\":\"https:\\\/\\\/secure.gravatar.com\\\/avatar\\\/dfdb382b872c007d17784b7cf24288a868cd90f2a34825da78d451a9ddbb4dfe?s=96&d=mm&r=g\",\"contentUrl\":\"https:\\\/\\\/secure.gravatar.com\\\/avatar\\\/dfdb382b872c007d17784b7cf24288a868cd90f2a34825da78d451a9ddbb4dfe?s=96&d=mm&r=g\",\"caption\":\"Carlos Castro\"},\"logo\":{\"@id\":\"https:\\\/\\\/secure.gravatar.com\\\/avatar\\\/dfdb382b872c007d17784b7cf24288a868cd90f2a34825da78d451a9ddbb4dfe?s=96&d=mm&r=g\"},\"description\":\"Fot\u00f3grafo, Videografo y apasionado de la tecnolog\u00eda. Cazador de tormentas y astrofot\u00f3grafo amateur.\",\"sameAs\":[\"https:\\\/\\\/www.carloscastrofotografo.com\",\"https:\\\/\\\/www.youtube.com\\\/carloscastrofotografo\"],\"url\":\"https:\\\/\\\/www.carloscastrofotografo.com\\\/blog\\\/author\\\/admin\\\/\"}]}<\/script>\n<!-- \/ Yoast SEO plugin. -->","yoast_head_json":{"title":"FUJIFILM X half: c\u00e1mara retro digital compacta","description":"Descubre la nueva FUJIFILM X half: una c\u00e1mara compacta digital con estilo retro, emulaciones de pel\u00edcula y funciones creativas para RRSS.","robots":{"index":"index","follow":"follow","max-snippet":"max-snippet:-1","max-image-preview":"max-image-preview:large","max-video-preview":"max-video-preview:-1"},"canonical":"https:\/\/www.carloscastrofotografo.com\/blog\/fujifilm-x-half\/","og_locale":"es_ES","og_type":"article","og_title":"FUJIFILM X half: c\u00e1mara retro digital compacta","og_description":"Descubre la nueva FUJIFILM X half: una c\u00e1mara compacta digital con estilo retro, emulaciones de pel\u00edcula y funciones creativas para RRSS.","og_url":"https:\/\/www.carloscastrofotografo.com\/blog\/fujifilm-x-half\/","og_site_name":"Blog de Carlos Castro Fot\u00f3grafo","article_published_time":"2025-05-24T08:54:28+00:00","article_modified_time":"2025-05-24T08:54:30+00:00","og_image":[{"width":1300,"height":750,"url":"https:\/\/www.carloscastrofotografo.com\/blog\/wp-content\/uploads\/2025\/05\/FUJIFILM-X-half.jpg","type":"image\/jpeg"}],"author":"Carlos Castro","twitter_card":"summary_large_image","twitter_misc":{"Escrito por":"Carlos Castro","Tiempo de lectura":"3 minutos"},"schema":{"@context":"https:\/\/schema.org","@graph":[{"@type":"Article","@id":"https:\/\/www.carloscastrofotografo.com\/blog\/fujifilm-x-half\/#article","isPartOf":{"@id":"https:\/\/www.carloscastrofotografo.com\/blog\/fujifilm-x-half\/"},"author":{"name":"Carlos Castro","@id":"https:\/\/www.carloscastrofotografo.com\/blog\/#\/schema\/person\/f2df3dbaf3422e563228db874428292d"},"headline":"FUJIFILM X half: la c\u00e1mara digital que une el encanto anal\u00f3gico con la tecnolog\u00eda moderna","datePublished":"2025-05-24T08:54:28+00:00","dateModified":"2025-05-24T08:54:30+00:00","mainEntityOfPage":{"@id":"https:\/\/www.carloscastrofotografo.com\/blog\/fujifilm-x-half\/"},"wordCount":647,"commentCount":0,"publisher":{"@id":"https:\/\/www.carloscastrofotografo.com\/blog\/#\/schema\/person\/f2df3dbaf3422e563228db874428292d"},"image":{"@id":"https:\/\/www.carloscastrofotografo.com\/blog\/fujifilm-x-half\/#primaryimage"},"thumbnailUrl":"https:\/\/www.carloscastrofotografo.com\/blog\/wp-content\/uploads\/2025\/05\/FUJIFILM-X-half.jpg","keywords":["c\u00e1mara anal\u00f3gica digital","c\u00e1mara digital compacta","c\u00e1mara FUJIFILM","c\u00e1mara para creadores de contenido","c\u00e1mara retro FUJIFILM","c\u00e1mara vintage moderna","FUJIFILM emulaciones de pel\u00edcula","FUJIFILM X half","FUJIFILM X half caracter\u00edsticas","FUJIFILM X half precio","FUJIFILM X half review"],"articleSection":["C\u00e1maras","Equipo Audiovisual"],"inLanguage":"es","potentialAction":[{"@type":"CommentAction","name":"Comment","target":["https:\/\/www.carloscastrofotografo.com\/blog\/fujifilm-x-half\/#respond"]}]},{"@type":"WebPage","@id":"https:\/\/www.carloscastrofotografo.com\/blog\/fujifilm-x-half\/","url":"https:\/\/www.carloscastrofotografo.com\/blog\/fujifilm-x-half\/","name":"FUJIFILM X half: c\u00e1mara retro digital compacta","isPartOf":{"@id":"https:\/\/www.carloscastrofotografo.com\/blog\/#website"},"primaryImageOfPage":{"@id":"https:\/\/www.carloscastrofotografo.com\/blog\/fujifilm-x-half\/#primaryimage"},"image":{"@id":"https:\/\/www.carloscastrofotografo.com\/blog\/fujifilm-x-half\/#primaryimage"},"thumbnailUrl":"https:\/\/www.carloscastrofotografo.com\/blog\/wp-content\/uploads\/2025\/05\/FUJIFILM-X-half.jpg","datePublished":"2025-05-24T08:54:28+00:00","dateModified":"2025-05-24T08:54:30+00:00","description":"Descubre la nueva FUJIFILM X half: una c\u00e1mara compacta digital con estilo retro, emulaciones de pel\u00edcula y funciones creativas para RRSS.","breadcrumb":{"@id":"https:\/\/www.carloscastrofotografo.com\/blog\/fujifilm-x-half\/#breadcrumb"},"inLanguage":"es","potentialAction":[{"@type":"ReadAction","target":["https:\/\/www.carloscastrofotografo.com\/blog\/fujifilm-x-half\/"]}]},{"@type":"ImageObject","inLanguage":"es","@id":"https:\/\/www.carloscastrofotografo.com\/blog\/fujifilm-x-half\/#primaryimage","url":"https:\/\/www.carloscastrofotografo.com\/blog\/wp-content\/uploads\/2025\/05\/FUJIFILM-X-half.jpg","contentUrl":"https:\/\/www.carloscastrofotografo.com\/blog\/wp-content\/uploads\/2025\/05\/FUJIFILM-X-half.jpg","width":1300,"height":750,"caption":"FUJIFILM X half"},{"@type":"BreadcrumbList","@id":"https:\/\/www.carloscastrofotografo.com\/blog\/fujifilm-x-half\/#breadcrumb","itemListElement":[{"@type":"ListItem","position":1,"name":"Portada","item":"https:\/\/www.carloscastrofotografo.com\/blog\/"},{"@type":"ListItem","position":2,"name":"FUJIFILM X half: la c\u00e1mara digital que une el encanto anal\u00f3gico con la tecnolog\u00eda moderna"}]},{"@type":"WebSite","@id":"https:\/\/www.carloscastrofotografo.com\/blog\/#website","url":"https:\/\/www.carloscastrofotografo.com\/blog\/","name":"Blog de Carlos Castro Fot\u00f3grafo","description":"Todo sobre Fotograf\u00eda y V\u00eddeo, para apasionados de la imagen.","publisher":{"@id":"https:\/\/www.carloscastrofotografo.com\/blog\/#\/schema\/person\/f2df3dbaf3422e563228db874428292d"},"potentialAction":[{"@type":"SearchAction","target":{"@type":"EntryPoint","urlTemplate":"https:\/\/www.carloscastrofotografo.com\/blog\/?s={search_term_string}"},"query-input":{"@type":"PropertyValueSpecification","valueRequired":true,"valueName":"search_term_string"}}],"inLanguage":"es"},{"@type":["Person","Organization"],"@id":"https:\/\/www.carloscastrofotografo.com\/blog\/#\/schema\/person\/f2df3dbaf3422e563228db874428292d","name":"Carlos Castro","image":{"@type":"ImageObject","inLanguage":"es","@id":"https:\/\/secure.gravatar.com\/avatar\/dfdb382b872c007d17784b7cf24288a868cd90f2a34825da78d451a9ddbb4dfe?s=96&d=mm&r=g","url":"https:\/\/secure.gravatar.com\/avatar\/dfdb382b872c007d17784b7cf24288a868cd90f2a34825da78d451a9ddbb4dfe?s=96&d=mm&r=g","contentUrl":"https:\/\/secure.gravatar.com\/avatar\/dfdb382b872c007d17784b7cf24288a868cd90f2a34825da78d451a9ddbb4dfe?s=96&d=mm&r=g","caption":"Carlos Castro"},"logo":{"@id":"https:\/\/secure.gravatar.com\/avatar\/dfdb382b872c007d17784b7cf24288a868cd90f2a34825da78d451a9ddbb4dfe?s=96&d=mm&r=g"},"description":"Fot\u00f3grafo, Videografo y apasionado de la tecnolog\u00eda. Cazador de tormentas y astrofot\u00f3grafo amateur.","sameAs":["https:\/\/www.carloscastrofotografo.com","https:\/\/www.youtube.com\/carloscastrofotografo"],"url":"https:\/\/www.carloscastrofotografo.com\/blog\/author\/admin\/"}]}},"_links":{"self":[{"href":"https:\/\/www.carloscastrofotografo.com\/blog\/wp-json\/wp\/v2\/posts\/844","targetHints":{"allow":["GET"]}}],"collection":[{"href":"https:\/\/www.carloscastrofotografo.com\/blog\/wp-json\/wp\/v2\/posts"}],"about":[{"href":"https:\/\/www.carloscastrofotografo.com\/blog\/wp-json\/wp\/v2\/types\/post"}],"author":[{"embeddable":true,"href":"https:\/\/www.carloscastrofotografo.com\/blog\/wp-json\/wp\/v2\/users\/1"}],"replies":[{"embeddable":true,"href":"https:\/\/www.carloscastrofotografo.com\/blog\/wp-json\/wp\/v2\/comments?post=844"}],"version-history":[{"count":1,"href":"https:\/\/www.carloscastrofotografo.com\/blog\/wp-json\/wp\/v2\/posts\/844\/revisions"}],"predecessor-version":[{"id":848,"href":"https:\/\/www.carloscastrofotografo.com\/blog\/wp-json\/wp\/v2\/posts\/844\/revisions\/848"}],"wp:featuredmedia":[{"embeddable":true,"href":"https:\/\/www.carloscastrofotografo.com\/blog\/wp-json\/wp\/v2\/media\/845"}],"wp:attachment":[{"href":"https:\/\/www.carloscastrofotografo.com\/blog\/wp-json\/wp\/v2\/media?parent=844"}],"wp:term":[{"taxonomy":"category","embeddable":true,"href":"https:\/\/www.carloscastrofotografo.com\/blog\/wp-json\/wp\/v2\/categories?post=844"},{"taxonomy":"post_tag","embeddable":true,"href":"https:\/\/www.carloscastrofotografo.com\/blog\/wp-json\/wp\/v2\/tags?post=844"}],"curies":[{"name":"wp","href":"https:\/\/api.w.org\/{rel}","templated":true}]}}