{"id":825,"date":"2025-05-21T16:15:46","date_gmt":"2025-05-21T14:15:46","guid":{"rendered":"https:\/\/www.carloscastrofotografo.com\/blog\/?p=825"},"modified":"2025-05-21T16:15:48","modified_gmt":"2025-05-21T14:15:48","slug":"dji-mini-5-pro-filtraciones-sensor-lidar","status":"publish","type":"post","link":"https:\/\/www.carloscastrofotografo.com\/blog\/dji-mini-5-pro-filtraciones-sensor-lidar\/","title":{"rendered":"DJI Mini 5 Pro: \u00a1Filtraciones Revelan un Sensor de 1 Pulgada, Lidar y Fecha de Lanzamiento!"},"content":{"rendered":"\n<h2 class=\"wp-block-heading\">Introducci\u00f3n: El Futuro de los Drones Compactos<\/h2>\n\n\n\n<p>La serie DJI Mini se ha ganado un lugar especial en el coraz\u00f3n de los entusiastas de los drones por su combinaci\u00f3n inigualable de portabilidad, rendimiento y precio accesible. Con cada nueva iteraci\u00f3n, DJI redefine lo que es posible en un paquete ultracompacto. Ahora, la emoci\u00f3n est\u00e1 en su punto \u00e1lgido con las&nbsp;<strong>\u00faltimas filtraciones del DJI Mini 5 Pro<\/strong>, que no solo confirman su existencia, sino que tambi\u00e9n revelan caracter\u00edsticas que podr\u00edan convertirlo en el dron m\u00e1s avanzado de su clase. \u00bfEst\u00e1s listo para conocer los detalles?<\/p>\n\n\n\n<h3 class=\"wp-block-heading\">La Confirmaci\u00f3n Visual: Prototypes del Mini 5 Pro en Acci\u00f3n<\/h3>\n\n\n\n<p>A principios de mayo, el conocido divulgador de noticias sobre drones, Igor Bogdanov, comparti\u00f3 un v\u00eddeo revolucionario. Por primera vez, se pudieron ver&nbsp;<strong>prototipos reales del DJI Mini 5 Pro<\/strong>&nbsp;(y tambi\u00e9n del Mavic 4 Pro) siendo probados en campo. Las im\u00e1genes muestran a empleados de DJI trabajando en una mesa de pruebas, con al menos dos unidades del Mini 5 Pro en evidencia: una siendo sostenida por un empleado y otra visible en la mesa.<\/p>\n\n\n\n<p>Este avistamiento es crucial, ya que confirma que DJI est\u00e1 en una fase avanzada y acelerada de pruebas. La presencia simult\u00e1nea del Mavic 4 Pro en estas pruebas sugiere que ambos modelos est\u00e1n cerca de su lanzamiento, con el Mavic 4 Pro previsto para esta misma semana, lo que nos da una idea del ritmo de desarrollo de DJI.<\/p>\n\n\n<div class=\"wp-block-image\">\n<figure class=\"aligncenter size-large td-caption-align-https:\/\/www.carloscastrofotografo.com\/blog\/wp-content\/uploads\/2025\/05\/prototipo-dji-mini-5-pro.jpg\"><img loading=\"lazy\" decoding=\"async\" width=\"1024\" height=\"703\" src=\"https:\/\/www.carloscastrofotografo.com\/blog\/wp-content\/uploads\/2025\/05\/prototipo-dji-mini-5-pro-1024x703.jpg\" alt=\"\" class=\"wp-image-827\" srcset=\"https:\/\/www.carloscastrofotografo.com\/blog\/wp-content\/uploads\/2025\/05\/prototipo-dji-mini-5-pro-1024x703.jpg 1024w, https:\/\/www.carloscastrofotografo.com\/blog\/wp-content\/uploads\/2025\/05\/prototipo-dji-mini-5-pro-300x206.jpg 300w, https:\/\/www.carloscastrofotografo.com\/blog\/wp-content\/uploads\/2025\/05\/prototipo-dji-mini-5-pro-768x527.jpg 768w, https:\/\/www.carloscastrofotografo.com\/blog\/wp-content\/uploads\/2025\/05\/prototipo-dji-mini-5-pro-218x150.jpg 218w, https:\/\/www.carloscastrofotografo.com\/blog\/wp-content\/uploads\/2025\/05\/prototipo-dji-mini-5-pro-696x478.jpg 696w, https:\/\/www.carloscastrofotografo.com\/blog\/wp-content\/uploads\/2025\/05\/prototipo-dji-mini-5-pro-1068x733.jpg 1068w, https:\/\/www.carloscastrofotografo.com\/blog\/wp-content\/uploads\/2025\/05\/prototipo-dji-mini-5-pro-612x420.jpg 612w, https:\/\/www.carloscastrofotografo.com\/blog\/wp-content\/uploads\/2025\/05\/prototipo-dji-mini-5-pro-100x70.jpg 100w, https:\/\/www.carloscastrofotografo.com\/blog\/wp-content\/uploads\/2025\/05\/prototipo-dji-mini-5-pro.jpg 1470w\" sizes=\"auto, (max-width: 1024px) 100vw, 1024px\" \/><figcaption class=\"wp-element-caption\">Supuesta imagen de un prototipo del Drone DJI Mini 5 Pro<\/figcaption><\/figure>\n<\/div>\n\n\n<h3 class=\"wp-block-heading\">Especificaciones Filtradas: \u00bfQu\u00e9 Trae de Nuevo el DJI Mini 5 Pro?<\/h3>\n\n\n\n<p>A finales de abril, hakasushi, otra fuente fiable con contactos internos en DJI, public\u00f3 informaci\u00f3n detallada sobre las posibles&nbsp;<strong>especificaciones del DJI Mini 5 Pro<\/strong>:<\/p>\n\n\n\n<ol class=\"wp-block-list\">\n<li><strong>C\u00e1mara con Sensor de 1 Pulgada:<\/strong>\u00a0Si el Mini 4 Pro ya impresionaba con su sensor de 1\/1.3 pulgadas, el Mini 5 Pro apunta a\u00fan m\u00e1s alto. Un sensor de 1 pulgada significar\u00eda un salto cualitativo enorme en la calidad de imagen, especialmente en condiciones de poca luz y con un rango din\u00e1mico mejorado. Esto lo pondr\u00eda al nivel de drones de gamas superiores, manteniendo la portabilidad.<\/li>\n\n\n\n<li><strong>Motores M\u00e1s Grandes y H\u00e9lices de Liberaci\u00f3n R\u00e1pida:<\/strong>\u00a0M\u00e1s potencia se traduce en un vuelo m\u00e1s estable, mayor resistencia al viento y posiblemente una mejor aceleraci\u00f3n. Las h\u00e9lices de liberaci\u00f3n r\u00e1pida, por su parte, no solo facilitan el montaje y desmontaje, sino que tambi\u00e9n pueden optimizar la eficiencia y reducir el ruido.<\/li>\n\n\n\n<li><strong>Lidar Frontal: Detecci\u00f3n y Seguimiento de Obst\u00e1culos Mejorados:<\/strong>\u00a0La incorporaci\u00f3n de un sensor LiDAR frontal es una caracter\u00edstica de seguridad y funcionalidad de vanguardia. El LiDAR permite una detecci\u00f3n de obst\u00e1culos mucho m\u00e1s precisa y un seguimiento de sujetos m\u00e1s fluido y fiable, lo que se traduce en vuelos m\u00e1s seguros y una experiencia de usuario m\u00e1s intuitiva.<\/li>\n\n\n\n<li><strong>Grabaci\u00f3n de Audio y 25km de Alcance:<\/strong>\u00a0Aunque no se detalla en las publicaciones de Twitter, otras fuentes sugieren que el Mini 5 Pro podr\u00eda incorporar capacidades de grabaci\u00f3n de audio y un impresionante alcance de hasta 25 kil\u00f3metros, superando a sus predecesores.<\/li>\n\n\n\n<li><strong>Bater\u00eda de 50 Minutos:<\/strong>\u00a0Una de las mejoras m\u00e1s esperadas es una bater\u00eda de mayor duraci\u00f3n, con rumores que apuntan a hasta 50 minutos de vuelo. Esto ofrecer\u00eda una autonom\u00eda excepcional para un dron de su tama\u00f1o.<\/li>\n<\/ol>\n\n\n\n<h3 class=\"wp-block-heading\">Fecha de Lanzamiento: \u00bfCu\u00e1ndo Llegar\u00e1 el DJI Mini 5 Pro?<\/h3>\n\n\n\n<p>La fecha de lanzamiento ha sido objeto de especulaci\u00f3n. Inicialmente, Jasper Ellens (otro reconocido filtrador) sugiri\u00f3 que el Mini 5 Pro podr\u00eda llegar en el verano de este a\u00f1o. Sin embargo, hakasushi complement\u00f3 esta informaci\u00f3n recientemente, afirmando que, seg\u00fan sus contactos, la fecha de lanzamiento del&nbsp;<strong>DJI Mini 5 Pro est\u00e1 prevista para septiembre de 2025<\/strong>.<\/p>\n\n\n\n<h3 class=\"wp-block-heading\">El Legado de la Serie Mini y el Salto del Mini 5 Pro<\/h3>\n\n\n\n<p>El lanzamiento del Mini 5 Pro ser\u00e1 un hito para DJI. La serie Mini, que incluye el Mini 1, 2, 3 y 4, ha sido un \u00e9xito rotundo. El Mini 5 ser\u00e1 el primer dron de DJI en alcanzar la quinta versi\u00f3n dentro de una misma l\u00ednea de productos, superando incluso a la ic\u00f3nica serie Phantom, que se detuvo en su cuarta iteraci\u00f3n.<\/p>\n\n\n\n<p>La serie Mini ha consolidado su posici\u00f3n en el mercado por ser confiable, compacta, plegable, ofrecer un alcance impresionante, gran autonom\u00eda, mucha estabilidad y una excelente calidad de imagen, todo ello a un precio relativamente asequible para una l\u00ednea de entrada. El Mini 5 Pro parece estar listo para llevar estas cualidades al siguiente nivel, prometiendo ser un verdadero \u00abSuper Dron\u00bb en un formato mini.<\/p>\n\n\n\n<h3 class=\"wp-block-heading\">Conclusi\u00f3n<\/h3>\n\n\n\n<p>Las filtraciones del DJI Mini 5 Pro nos llenan de expectativas. Con un sensor de 1 pulgada, motores m\u00e1s potentes, LiDAR frontal y una autonom\u00eda mejorada, este dron promete ser un cambio de juego para creadores de contenido y entusiastas por igual. Si bien la fecha de septiembre de 2025 a\u00fan nos deja un tiempo de espera, la confirmaci\u00f3n de prototipos en fase de prueba indica que DJI est\u00e1 trabajando arduamente para entregar un producto excepcional.<\/p>\n\n\n\n<p>\u00bfQu\u00e9 caracter\u00edstica del DJI Mini 5 Pro te emociona m\u00e1s? \u00bfTienes alguna otra pregunta o aspecto t\u00e9cnico que te gustar\u00eda que abordemos? D\u00e9janos tu comentario abajo. \u00a1Leemos todos los comentarios para futuros v\u00eddeos y art\u00edculos!<\/p>\n\n\n\n<h3 class=\"wp-block-heading\"><\/h3>\n\n\n\n<p><\/p>\n","protected":false},"excerpt":{"rendered":"<p>Introducci\u00f3n: El Futuro de los Drones Compactos La serie DJI Mini se ha ganado un lugar especial en el coraz\u00f3n de los entusiastas de los drones por su combinaci\u00f3n inigualable de portabilidad, rendimiento y precio accesible. Con cada nueva iteraci\u00f3n, DJI redefine lo que es posible en un paquete ultracompacto. Ahora, la emoci\u00f3n est\u00e1 en [&hellip;]<\/p>\n","protected":false},"author":1,"featured_media":826,"comment_status":"open","ping_status":"open","sticky":false,"template":"","format":"standard","meta":{"footnotes":""},"categories":[82,200],"tags":[584,582,464,581,576,578,585,580,577,579,589,586,587,583,588,590],"class_list":{"0":"post-825","1":"post","2":"type-post","3":"status-publish","4":"format-standard","5":"has-post-thumbnail","7":"category-drones","8":"category-equipo-audiovisual","9":"tag-actualizaciones-dji-mini-5","10":"tag-autonomia-dron","11":"tag-dji-mavic-4-pro","12":"tag-dji-mini-5","13":"tag-dji-mini-5-pro","14":"tag-dron-dji-mini-5","15":"tag-drones-2025","16":"tag-especificaciones-dji-mini-5-pro","17":"tag-filtraciones-dji-mini-5","18":"tag-lanzamiento-dji-mini-5","19":"tag-lidar-dji-mini-5","20":"tag-mini-5-pro-caracteristicas","21":"tag-novedades-drones","22":"tag-nuevos-drones-dji","23":"tag-sensor-1-pulgada-dji-mini-5","24":"tag-tecnologia-drones"},"yoast_head":"<!-- This site is optimized with the Yoast SEO plugin v27.4 - https:\/\/yoast.com\/product\/yoast-seo-wordpress\/ -->\n<title>DJI Mini 5 Pro: \u00a1Filtraciones Confirman Sensor de 1 Pulgada y M\u00e1s!<\/title>\n<meta name=\"description\" content=\"Descubre las \u00faltimas filtraciones del DJI Mini 5 Pro: Especificaciones clave como el sensor de 1 pulgada y LiDAR frontal.\" \/>\n<meta name=\"robots\" content=\"index, follow, max-snippet:-1, max-image-preview:large, max-video-preview:-1\" \/>\n<link rel=\"canonical\" href=\"https:\/\/www.carloscastrofotografo.com\/blog\/dji-mini-5-pro-filtraciones-sensor-lidar\/\" \/>\n<meta property=\"og:locale\" content=\"es_ES\" \/>\n<meta property=\"og:type\" content=\"article\" \/>\n<meta property=\"og:title\" content=\"DJI Mini 5 Pro: \u00a1Filtraciones Confirman Sensor de 1 Pulgada y M\u00e1s!\" \/>\n<meta property=\"og:description\" content=\"Descubre las \u00faltimas filtraciones del DJI Mini 5 Pro: Especificaciones clave como el sensor de 1 pulgada y LiDAR frontal.\" \/>\n<meta property=\"og:url\" content=\"https:\/\/www.carloscastrofotografo.com\/blog\/dji-mini-5-pro-filtraciones-sensor-lidar\/\" \/>\n<meta property=\"og:site_name\" content=\"Blog de Carlos Castro Fot\u00f3grafo\" \/>\n<meta property=\"article:published_time\" content=\"2025-05-21T14:15:46+00:00\" \/>\n<meta property=\"article:modified_time\" content=\"2025-05-21T14:15:48+00:00\" \/>\n<meta property=\"og:image\" content=\"https:\/\/www.carloscastrofotografo.com\/blog\/wp-content\/uploads\/2025\/05\/dji-mini-5-pro-gigapixel-low-resolution-v2-2x.jpeg\" \/>\n\t<meta property=\"og:image:width\" content=\"1372\" \/>\n\t<meta property=\"og:image:height\" content=\"772\" \/>\n\t<meta property=\"og:image:type\" content=\"image\/jpeg\" \/>\n<meta name=\"author\" content=\"Carlos Castro\" \/>\n<meta name=\"twitter:card\" content=\"summary_large_image\" \/>\n<meta name=\"twitter:label1\" content=\"Escrito por\" \/>\n\t<meta name=\"twitter:data1\" content=\"Carlos Castro\" \/>\n\t<meta name=\"twitter:label2\" content=\"Tiempo de lectura\" \/>\n\t<meta name=\"twitter:data2\" content=\"5 minutos\" \/>\n<script type=\"application\/ld+json\" class=\"yoast-schema-graph\">{\"@context\":\"https:\\\/\\\/schema.org\",\"@graph\":[{\"@type\":\"Article\",\"@id\":\"https:\\\/\\\/www.carloscastrofotografo.com\\\/blog\\\/dji-mini-5-pro-filtraciones-sensor-lidar\\\/#article\",\"isPartOf\":{\"@id\":\"https:\\\/\\\/www.carloscastrofotografo.com\\\/blog\\\/dji-mini-5-pro-filtraciones-sensor-lidar\\\/\"},\"author\":{\"name\":\"Carlos Castro\",\"@id\":\"https:\\\/\\\/www.carloscastrofotografo.com\\\/blog\\\/#\\\/schema\\\/person\\\/f2df3dbaf3422e563228db874428292d\"},\"headline\":\"DJI Mini 5 Pro: \u00a1Filtraciones Revelan un Sensor de 1 Pulgada, Lidar y Fecha de Lanzamiento!\",\"datePublished\":\"2025-05-21T14:15:46+00:00\",\"dateModified\":\"2025-05-21T14:15:48+00:00\",\"mainEntityOfPage\":{\"@id\":\"https:\\\/\\\/www.carloscastrofotografo.com\\\/blog\\\/dji-mini-5-pro-filtraciones-sensor-lidar\\\/\"},\"wordCount\":928,\"commentCount\":0,\"publisher\":{\"@id\":\"https:\\\/\\\/www.carloscastrofotografo.com\\\/blog\\\/#\\\/schema\\\/person\\\/f2df3dbaf3422e563228db874428292d\"},\"image\":{\"@id\":\"https:\\\/\\\/www.carloscastrofotografo.com\\\/blog\\\/dji-mini-5-pro-filtraciones-sensor-lidar\\\/#primaryimage\"},\"thumbnailUrl\":\"https:\\\/\\\/www.carloscastrofotografo.com\\\/blog\\\/wp-content\\\/uploads\\\/2025\\\/05\\\/dji-mini-5-pro-gigapixel-low-resolution-v2-2x.jpeg\",\"keywords\":[\"actualizaciones dji mini 5\",\"autonomia dron\",\"DJI Mavic 4 Pro\",\"dji mini 5\",\"dji mini 5 pro\",\"dron dji mini 5\",\"drones 2025\",\"especificaciones dji mini 5 pro\",\"filtraciones dji mini 5\",\"lanzamiento dji mini 5\",\"lidar dji mini 5\",\"mini 5 pro caracter\u00edsticas\",\"novedades drones\",\"nuevos drones dji\",\"sensor 1 pulgada dji mini 5\",\"tecnologia drones\"],\"articleSection\":[\"Drones\",\"Equipo Audiovisual\"],\"inLanguage\":\"es\",\"potentialAction\":[{\"@type\":\"CommentAction\",\"name\":\"Comment\",\"target\":[\"https:\\\/\\\/www.carloscastrofotografo.com\\\/blog\\\/dji-mini-5-pro-filtraciones-sensor-lidar\\\/#respond\"]}]},{\"@type\":\"WebPage\",\"@id\":\"https:\\\/\\\/www.carloscastrofotografo.com\\\/blog\\\/dji-mini-5-pro-filtraciones-sensor-lidar\\\/\",\"url\":\"https:\\\/\\\/www.carloscastrofotografo.com\\\/blog\\\/dji-mini-5-pro-filtraciones-sensor-lidar\\\/\",\"name\":\"DJI Mini 5 Pro: \u00a1Filtraciones Confirman Sensor de 1 Pulgada y M\u00e1s!\",\"isPartOf\":{\"@id\":\"https:\\\/\\\/www.carloscastrofotografo.com\\\/blog\\\/#website\"},\"primaryImageOfPage\":{\"@id\":\"https:\\\/\\\/www.carloscastrofotografo.com\\\/blog\\\/dji-mini-5-pro-filtraciones-sensor-lidar\\\/#primaryimage\"},\"image\":{\"@id\":\"https:\\\/\\\/www.carloscastrofotografo.com\\\/blog\\\/dji-mini-5-pro-filtraciones-sensor-lidar\\\/#primaryimage\"},\"thumbnailUrl\":\"https:\\\/\\\/www.carloscastrofotografo.com\\\/blog\\\/wp-content\\\/uploads\\\/2025\\\/05\\\/dji-mini-5-pro-gigapixel-low-resolution-v2-2x.jpeg\",\"datePublished\":\"2025-05-21T14:15:46+00:00\",\"dateModified\":\"2025-05-21T14:15:48+00:00\",\"description\":\"Descubre las \u00faltimas filtraciones del DJI Mini 5 Pro: Especificaciones clave como el sensor de 1 pulgada y LiDAR frontal.\",\"breadcrumb\":{\"@id\":\"https:\\\/\\\/www.carloscastrofotografo.com\\\/blog\\\/dji-mini-5-pro-filtraciones-sensor-lidar\\\/#breadcrumb\"},\"inLanguage\":\"es\",\"potentialAction\":[{\"@type\":\"ReadAction\",\"target\":[\"https:\\\/\\\/www.carloscastrofotografo.com\\\/blog\\\/dji-mini-5-pro-filtraciones-sensor-lidar\\\/\"]}]},{\"@type\":\"ImageObject\",\"inLanguage\":\"es\",\"@id\":\"https:\\\/\\\/www.carloscastrofotografo.com\\\/blog\\\/dji-mini-5-pro-filtraciones-sensor-lidar\\\/#primaryimage\",\"url\":\"https:\\\/\\\/www.carloscastrofotografo.com\\\/blog\\\/wp-content\\\/uploads\\\/2025\\\/05\\\/dji-mini-5-pro-gigapixel-low-resolution-v2-2x.jpeg\",\"contentUrl\":\"https:\\\/\\\/www.carloscastrofotografo.com\\\/blog\\\/wp-content\\\/uploads\\\/2025\\\/05\\\/dji-mini-5-pro-gigapixel-low-resolution-v2-2x.jpeg\",\"width\":1372,\"height\":772,\"caption\":\"dji mini 5 pro\"},{\"@type\":\"BreadcrumbList\",\"@id\":\"https:\\\/\\\/www.carloscastrofotografo.com\\\/blog\\\/dji-mini-5-pro-filtraciones-sensor-lidar\\\/#breadcrumb\",\"itemListElement\":[{\"@type\":\"ListItem\",\"position\":1,\"name\":\"Portada\",\"item\":\"https:\\\/\\\/www.carloscastrofotografo.com\\\/blog\\\/\"},{\"@type\":\"ListItem\",\"position\":2,\"name\":\"DJI Mini 5 Pro: \u00a1Filtraciones Revelan un Sensor de 1 Pulgada, Lidar y Fecha de Lanzamiento!\"}]},{\"@type\":\"WebSite\",\"@id\":\"https:\\\/\\\/www.carloscastrofotografo.com\\\/blog\\\/#website\",\"url\":\"https:\\\/\\\/www.carloscastrofotografo.com\\\/blog\\\/\",\"name\":\"Blog de Carlos Castro Fot\u00f3grafo\",\"description\":\"Todo sobre Fotograf\u00eda y V\u00eddeo, para apasionados de la imagen.\",\"publisher\":{\"@id\":\"https:\\\/\\\/www.carloscastrofotografo.com\\\/blog\\\/#\\\/schema\\\/person\\\/f2df3dbaf3422e563228db874428292d\"},\"potentialAction\":[{\"@type\":\"SearchAction\",\"target\":{\"@type\":\"EntryPoint\",\"urlTemplate\":\"https:\\\/\\\/www.carloscastrofotografo.com\\\/blog\\\/?s={search_term_string}\"},\"query-input\":{\"@type\":\"PropertyValueSpecification\",\"valueRequired\":true,\"valueName\":\"search_term_string\"}}],\"inLanguage\":\"es\"},{\"@type\":[\"Person\",\"Organization\"],\"@id\":\"https:\\\/\\\/www.carloscastrofotografo.com\\\/blog\\\/#\\\/schema\\\/person\\\/f2df3dbaf3422e563228db874428292d\",\"name\":\"Carlos Castro\",\"image\":{\"@type\":\"ImageObject\",\"inLanguage\":\"es\",\"@id\":\"https:\\\/\\\/secure.gravatar.com\\\/avatar\\\/dfdb382b872c007d17784b7cf24288a868cd90f2a34825da78d451a9ddbb4dfe?s=96&d=mm&r=g\",\"url\":\"https:\\\/\\\/secure.gravatar.com\\\/avatar\\\/dfdb382b872c007d17784b7cf24288a868cd90f2a34825da78d451a9ddbb4dfe?s=96&d=mm&r=g\",\"contentUrl\":\"https:\\\/\\\/secure.gravatar.com\\\/avatar\\\/dfdb382b872c007d17784b7cf24288a868cd90f2a34825da78d451a9ddbb4dfe?s=96&d=mm&r=g\",\"caption\":\"Carlos Castro\"},\"logo\":{\"@id\":\"https:\\\/\\\/secure.gravatar.com\\\/avatar\\\/dfdb382b872c007d17784b7cf24288a868cd90f2a34825da78d451a9ddbb4dfe?s=96&d=mm&r=g\"},\"description\":\"Fot\u00f3grafo, Videografo y apasionado de la tecnolog\u00eda. Cazador de tormentas y astrofot\u00f3grafo amateur.\",\"sameAs\":[\"https:\\\/\\\/www.carloscastrofotografo.com\",\"https:\\\/\\\/www.youtube.com\\\/carloscastrofotografo\"],\"url\":\"https:\\\/\\\/www.carloscastrofotografo.com\\\/blog\\\/author\\\/admin\\\/\"}]}<\/script>\n<!-- \/ Yoast SEO plugin. -->","yoast_head_json":{"title":"DJI Mini 5 Pro: \u00a1Filtraciones Confirman Sensor de 1 Pulgada y M\u00e1s!","description":"Descubre las \u00faltimas filtraciones del DJI Mini 5 Pro: Especificaciones clave como el sensor de 1 pulgada y LiDAR frontal.","robots":{"index":"index","follow":"follow","max-snippet":"max-snippet:-1","max-image-preview":"max-image-preview:large","max-video-preview":"max-video-preview:-1"},"canonical":"https:\/\/www.carloscastrofotografo.com\/blog\/dji-mini-5-pro-filtraciones-sensor-lidar\/","og_locale":"es_ES","og_type":"article","og_title":"DJI Mini 5 Pro: \u00a1Filtraciones Confirman Sensor de 1 Pulgada y M\u00e1s!","og_description":"Descubre las \u00faltimas filtraciones del DJI Mini 5 Pro: Especificaciones clave como el sensor de 1 pulgada y LiDAR frontal.","og_url":"https:\/\/www.carloscastrofotografo.com\/blog\/dji-mini-5-pro-filtraciones-sensor-lidar\/","og_site_name":"Blog de Carlos Castro Fot\u00f3grafo","article_published_time":"2025-05-21T14:15:46+00:00","article_modified_time":"2025-05-21T14:15:48+00:00","og_image":[{"width":1372,"height":772,"url":"https:\/\/www.carloscastrofotografo.com\/blog\/wp-content\/uploads\/2025\/05\/dji-mini-5-pro-gigapixel-low-resolution-v2-2x.jpeg","type":"image\/jpeg"}],"author":"Carlos Castro","twitter_card":"summary_large_image","twitter_misc":{"Escrito por":"Carlos Castro","Tiempo de lectura":"5 minutos"},"schema":{"@context":"https:\/\/schema.org","@graph":[{"@type":"Article","@id":"https:\/\/www.carloscastrofotografo.com\/blog\/dji-mini-5-pro-filtraciones-sensor-lidar\/#article","isPartOf":{"@id":"https:\/\/www.carloscastrofotografo.com\/blog\/dji-mini-5-pro-filtraciones-sensor-lidar\/"},"author":{"name":"Carlos Castro","@id":"https:\/\/www.carloscastrofotografo.com\/blog\/#\/schema\/person\/f2df3dbaf3422e563228db874428292d"},"headline":"DJI Mini 5 Pro: \u00a1Filtraciones Revelan un Sensor de 1 Pulgada, Lidar y Fecha de Lanzamiento!","datePublished":"2025-05-21T14:15:46+00:00","dateModified":"2025-05-21T14:15:48+00:00","mainEntityOfPage":{"@id":"https:\/\/www.carloscastrofotografo.com\/blog\/dji-mini-5-pro-filtraciones-sensor-lidar\/"},"wordCount":928,"commentCount":0,"publisher":{"@id":"https:\/\/www.carloscastrofotografo.com\/blog\/#\/schema\/person\/f2df3dbaf3422e563228db874428292d"},"image":{"@id":"https:\/\/www.carloscastrofotografo.com\/blog\/dji-mini-5-pro-filtraciones-sensor-lidar\/#primaryimage"},"thumbnailUrl":"https:\/\/www.carloscastrofotografo.com\/blog\/wp-content\/uploads\/2025\/05\/dji-mini-5-pro-gigapixel-low-resolution-v2-2x.jpeg","keywords":["actualizaciones dji mini 5","autonomia dron","DJI Mavic 4 Pro","dji mini 5","dji mini 5 pro","dron dji mini 5","drones 2025","especificaciones dji mini 5 pro","filtraciones dji mini 5","lanzamiento dji mini 5","lidar dji mini 5","mini 5 pro caracter\u00edsticas","novedades drones","nuevos drones dji","sensor 1 pulgada dji mini 5","tecnologia drones"],"articleSection":["Drones","Equipo Audiovisual"],"inLanguage":"es","potentialAction":[{"@type":"CommentAction","name":"Comment","target":["https:\/\/www.carloscastrofotografo.com\/blog\/dji-mini-5-pro-filtraciones-sensor-lidar\/#respond"]}]},{"@type":"WebPage","@id":"https:\/\/www.carloscastrofotografo.com\/blog\/dji-mini-5-pro-filtraciones-sensor-lidar\/","url":"https:\/\/www.carloscastrofotografo.com\/blog\/dji-mini-5-pro-filtraciones-sensor-lidar\/","name":"DJI Mini 5 Pro: \u00a1Filtraciones Confirman Sensor de 1 Pulgada y M\u00e1s!","isPartOf":{"@id":"https:\/\/www.carloscastrofotografo.com\/blog\/#website"},"primaryImageOfPage":{"@id":"https:\/\/www.carloscastrofotografo.com\/blog\/dji-mini-5-pro-filtraciones-sensor-lidar\/#primaryimage"},"image":{"@id":"https:\/\/www.carloscastrofotografo.com\/blog\/dji-mini-5-pro-filtraciones-sensor-lidar\/#primaryimage"},"thumbnailUrl":"https:\/\/www.carloscastrofotografo.com\/blog\/wp-content\/uploads\/2025\/05\/dji-mini-5-pro-gigapixel-low-resolution-v2-2x.jpeg","datePublished":"2025-05-21T14:15:46+00:00","dateModified":"2025-05-21T14:15:48+00:00","description":"Descubre las \u00faltimas filtraciones del DJI Mini 5 Pro: Especificaciones clave como el sensor de 1 pulgada y LiDAR frontal.","breadcrumb":{"@id":"https:\/\/www.carloscastrofotografo.com\/blog\/dji-mini-5-pro-filtraciones-sensor-lidar\/#breadcrumb"},"inLanguage":"es","potentialAction":[{"@type":"ReadAction","target":["https:\/\/www.carloscastrofotografo.com\/blog\/dji-mini-5-pro-filtraciones-sensor-lidar\/"]}]},{"@type":"ImageObject","inLanguage":"es","@id":"https:\/\/www.carloscastrofotografo.com\/blog\/dji-mini-5-pro-filtraciones-sensor-lidar\/#primaryimage","url":"https:\/\/www.carloscastrofotografo.com\/blog\/wp-content\/uploads\/2025\/05\/dji-mini-5-pro-gigapixel-low-resolution-v2-2x.jpeg","contentUrl":"https:\/\/www.carloscastrofotografo.com\/blog\/wp-content\/uploads\/2025\/05\/dji-mini-5-pro-gigapixel-low-resolution-v2-2x.jpeg","width":1372,"height":772,"caption":"dji mini 5 pro"},{"@type":"BreadcrumbList","@id":"https:\/\/www.carloscastrofotografo.com\/blog\/dji-mini-5-pro-filtraciones-sensor-lidar\/#breadcrumb","itemListElement":[{"@type":"ListItem","position":1,"name":"Portada","item":"https:\/\/www.carloscastrofotografo.com\/blog\/"},{"@type":"ListItem","position":2,"name":"DJI Mini 5 Pro: \u00a1Filtraciones Revelan un Sensor de 1 Pulgada, Lidar y Fecha de Lanzamiento!"}]},{"@type":"WebSite","@id":"https:\/\/www.carloscastrofotografo.com\/blog\/#website","url":"https:\/\/www.carloscastrofotografo.com\/blog\/","name":"Blog de Carlos Castro Fot\u00f3grafo","description":"Todo sobre Fotograf\u00eda y V\u00eddeo, para apasionados de la imagen.","publisher":{"@id":"https:\/\/www.carloscastrofotografo.com\/blog\/#\/schema\/person\/f2df3dbaf3422e563228db874428292d"},"potentialAction":[{"@type":"SearchAction","target":{"@type":"EntryPoint","urlTemplate":"https:\/\/www.carloscastrofotografo.com\/blog\/?s={search_term_string}"},"query-input":{"@type":"PropertyValueSpecification","valueRequired":true,"valueName":"search_term_string"}}],"inLanguage":"es"},{"@type":["Person","Organization"],"@id":"https:\/\/www.carloscastrofotografo.com\/blog\/#\/schema\/person\/f2df3dbaf3422e563228db874428292d","name":"Carlos Castro","image":{"@type":"ImageObject","inLanguage":"es","@id":"https:\/\/secure.gravatar.com\/avatar\/dfdb382b872c007d17784b7cf24288a868cd90f2a34825da78d451a9ddbb4dfe?s=96&d=mm&r=g","url":"https:\/\/secure.gravatar.com\/avatar\/dfdb382b872c007d17784b7cf24288a868cd90f2a34825da78d451a9ddbb4dfe?s=96&d=mm&r=g","contentUrl":"https:\/\/secure.gravatar.com\/avatar\/dfdb382b872c007d17784b7cf24288a868cd90f2a34825da78d451a9ddbb4dfe?s=96&d=mm&r=g","caption":"Carlos Castro"},"logo":{"@id":"https:\/\/secure.gravatar.com\/avatar\/dfdb382b872c007d17784b7cf24288a868cd90f2a34825da78d451a9ddbb4dfe?s=96&d=mm&r=g"},"description":"Fot\u00f3grafo, Videografo y apasionado de la tecnolog\u00eda. Cazador de tormentas y astrofot\u00f3grafo amateur.","sameAs":["https:\/\/www.carloscastrofotografo.com","https:\/\/www.youtube.com\/carloscastrofotografo"],"url":"https:\/\/www.carloscastrofotografo.com\/blog\/author\/admin\/"}]}},"_links":{"self":[{"href":"https:\/\/www.carloscastrofotografo.com\/blog\/wp-json\/wp\/v2\/posts\/825","targetHints":{"allow":["GET"]}}],"collection":[{"href":"https:\/\/www.carloscastrofotografo.com\/blog\/wp-json\/wp\/v2\/posts"}],"about":[{"href":"https:\/\/www.carloscastrofotografo.com\/blog\/wp-json\/wp\/v2\/types\/post"}],"author":[{"embeddable":true,"href":"https:\/\/www.carloscastrofotografo.com\/blog\/wp-json\/wp\/v2\/users\/1"}],"replies":[{"embeddable":true,"href":"https:\/\/www.carloscastrofotografo.com\/blog\/wp-json\/wp\/v2\/comments?post=825"}],"version-history":[{"count":1,"href":"https:\/\/www.carloscastrofotografo.com\/blog\/wp-json\/wp\/v2\/posts\/825\/revisions"}],"predecessor-version":[{"id":828,"href":"https:\/\/www.carloscastrofotografo.com\/blog\/wp-json\/wp\/v2\/posts\/825\/revisions\/828"}],"wp:featuredmedia":[{"embeddable":true,"href":"https:\/\/www.carloscastrofotografo.com\/blog\/wp-json\/wp\/v2\/media\/826"}],"wp:attachment":[{"href":"https:\/\/www.carloscastrofotografo.com\/blog\/wp-json\/wp\/v2\/media?parent=825"}],"wp:term":[{"taxonomy":"category","embeddable":true,"href":"https:\/\/www.carloscastrofotografo.com\/blog\/wp-json\/wp\/v2\/categories?post=825"},{"taxonomy":"post_tag","embeddable":true,"href":"https:\/\/www.carloscastrofotografo.com\/blog\/wp-json\/wp\/v2\/tags?post=825"}],"curies":[{"name":"wp","href":"https:\/\/api.w.org\/{rel}","templated":true}]}}