{"id":552,"date":"2021-12-05T01:40:52","date_gmt":"2021-12-05T00:40:52","guid":{"rendered":"https:\/\/www.carloscastrofotografo.com\/blog\/?p=552"},"modified":"2021-12-05T01:40:55","modified_gmt":"2021-12-05T00:40:55","slug":"como-y-cuando-ver-el-cometa-c-2021-a1-leonard","status":"publish","type":"post","link":"https:\/\/www.carloscastrofotografo.com\/blog\/como-y-cuando-ver-el-cometa-c-2021-a1-leonard\/","title":{"rendered":"\u00bfC\u00f3mo y Cu\u00e1ndo ver el Cometa C\/2021 a1 Leonard?"},"content":{"rendered":"\n<p>El cometa, apodado el \u00abcometa de Navidad\u00bb, no se descubri\u00f3 hasta enero de este a\u00f1o, cuando se extendi\u00f3 a ambos lados de Marte y J\u00fapiter, y los cient\u00edficos de la NASA trazaron un mapa de su \u00f3rbita hacia el Sol.<\/p>\n\n\n\n<figure class=\"wp-block-embed is-type-video is-provider-youtube wp-block-embed-youtube wp-embed-aspect-16-9 wp-has-aspect-ratio\"><div class=\"wp-block-embed__wrapper\">\n<iframe loading=\"lazy\" title=\"\ud83d\udd34 EL COMETA DE LA NAVIDAD \ud83d\udd3a COMET C\/2021 A1 Leonard | \u00bfC\u00f3mo y Cu\u00e1ndo Verlo? | TE LO CUENTO \ud83d\udc48\ud83c\udffb\" width=\"696\" height=\"392\" src=\"https:\/\/www.youtube.com\/embed\/C8nRtIkdfKU?feature=oembed\" frameborder=\"0\" allow=\"accelerometer; autoplay; clipboard-write; encrypted-media; gyroscope; picture-in-picture\" allowfullscreen><\/iframe>\n<\/div><figcaption>Aqu\u00ed te lo explico en un v\u00eddeo \ud83d\ude09<\/figcaption><\/figure>\n\n\n\n<h2 class=\"wp-block-heading\">\u00bfD\u00f3nde se ver\u00e1?<\/h2>\n\n\n\n<p>Se ver\u00e1 en casi todo el mundo. Por supuesto, las condiciones clim\u00e1ticas deben ser perfectas para poder apreciar a Leonard antes del amanecer.<\/p>\n\n\n\n<h2 class=\"wp-block-heading\">\u00bfEn qu\u00e9 fecha ser\u00e1?<\/h2>\n\n\n\n<p>Ser\u00e1 a mediados de diciembre, del 12 al 14, cuando m\u00e1s se pueda apreciar, ya que estar\u00e1 en su punto m\u00e1s cercano a la Tierra.<\/p>\n\n\n\n<p>Sin embargo, los cient\u00edficos no pueden decir cu\u00e1ndo alcanzar\u00e1 su punto m\u00e1ximo porque la cantidad de polvo y gas emitidos es impredecible.<\/p>\n\n\n\n<h2 class=\"wp-block-heading\">\u00bfCu\u00e1l fue su origen?<\/h2>\n\n\n\n<p>El cometa C \/ 2021 A1, descubierto por Gregory J. Leonard, de ah\u00ed su nombre, se ve por primera vez \u00abcomo una gota de agua\u00bb a principios de 2021, cuando pasaba por la \u00f3rbita de la caja de Marte.<\/p>\n\n\n\n<p>Las observaciones y an\u00e1lisis posteriores de los cient\u00edficos demostraron que se trata de un cometa con una \u00f3rbita peri\u00f3dica larga, de unos 80.000 a\u00f1os, por lo que su aparici\u00f3n cerca de la Tierra es un espect\u00e1culo extraordinario.<\/p>\n\n\n\n<h2 class=\"wp-block-heading\">Detalles del Cometa Leonard<\/h2>\n\n\n\n<p>El 12 de diciembre, Leonard estar\u00e1 en el punto m\u00e1s cercano en el camino de la Tierra, aproximadamente a 35 millones de kil\u00f3metros de distancia. A esta hora, antes del amanecer, Leonard se puede ver a simple vista en casi cualquier parte del mundo.<\/p>\n\n\n\n<p>En el caso de Estados Unidos, el hemisferio norte tendr\u00eda una mejor vista de su aproximaci\u00f3n m\u00e1s cercana al planeta. Esto significa que, en los pa\u00edses de Am\u00e9rica del Norte y Central, as\u00ed como en el Caribe, se puede ver al este del horizonte.<\/p>\n\n\n\n<p>Seg\u00fan la NASA, en la segunda quincena de diciembre, rotar\u00e1 de norte a sur para que los pa\u00edses de Am\u00e9rica del Sur puedan verlo desde la Tierra hasta el horizonte occidental cercano.<\/p>\n\n\n\n<p>Las condiciones de cielo despejado favorecer\u00e1n las malas observaciones visuales de la cola del cometa. Pero los binoculares o binoculares pueden ayudarlo a localizar y rastrear m\u00e1s f\u00e1cilmente.<\/p>\n\n\n\n<h2 class=\"wp-block-heading\">\u00bfHay im\u00e1genes del cometa?<\/h2>\n\n\n\n<p>Efectivamente, hace pocos d\u00edas sal\u00ed con el telescopio a cazar dicho cometa, aqu\u00ed os dejo el v\u00eddeo completo de cuando lo fotografi\u00e9.<\/p>\n\n\n\n<figure class=\"wp-block-embed is-type-video is-provider-youtube wp-block-embed-youtube wp-embed-aspect-16-9 wp-has-aspect-ratio\"><div class=\"wp-block-embed__wrapper\">\n<iframe loading=\"lazy\" title=\"\ud83d\udd34 EN DIRECTO:  Salgo a Fotografiar el COMETA LEONARD, ACOMP\u00c1\u00d1AME \ud83d\udd3aEL COMETA DE LA NAVIDAD  \ud83d\udd34 En VIVO\" width=\"696\" height=\"392\" src=\"https:\/\/www.youtube.com\/embed\/kTKEGM7ABT4?feature=oembed\" frameborder=\"0\" allow=\"accelerometer; autoplay; clipboard-write; encrypted-media; gyroscope; picture-in-picture\" allowfullscreen><\/iframe>\n<\/div><\/figure>\n\n\n\n<p>Mirad que pasada, aqu\u00ed una de las fotos:<\/p>\n\n\n\n<figure class=\"wp-block-image size-large td-caption-align-https:\/\/www.carloscastrofotografo.com\/blog\/wp-content\/uploads\/2021\/12\/m3yleonard.jpg\"><img loading=\"lazy\" decoding=\"async\" width=\"1024\" height=\"819\" src=\"https:\/\/www.carloscastrofotografo.com\/blog\/wp-content\/uploads\/2021\/12\/m3yleonard-1024x819.jpg\" alt=\"\" class=\"wp-image-556\" srcset=\"https:\/\/www.carloscastrofotografo.com\/blog\/wp-content\/uploads\/2021\/12\/m3yleonard-1024x819.jpg 1024w, https:\/\/www.carloscastrofotografo.com\/blog\/wp-content\/uploads\/2021\/12\/m3yleonard-300x240.jpg 300w, https:\/\/www.carloscastrofotografo.com\/blog\/wp-content\/uploads\/2021\/12\/m3yleonard-768x614.jpg 768w, https:\/\/www.carloscastrofotografo.com\/blog\/wp-content\/uploads\/2021\/12\/m3yleonard-696x557.jpg 696w, https:\/\/www.carloscastrofotografo.com\/blog\/wp-content\/uploads\/2021\/12\/m3yleonard-1068x854.jpg 1068w, https:\/\/www.carloscastrofotografo.com\/blog\/wp-content\/uploads\/2021\/12\/m3yleonard-525x420.jpg 525w, https:\/\/www.carloscastrofotografo.com\/blog\/wp-content\/uploads\/2021\/12\/m3yleonard.jpg 1350w\" sizes=\"auto, (max-width: 1024px) 100vw, 1024px\" \/><\/figure>\n\n\n\n<p>Cualquier duda escr\u00edbeme en alguno de los v\u00eddeos y te contestar\u00e9 r\u00e1pidamente. \ud83d\ude09 Buenos cielos!.<\/p>\n","protected":false},"excerpt":{"rendered":"<p>El cometa, apodado el \u00abcometa de Navidad\u00bb, no se descubri\u00f3 hasta enero de este a\u00f1o, cuando se extendi\u00f3 a ambos lados de Marte y J\u00fapiter, y los cient\u00edficos de la NASA trazaron un mapa de su \u00f3rbita hacia el Sol. \u00bfD\u00f3nde se ver\u00e1? Se ver\u00e1 en casi todo el mundo. Por supuesto, las condiciones clim\u00e1ticas [&hellip;]<\/p>\n","protected":false},"author":1,"featured_media":557,"comment_status":"open","ping_status":"open","sticky":false,"template":"","format":"standard","meta":{"footnotes":""},"categories":[249,25],"tags":[247,248,242,240,245,243,246,244,241],"class_list":{"0":"post-552","1":"post","2":"type-post","3":"status-publish","4":"format-standard","5":"has-post-thumbnail","7":"category-astronomia","8":"category-noticias-actualidad","9":"tag-astronomia","10":"tag-astronomy","11":"tag-c-2021-a1-leonard","12":"tag-cometa-leonard","13":"tag-como-fotografiar-el-cometa-leonard","14":"tag-como-ver-el-cometa-leonard","15":"tag-cuando-ver-el-cometa-leonard","16":"tag-donde-se-vera-el-cometa-leonard","17":"tag-leonard-comet"},"yoast_head":"<!-- This site is optimized with the Yoast SEO plugin v27.4 - https:\/\/yoast.com\/product\/yoast-seo-wordpress\/ -->\n<title>\u00bfC\u00f3mo y Cu\u00e1ndo ver el Cometa C\/2021 a1 Leonard?<\/title>\n<meta name=\"description\" content=\"Se ver\u00e1 en casi todo el mundo. Por supuesto, las condiciones clim\u00e1ticas deben ser perfectas para poder apreciar a Leonard antes del amanecer.\" \/>\n<meta name=\"robots\" content=\"index, follow, max-snippet:-1, max-image-preview:large, max-video-preview:-1\" \/>\n<link rel=\"canonical\" href=\"https:\/\/www.carloscastrofotografo.com\/blog\/como-y-cuando-ver-el-cometa-c-2021-a1-leonard\/\" \/>\n<meta property=\"og:locale\" content=\"es_ES\" \/>\n<meta property=\"og:type\" content=\"article\" \/>\n<meta property=\"og:title\" content=\"\u00bfC\u00f3mo y Cu\u00e1ndo ver el Cometa C\/2021 a1 Leonard?\" \/>\n<meta property=\"og:description\" content=\"Se ver\u00e1 en casi todo el mundo. Por supuesto, las condiciones clim\u00e1ticas deben ser perfectas para poder apreciar a Leonard antes del amanecer.\" \/>\n<meta property=\"og:url\" content=\"https:\/\/www.carloscastrofotografo.com\/blog\/como-y-cuando-ver-el-cometa-c-2021-a1-leonard\/\" \/>\n<meta property=\"og:site_name\" content=\"Blog de Carlos Castro Fot\u00f3grafo\" \/>\n<meta property=\"article:published_time\" content=\"2021-12-05T00:40:52+00:00\" \/>\n<meta property=\"article:modified_time\" content=\"2021-12-05T00:40:55+00:00\" \/>\n<meta property=\"og:image\" content=\"https:\/\/www.carloscastrofotografo.com\/blog\/wp-content\/uploads\/2021\/12\/C2021-A1-LEONARD.jpg\" \/>\n\t<meta property=\"og:image:width\" content=\"1500\" \/>\n\t<meta property=\"og:image:height\" content=\"975\" \/>\n\t<meta property=\"og:image:type\" content=\"image\/jpeg\" \/>\n<meta name=\"author\" content=\"Carlos Castro\" \/>\n<meta name=\"twitter:card\" content=\"summary_large_image\" \/>\n<meta name=\"twitter:label1\" content=\"Escrito por\" \/>\n\t<meta name=\"twitter:data1\" content=\"Carlos Castro\" \/>\n\t<meta name=\"twitter:label2\" content=\"Tiempo de lectura\" \/>\n\t<meta name=\"twitter:data2\" content=\"2 minutos\" \/>\n<script type=\"application\/ld+json\" class=\"yoast-schema-graph\">{\"@context\":\"https:\\\/\\\/schema.org\",\"@graph\":[{\"@type\":\"Article\",\"@id\":\"https:\\\/\\\/www.carloscastrofotografo.com\\\/blog\\\/como-y-cuando-ver-el-cometa-c-2021-a1-leonard\\\/#article\",\"isPartOf\":{\"@id\":\"https:\\\/\\\/www.carloscastrofotografo.com\\\/blog\\\/como-y-cuando-ver-el-cometa-c-2021-a1-leonard\\\/\"},\"author\":{\"name\":\"Carlos Castro\",\"@id\":\"https:\\\/\\\/www.carloscastrofotografo.com\\\/blog\\\/#\\\/schema\\\/person\\\/f2df3dbaf3422e563228db874428292d\"},\"headline\":\"\u00bfC\u00f3mo y Cu\u00e1ndo ver el Cometa C\\\/2021 a1 Leonard?\",\"datePublished\":\"2021-12-05T00:40:52+00:00\",\"dateModified\":\"2021-12-05T00:40:55+00:00\",\"mainEntityOfPage\":{\"@id\":\"https:\\\/\\\/www.carloscastrofotografo.com\\\/blog\\\/como-y-cuando-ver-el-cometa-c-2021-a1-leonard\\\/\"},\"wordCount\":454,\"commentCount\":0,\"publisher\":{\"@id\":\"https:\\\/\\\/www.carloscastrofotografo.com\\\/blog\\\/#\\\/schema\\\/person\\\/f2df3dbaf3422e563228db874428292d\"},\"image\":{\"@id\":\"https:\\\/\\\/www.carloscastrofotografo.com\\\/blog\\\/como-y-cuando-ver-el-cometa-c-2021-a1-leonard\\\/#primaryimage\"},\"thumbnailUrl\":\"https:\\\/\\\/www.carloscastrofotografo.com\\\/blog\\\/wp-content\\\/uploads\\\/2021\\\/12\\\/C2021-A1-LEONARD.jpg\",\"keywords\":[\"astronomia\",\"astronomy\",\"c\\\/2021 a1 leonard\",\"cometa leonard\",\"como fotografiar el cometa leonard\",\"como ver el cometa leonard\",\"cuando ver el cometa leonard\",\"donde se ver\u00e1 el cometa leonard\",\"Leonard comet\"],\"articleSection\":[\"Astronom\u00eda\",\"Noticias y Actualidad\"],\"inLanguage\":\"es\",\"potentialAction\":[{\"@type\":\"CommentAction\",\"name\":\"Comment\",\"target\":[\"https:\\\/\\\/www.carloscastrofotografo.com\\\/blog\\\/como-y-cuando-ver-el-cometa-c-2021-a1-leonard\\\/#respond\"]}]},{\"@type\":\"WebPage\",\"@id\":\"https:\\\/\\\/www.carloscastrofotografo.com\\\/blog\\\/como-y-cuando-ver-el-cometa-c-2021-a1-leonard\\\/\",\"url\":\"https:\\\/\\\/www.carloscastrofotografo.com\\\/blog\\\/como-y-cuando-ver-el-cometa-c-2021-a1-leonard\\\/\",\"name\":\"\u00bfC\u00f3mo y Cu\u00e1ndo ver el Cometa C\\\/2021 a1 Leonard?\",\"isPartOf\":{\"@id\":\"https:\\\/\\\/www.carloscastrofotografo.com\\\/blog\\\/#website\"},\"primaryImageOfPage\":{\"@id\":\"https:\\\/\\\/www.carloscastrofotografo.com\\\/blog\\\/como-y-cuando-ver-el-cometa-c-2021-a1-leonard\\\/#primaryimage\"},\"image\":{\"@id\":\"https:\\\/\\\/www.carloscastrofotografo.com\\\/blog\\\/como-y-cuando-ver-el-cometa-c-2021-a1-leonard\\\/#primaryimage\"},\"thumbnailUrl\":\"https:\\\/\\\/www.carloscastrofotografo.com\\\/blog\\\/wp-content\\\/uploads\\\/2021\\\/12\\\/C2021-A1-LEONARD.jpg\",\"datePublished\":\"2021-12-05T00:40:52+00:00\",\"dateModified\":\"2021-12-05T00:40:55+00:00\",\"description\":\"Se ver\u00e1 en casi todo el mundo. Por supuesto, las condiciones clim\u00e1ticas deben ser perfectas para poder apreciar a Leonard antes del amanecer.\",\"breadcrumb\":{\"@id\":\"https:\\\/\\\/www.carloscastrofotografo.com\\\/blog\\\/como-y-cuando-ver-el-cometa-c-2021-a1-leonard\\\/#breadcrumb\"},\"inLanguage\":\"es\",\"potentialAction\":[{\"@type\":\"ReadAction\",\"target\":[\"https:\\\/\\\/www.carloscastrofotografo.com\\\/blog\\\/como-y-cuando-ver-el-cometa-c-2021-a1-leonard\\\/\"]}]},{\"@type\":\"ImageObject\",\"inLanguage\":\"es\",\"@id\":\"https:\\\/\\\/www.carloscastrofotografo.com\\\/blog\\\/como-y-cuando-ver-el-cometa-c-2021-a1-leonard\\\/#primaryimage\",\"url\":\"https:\\\/\\\/www.carloscastrofotografo.com\\\/blog\\\/wp-content\\\/uploads\\\/2021\\\/12\\\/C2021-A1-LEONARD.jpg\",\"contentUrl\":\"https:\\\/\\\/www.carloscastrofotografo.com\\\/blog\\\/wp-content\\\/uploads\\\/2021\\\/12\\\/C2021-A1-LEONARD.jpg\",\"width\":1500,\"height\":975,\"caption\":\"comet C\\\/2021 A1 LEONARD\"},{\"@type\":\"BreadcrumbList\",\"@id\":\"https:\\\/\\\/www.carloscastrofotografo.com\\\/blog\\\/como-y-cuando-ver-el-cometa-c-2021-a1-leonard\\\/#breadcrumb\",\"itemListElement\":[{\"@type\":\"ListItem\",\"position\":1,\"name\":\"Portada\",\"item\":\"https:\\\/\\\/www.carloscastrofotografo.com\\\/blog\\\/\"},{\"@type\":\"ListItem\",\"position\":2,\"name\":\"\u00bfC\u00f3mo y Cu\u00e1ndo ver el Cometa C\\\/2021 a1 Leonard?\"}]},{\"@type\":\"WebSite\",\"@id\":\"https:\\\/\\\/www.carloscastrofotografo.com\\\/blog\\\/#website\",\"url\":\"https:\\\/\\\/www.carloscastrofotografo.com\\\/blog\\\/\",\"name\":\"Blog de Carlos Castro Fot\u00f3grafo\",\"description\":\"Todo sobre Fotograf\u00eda y V\u00eddeo, para apasionados de la imagen.\",\"publisher\":{\"@id\":\"https:\\\/\\\/www.carloscastrofotografo.com\\\/blog\\\/#\\\/schema\\\/person\\\/f2df3dbaf3422e563228db874428292d\"},\"potentialAction\":[{\"@type\":\"SearchAction\",\"target\":{\"@type\":\"EntryPoint\",\"urlTemplate\":\"https:\\\/\\\/www.carloscastrofotografo.com\\\/blog\\\/?s={search_term_string}\"},\"query-input\":{\"@type\":\"PropertyValueSpecification\",\"valueRequired\":true,\"valueName\":\"search_term_string\"}}],\"inLanguage\":\"es\"},{\"@type\":[\"Person\",\"Organization\"],\"@id\":\"https:\\\/\\\/www.carloscastrofotografo.com\\\/blog\\\/#\\\/schema\\\/person\\\/f2df3dbaf3422e563228db874428292d\",\"name\":\"Carlos Castro\",\"image\":{\"@type\":\"ImageObject\",\"inLanguage\":\"es\",\"@id\":\"https:\\\/\\\/secure.gravatar.com\\\/avatar\\\/dfdb382b872c007d17784b7cf24288a868cd90f2a34825da78d451a9ddbb4dfe?s=96&d=mm&r=g\",\"url\":\"https:\\\/\\\/secure.gravatar.com\\\/avatar\\\/dfdb382b872c007d17784b7cf24288a868cd90f2a34825da78d451a9ddbb4dfe?s=96&d=mm&r=g\",\"contentUrl\":\"https:\\\/\\\/secure.gravatar.com\\\/avatar\\\/dfdb382b872c007d17784b7cf24288a868cd90f2a34825da78d451a9ddbb4dfe?s=96&d=mm&r=g\",\"caption\":\"Carlos Castro\"},\"logo\":{\"@id\":\"https:\\\/\\\/secure.gravatar.com\\\/avatar\\\/dfdb382b872c007d17784b7cf24288a868cd90f2a34825da78d451a9ddbb4dfe?s=96&d=mm&r=g\"},\"description\":\"Fot\u00f3grafo, Videografo y apasionado de la tecnolog\u00eda. Cazador de tormentas y astrofot\u00f3grafo amateur.\",\"sameAs\":[\"https:\\\/\\\/www.carloscastrofotografo.com\",\"https:\\\/\\\/www.youtube.com\\\/carloscastrofotografo\"],\"url\":\"https:\\\/\\\/www.carloscastrofotografo.com\\\/blog\\\/author\\\/admin\\\/\"}]}<\/script>\n<!-- \/ Yoast SEO plugin. -->","yoast_head_json":{"title":"\u00bfC\u00f3mo y Cu\u00e1ndo ver el Cometa C\/2021 a1 Leonard?","description":"Se ver\u00e1 en casi todo el mundo. Por supuesto, las condiciones clim\u00e1ticas deben ser perfectas para poder apreciar a Leonard antes del amanecer.","robots":{"index":"index","follow":"follow","max-snippet":"max-snippet:-1","max-image-preview":"max-image-preview:large","max-video-preview":"max-video-preview:-1"},"canonical":"https:\/\/www.carloscastrofotografo.com\/blog\/como-y-cuando-ver-el-cometa-c-2021-a1-leonard\/","og_locale":"es_ES","og_type":"article","og_title":"\u00bfC\u00f3mo y Cu\u00e1ndo ver el Cometa C\/2021 a1 Leonard?","og_description":"Se ver\u00e1 en casi todo el mundo. Por supuesto, las condiciones clim\u00e1ticas deben ser perfectas para poder apreciar a Leonard antes del amanecer.","og_url":"https:\/\/www.carloscastrofotografo.com\/blog\/como-y-cuando-ver-el-cometa-c-2021-a1-leonard\/","og_site_name":"Blog de Carlos Castro Fot\u00f3grafo","article_published_time":"2021-12-05T00:40:52+00:00","article_modified_time":"2021-12-05T00:40:55+00:00","og_image":[{"width":1500,"height":975,"url":"https:\/\/www.carloscastrofotografo.com\/blog\/wp-content\/uploads\/2021\/12\/C2021-A1-LEONARD.jpg","type":"image\/jpeg"}],"author":"Carlos Castro","twitter_card":"summary_large_image","twitter_misc":{"Escrito por":"Carlos Castro","Tiempo de lectura":"2 minutos"},"schema":{"@context":"https:\/\/schema.org","@graph":[{"@type":"Article","@id":"https:\/\/www.carloscastrofotografo.com\/blog\/como-y-cuando-ver-el-cometa-c-2021-a1-leonard\/#article","isPartOf":{"@id":"https:\/\/www.carloscastrofotografo.com\/blog\/como-y-cuando-ver-el-cometa-c-2021-a1-leonard\/"},"author":{"name":"Carlos Castro","@id":"https:\/\/www.carloscastrofotografo.com\/blog\/#\/schema\/person\/f2df3dbaf3422e563228db874428292d"},"headline":"\u00bfC\u00f3mo y Cu\u00e1ndo ver el Cometa C\/2021 a1 Leonard?","datePublished":"2021-12-05T00:40:52+00:00","dateModified":"2021-12-05T00:40:55+00:00","mainEntityOfPage":{"@id":"https:\/\/www.carloscastrofotografo.com\/blog\/como-y-cuando-ver-el-cometa-c-2021-a1-leonard\/"},"wordCount":454,"commentCount":0,"publisher":{"@id":"https:\/\/www.carloscastrofotografo.com\/blog\/#\/schema\/person\/f2df3dbaf3422e563228db874428292d"},"image":{"@id":"https:\/\/www.carloscastrofotografo.com\/blog\/como-y-cuando-ver-el-cometa-c-2021-a1-leonard\/#primaryimage"},"thumbnailUrl":"https:\/\/www.carloscastrofotografo.com\/blog\/wp-content\/uploads\/2021\/12\/C2021-A1-LEONARD.jpg","keywords":["astronomia","astronomy","c\/2021 a1 leonard","cometa leonard","como fotografiar el cometa leonard","como ver el cometa leonard","cuando ver el cometa leonard","donde se ver\u00e1 el cometa leonard","Leonard comet"],"articleSection":["Astronom\u00eda","Noticias y Actualidad"],"inLanguage":"es","potentialAction":[{"@type":"CommentAction","name":"Comment","target":["https:\/\/www.carloscastrofotografo.com\/blog\/como-y-cuando-ver-el-cometa-c-2021-a1-leonard\/#respond"]}]},{"@type":"WebPage","@id":"https:\/\/www.carloscastrofotografo.com\/blog\/como-y-cuando-ver-el-cometa-c-2021-a1-leonard\/","url":"https:\/\/www.carloscastrofotografo.com\/blog\/como-y-cuando-ver-el-cometa-c-2021-a1-leonard\/","name":"\u00bfC\u00f3mo y Cu\u00e1ndo ver el Cometa C\/2021 a1 Leonard?","isPartOf":{"@id":"https:\/\/www.carloscastrofotografo.com\/blog\/#website"},"primaryImageOfPage":{"@id":"https:\/\/www.carloscastrofotografo.com\/blog\/como-y-cuando-ver-el-cometa-c-2021-a1-leonard\/#primaryimage"},"image":{"@id":"https:\/\/www.carloscastrofotografo.com\/blog\/como-y-cuando-ver-el-cometa-c-2021-a1-leonard\/#primaryimage"},"thumbnailUrl":"https:\/\/www.carloscastrofotografo.com\/blog\/wp-content\/uploads\/2021\/12\/C2021-A1-LEONARD.jpg","datePublished":"2021-12-05T00:40:52+00:00","dateModified":"2021-12-05T00:40:55+00:00","description":"Se ver\u00e1 en casi todo el mundo. Por supuesto, las condiciones clim\u00e1ticas deben ser perfectas para poder apreciar a Leonard antes del amanecer.","breadcrumb":{"@id":"https:\/\/www.carloscastrofotografo.com\/blog\/como-y-cuando-ver-el-cometa-c-2021-a1-leonard\/#breadcrumb"},"inLanguage":"es","potentialAction":[{"@type":"ReadAction","target":["https:\/\/www.carloscastrofotografo.com\/blog\/como-y-cuando-ver-el-cometa-c-2021-a1-leonard\/"]}]},{"@type":"ImageObject","inLanguage":"es","@id":"https:\/\/www.carloscastrofotografo.com\/blog\/como-y-cuando-ver-el-cometa-c-2021-a1-leonard\/#primaryimage","url":"https:\/\/www.carloscastrofotografo.com\/blog\/wp-content\/uploads\/2021\/12\/C2021-A1-LEONARD.jpg","contentUrl":"https:\/\/www.carloscastrofotografo.com\/blog\/wp-content\/uploads\/2021\/12\/C2021-A1-LEONARD.jpg","width":1500,"height":975,"caption":"comet C\/2021 A1 LEONARD"},{"@type":"BreadcrumbList","@id":"https:\/\/www.carloscastrofotografo.com\/blog\/como-y-cuando-ver-el-cometa-c-2021-a1-leonard\/#breadcrumb","itemListElement":[{"@type":"ListItem","position":1,"name":"Portada","item":"https:\/\/www.carloscastrofotografo.com\/blog\/"},{"@type":"ListItem","position":2,"name":"\u00bfC\u00f3mo y Cu\u00e1ndo ver el Cometa C\/2021 a1 Leonard?"}]},{"@type":"WebSite","@id":"https:\/\/www.carloscastrofotografo.com\/blog\/#website","url":"https:\/\/www.carloscastrofotografo.com\/blog\/","name":"Blog de Carlos Castro Fot\u00f3grafo","description":"Todo sobre Fotograf\u00eda y V\u00eddeo, para apasionados de la imagen.","publisher":{"@id":"https:\/\/www.carloscastrofotografo.com\/blog\/#\/schema\/person\/f2df3dbaf3422e563228db874428292d"},"potentialAction":[{"@type":"SearchAction","target":{"@type":"EntryPoint","urlTemplate":"https:\/\/www.carloscastrofotografo.com\/blog\/?s={search_term_string}"},"query-input":{"@type":"PropertyValueSpecification","valueRequired":true,"valueName":"search_term_string"}}],"inLanguage":"es"},{"@type":["Person","Organization"],"@id":"https:\/\/www.carloscastrofotografo.com\/blog\/#\/schema\/person\/f2df3dbaf3422e563228db874428292d","name":"Carlos Castro","image":{"@type":"ImageObject","inLanguage":"es","@id":"https:\/\/secure.gravatar.com\/avatar\/dfdb382b872c007d17784b7cf24288a868cd90f2a34825da78d451a9ddbb4dfe?s=96&d=mm&r=g","url":"https:\/\/secure.gravatar.com\/avatar\/dfdb382b872c007d17784b7cf24288a868cd90f2a34825da78d451a9ddbb4dfe?s=96&d=mm&r=g","contentUrl":"https:\/\/secure.gravatar.com\/avatar\/dfdb382b872c007d17784b7cf24288a868cd90f2a34825da78d451a9ddbb4dfe?s=96&d=mm&r=g","caption":"Carlos Castro"},"logo":{"@id":"https:\/\/secure.gravatar.com\/avatar\/dfdb382b872c007d17784b7cf24288a868cd90f2a34825da78d451a9ddbb4dfe?s=96&d=mm&r=g"},"description":"Fot\u00f3grafo, Videografo y apasionado de la tecnolog\u00eda. Cazador de tormentas y astrofot\u00f3grafo amateur.","sameAs":["https:\/\/www.carloscastrofotografo.com","https:\/\/www.youtube.com\/carloscastrofotografo"],"url":"https:\/\/www.carloscastrofotografo.com\/blog\/author\/admin\/"}]}},"_links":{"self":[{"href":"https:\/\/www.carloscastrofotografo.com\/blog\/wp-json\/wp\/v2\/posts\/552","targetHints":{"allow":["GET"]}}],"collection":[{"href":"https:\/\/www.carloscastrofotografo.com\/blog\/wp-json\/wp\/v2\/posts"}],"about":[{"href":"https:\/\/www.carloscastrofotografo.com\/blog\/wp-json\/wp\/v2\/types\/post"}],"author":[{"embeddable":true,"href":"https:\/\/www.carloscastrofotografo.com\/blog\/wp-json\/wp\/v2\/users\/1"}],"replies":[{"embeddable":true,"href":"https:\/\/www.carloscastrofotografo.com\/blog\/wp-json\/wp\/v2\/comments?post=552"}],"version-history":[{"count":3,"href":"https:\/\/www.carloscastrofotografo.com\/blog\/wp-json\/wp\/v2\/posts\/552\/revisions"}],"predecessor-version":[{"id":558,"href":"https:\/\/www.carloscastrofotografo.com\/blog\/wp-json\/wp\/v2\/posts\/552\/revisions\/558"}],"wp:featuredmedia":[{"embeddable":true,"href":"https:\/\/www.carloscastrofotografo.com\/blog\/wp-json\/wp\/v2\/media\/557"}],"wp:attachment":[{"href":"https:\/\/www.carloscastrofotografo.com\/blog\/wp-json\/wp\/v2\/media?parent=552"}],"wp:term":[{"taxonomy":"category","embeddable":true,"href":"https:\/\/www.carloscastrofotografo.com\/blog\/wp-json\/wp\/v2\/categories?post=552"},{"taxonomy":"post_tag","embeddable":true,"href":"https:\/\/www.carloscastrofotografo.com\/blog\/wp-json\/wp\/v2\/tags?post=552"}],"curies":[{"name":"wp","href":"https:\/\/api.w.org\/{rel}","templated":true}]}}