{"id":228,"date":"2020-03-30T12:32:22","date_gmt":"2020-03-30T10:32:22","guid":{"rendered":"https:\/\/www.carloscastrofotografo.com\/blog\/?p=228"},"modified":"2025-05-15T11:48:52","modified_gmt":"2025-05-15T09:48:52","slug":"pozas-de-la-cascada-de-linarejos-sierra-de-cazorla-jaen","status":"publish","type":"post","link":"https:\/\/www.carloscastrofotografo.com\/blog\/pozas-de-la-cascada-de-linarejos-sierra-de-cazorla-jaen\/","title":{"rendered":"Cascada de Linarejos (Cola de Caballo), un rinc\u00f3n m\u00e1gico en la Sierra de Cazorla"},"content":{"rendered":"\n<p>Si est\u00e1s planeando una escapada a la naturaleza en Andaluc\u00eda,&nbsp;<strong>la Cascada de Linarejos<\/strong>, tambi\u00e9n conocida como&nbsp;<strong>Cola de Caballo<\/strong>, es una parada obligatoria. Ubicada en la&nbsp;<strong>Sierra de Cazorla<\/strong>, dentro del Parque Natural de las Sierras de Cazorla, Segura y Las Villas, esta poza esculpida por el r\u00edo Guadalquivir es uno de los lugares m\u00e1s m\u00e1gicos y fotog\u00e9nicos de la provincia de Ja\u00e9n.<\/p>\n\n\n\n<h3 class=\"wp-block-heading\"><strong>\u00bfD\u00f3nde est\u00e1 la Cascada de Linarejos?<\/strong><\/h3>\n\n\n\n<p>Puedes llegar a este paraje natural por el&nbsp;<strong>sendero de la Cerrada de Utrero<\/strong>, muy cerca de&nbsp;<strong>Vadillo-Castril<\/strong>, justo despu\u00e9s del embalse de Utrero. Es un camino accesible, con vistas espectaculares, ideal para senderistas, fot\u00f3grafos y amantes de la naturaleza.<\/p>\n\n\n\n<h2 class=\"wp-block-heading\"><strong>\ud83d\uddfa\ufe0f Mapa de localizaci\u00f3n: Cascada de Linarejos (Cola de Caballo)<\/strong><\/h2>\n\n\n\n<p>La&nbsp;<strong>Cascada de Linarejos<\/strong>, tambi\u00e9n conocida como&nbsp;<em>Cola de Caballo<\/em>, se encuentra en el paraje de la&nbsp;<strong>Cerrada de Utrero<\/strong>, dentro del&nbsp;<strong>Parque Natural de las Sierras de Cazorla, Segura y Las Villas<\/strong>, en la provincia de Ja\u00e9n, Andaluc\u00eda.<\/p>\n\n\n\n<h3 class=\"wp-block-heading\"><strong>\ud83d\udccd Coordenadas GPS:<\/strong><\/h3>\n\n\n\n<ul class=\"wp-block-list\">\n<li><strong>Latitud:<\/strong>&nbsp;37.92333\u00b0 N<\/li>\n\n\n\n<li><strong>Longitud:<\/strong>&nbsp;-2.92667\u00b0 W&nbsp;<\/li>\n<\/ul>\n\n\n\n<h3 class=\"wp-block-heading\"><strong>\ud83d\uddfa\ufe0f Mapa interactivo:<\/strong><\/h3>\n\n\n\n<p>Puedes ver la ubicaci\u00f3n exacta y planificar tu ruta utilizando el siguiente enlace a Google Maps:<\/p>\n\n\n\n<p>\ud83d\udc49&nbsp;<a href=\"https:\/\/www.google.com\/maps\/place\/37%C2%B055'24.0%22N+2%C2%B055'36.0%22W\">Ver en Google Maps<\/a><\/p>\n\n\n\n<h3 class=\"wp-block-heading\"><strong>\ud83d\udeb6\u200d\u2642\ufe0f C\u00f3mo llegar:<\/strong><\/h3>\n\n\n\n<ol start=\"1\" class=\"wp-block-list\">\n<li><strong>Desde Cazorla<\/strong>, toma la carretera&nbsp;<strong>A-319<\/strong>&nbsp;en direcci\u00f3n a&nbsp;<strong>Vadillo-Castril<\/strong>.<\/li>\n\n\n\n<li>Aproximadamente a 3,7 km del desv\u00edo conocido como&nbsp;<em>Empalme del Valle<\/em>, encontrar\u00e1s se\u00f1alizado el inicio del&nbsp;<strong>Sendero de la Cerrada de Utrero<\/strong>.<\/li>\n\n\n\n<li>En este punto, hay un \u00e1rea de aparcamiento amplio, incluso para autocaravanas, y un punto de informaci\u00f3n del parque natural.&nbsp;<\/li>\n<\/ol>\n\n\n\n<p>El sendero es circular, de aproximadamente 2 km, con un desnivel acumulado de 60 m y una duraci\u00f3n estimada de 45 minutos. Es de dificultad baja y apto para toda la familia.&nbsp;&nbsp;<\/p>\n\n\n<div class=\"wp-block-image\">\n<figure class=\"aligncenter size-full\"><img loading=\"lazy\" decoding=\"async\" width=\"474\" height=\"411\" src=\"https:\/\/www.carloscastrofotografo.com\/blog\/wp-content\/uploads\/2020\/03\/cola-de-caballo.png\" alt=\"\" class=\"wp-image-795\" srcset=\"https:\/\/www.carloscastrofotografo.com\/blog\/wp-content\/uploads\/2020\/03\/cola-de-caballo.png 474w, https:\/\/www.carloscastrofotografo.com\/blog\/wp-content\/uploads\/2020\/03\/cola-de-caballo-300x260.png 300w\" sizes=\"auto, (max-width: 474px) 100vw, 474px\" \/><\/figure>\n<\/div>\n\n\n<h3 class=\"wp-block-heading\"><strong>Un espect\u00e1culo natural esculpido por el Guadalquivir<\/strong><\/h3>\n\n\n\n<p>Esta cascada desciende sobre una formaci\u00f3n de roca caliza, creando una poza cristalina rodeada de vegetaci\u00f3n y con un sonido relajante que invita a quedarse durante horas. Tras las \u00faltimas lluvias y nevadas, el caudal del agua ha aumentado, dejando una imagen imponente de fuerza y belleza natural, muy distinta a la que suele verse en \u00e9pocas secas.<\/p>\n\n\n\n<h3 class=\"wp-block-heading\"><strong>Encuentro inesperado: una cabra en escena<\/strong><\/h3>\n\n\n\n<p>En el centro de la imagen que captur\u00e9 durante mi visita se puede ver una\u00a0<strong>cabra montesa<\/strong>\u00a0acerc\u00e1ndose a beber agua, empapada por el ambiente h\u00famedo del lugar. Aunque no se aprecia con todo detalle, he dejado un recorte de la zona para que pod\u00e1is verla mejor. Es uno de esos momentos inesperados que hacen que una caminata por el monte sea a\u00fan m\u00e1s especial (Gracias amigo Richi).<\/p>\n\n\n<div class=\"wp-block-image\">\n<figure class=\"aligncenter size-large td-caption-align-https:\/\/www.carloscastrofotografo.com\/blog\/wp-content\/uploads\/2020\/03\/cascada-linarejos-cazorla.jpg\"><img loading=\"lazy\" decoding=\"async\" width=\"683\" height=\"1024\" src=\"https:\/\/www.carloscastrofotografo.com\/blog\/wp-content\/uploads\/2020\/03\/cascada-linarejos-cazorla-683x1024.jpg\" alt=\"\" class=\"wp-image-229\" srcset=\"https:\/\/www.carloscastrofotografo.com\/blog\/wp-content\/uploads\/2020\/03\/cascada-linarejos-cazorla-683x1024.jpg 683w, https:\/\/www.carloscastrofotografo.com\/blog\/wp-content\/uploads\/2020\/03\/cascada-linarejos-cazorla-200x300.jpg 200w, https:\/\/www.carloscastrofotografo.com\/blog\/wp-content\/uploads\/2020\/03\/cascada-linarejos-cazorla-768x1152.jpg 768w, https:\/\/www.carloscastrofotografo.com\/blog\/wp-content\/uploads\/2020\/03\/cascada-linarejos-cazorla-696x1044.jpg 696w, https:\/\/www.carloscastrofotografo.com\/blog\/wp-content\/uploads\/2020\/03\/cascada-linarejos-cazorla-280x420.jpg 280w, https:\/\/www.carloscastrofotografo.com\/blog\/wp-content\/uploads\/2020\/03\/cascada-linarejos-cazorla.jpg 1000w\" sizes=\"auto, (max-width: 683px) 100vw, 683px\" \/><\/figure>\n<\/div>\n\n\n<p>Como no se ve tan bien, os dejo un recorte de la zona de la Cabra (para ver con m\u00e1s detalle) \ud83d\ude09<\/p>\n\n\n<div class=\"wp-block-image\">\n<figure class=\"aligncenter size-full td-caption-align-https:\/\/www.carloscastrofotografo.com\/blog\/wp-content\/uploads\/2020\/03\/cabra-linarejos-cazorla.jpg\"><img loading=\"lazy\" decoding=\"async\" width=\"1000\" height=\"713\" src=\"https:\/\/www.carloscastrofotografo.com\/blog\/wp-content\/uploads\/2020\/03\/cabra-linarejos-cazorla.jpg\" alt=\"\" class=\"wp-image-230\" srcset=\"https:\/\/www.carloscastrofotografo.com\/blog\/wp-content\/uploads\/2020\/03\/cabra-linarejos-cazorla.jpg 1000w, https:\/\/www.carloscastrofotografo.com\/blog\/wp-content\/uploads\/2020\/03\/cabra-linarejos-cazorla-300x214.jpg 300w, https:\/\/www.carloscastrofotografo.com\/blog\/wp-content\/uploads\/2020\/03\/cabra-linarejos-cazorla-768x548.jpg 768w, https:\/\/www.carloscastrofotografo.com\/blog\/wp-content\/uploads\/2020\/03\/cabra-linarejos-cazorla-696x496.jpg 696w, https:\/\/www.carloscastrofotografo.com\/blog\/wp-content\/uploads\/2020\/03\/cabra-linarejos-cazorla-589x420.jpg 589w, https:\/\/www.carloscastrofotografo.com\/blog\/wp-content\/uploads\/2020\/03\/cabra-linarejos-cazorla-100x70.jpg 100w\" sizes=\"auto, (max-width: 1000px) 100vw, 1000px\" \/><\/figure>\n<\/div>\n\n\n<p><strong>Un lugar perfecto para desconectar<\/strong><\/p>\n\n\n\n<p>La&nbsp;<strong>Cascada de Linarejos<\/strong>&nbsp;no solo es un destino perfecto para fot\u00f3grafos de naturaleza, sino tambi\u00e9n para quienes buscan&nbsp;<strong>desconexi\u00f3n, aire puro y tranquilidad<\/strong>. El sonido del agua, el canto de los p\u00e1jaros y la sensaci\u00f3n de estar rodeado de vegetaci\u00f3n hacen de este rinc\u00f3n un aut\u00e9ntico refugio natural.<\/p>\n\n\n\n<h3 class=\"wp-block-heading\"><strong>\ud83d\udccd Consejos para tu visita:<\/strong><\/h3>\n\n\n\n<p>S\u00e9 respetuoso con el entorno. Es un espacio natural protegido.<\/p>\n\n\n\n<p>Lleva calzado c\u00f3modo, el sendero es f\u00e1cil pero con zonas de roca.<\/p>\n\n\n\n<p>Ideal para visitar entre marzo y junio, cuando el caudal de agua es mayor.<\/p>\n\n\n\n<p>No olvides tu c\u00e1mara o m\u00f3vil con buen zoom para captar la fauna silvestre.<\/p>\n","protected":false},"excerpt":{"rendered":"<p>Si est\u00e1s planeando una escapada a la naturaleza en Andaluc\u00eda,&nbsp;la Cascada de Linarejos, tambi\u00e9n conocida como&nbsp;Cola de Caballo, es una parada obligatoria. Ubicada en la&nbsp;Sierra de Cazorla, dentro del Parque Natural de las Sierras de Cazorla, Segura y Las Villas, esta poza esculpida por el r\u00edo Guadalquivir es uno de los lugares m\u00e1s m\u00e1gicos y [&hellip;]<\/p>\n","protected":false},"author":1,"featured_media":229,"comment_status":"open","ping_status":"open","sticky":false,"template":"","format":"standard","meta":{"footnotes":""},"categories":[15],"tags":[20,70,86,90,87,83,89,85,84,88],"class_list":{"0":"post-228","1":"post","2":"type-post","3":"status-publish","4":"format-standard","5":"has-post-thumbnail","7":"category-viajes-foto","8":"tag-andalucia","9":"tag-andalusien","10":"tag-cabra","11":"tag-canon-5d-mark-iv","12":"tag-cascada","13":"tag-cascada-de-linarejos","14":"tag-cerrada-de-utrero","15":"tag-jaen","16":"tag-sierra-de-cazorla","17":"tag-waterfall"},"yoast_head":"<!-- This site is optimized with the Yoast SEO plugin v27.4 - https:\/\/yoast.com\/product\/yoast-seo-wordpress\/ -->\n<title>Cascada de Linarejos en la Sierra de Cazorla: \u00bfQu\u00e9 ver?<\/title>\n<meta name=\"description\" content=\"Descubre c\u00f3mo llegar a la Cascada de Linarejos (Cola de Caballo) en la Sierra de Cazorla. Un rinc\u00f3n natural ideal para fotografiar.\" \/>\n<meta name=\"robots\" content=\"index, follow, max-snippet:-1, max-image-preview:large, max-video-preview:-1\" \/>\n<link rel=\"canonical\" href=\"https:\/\/www.carloscastrofotografo.com\/blog\/pozas-de-la-cascada-de-linarejos-sierra-de-cazorla-jaen\/\" \/>\n<meta property=\"og:locale\" content=\"es_ES\" \/>\n<meta property=\"og:type\" content=\"article\" \/>\n<meta property=\"og:title\" content=\"Cascada de Linarejos en la Sierra de Cazorla: \u00bfQu\u00e9 ver?\" \/>\n<meta property=\"og:description\" content=\"Descubre c\u00f3mo llegar a la Cascada de Linarejos (Cola de Caballo) en la Sierra de Cazorla. Un rinc\u00f3n natural ideal para fotografiar.\" \/>\n<meta property=\"og:url\" content=\"https:\/\/www.carloscastrofotografo.com\/blog\/pozas-de-la-cascada-de-linarejos-sierra-de-cazorla-jaen\/\" \/>\n<meta property=\"og:site_name\" content=\"Blog de Carlos Castro Fot\u00f3grafo\" \/>\n<meta property=\"article:published_time\" content=\"2020-03-30T10:32:22+00:00\" \/>\n<meta property=\"article:modified_time\" content=\"2025-05-15T09:48:52+00:00\" \/>\n<meta property=\"og:image\" content=\"https:\/\/www.carloscastrofotografo.com\/blog\/wp-content\/uploads\/2020\/03\/cascada-linarejos-cazorla.jpg\" \/>\n\t<meta property=\"og:image:width\" content=\"1000\" \/>\n\t<meta property=\"og:image:height\" content=\"1500\" \/>\n\t<meta property=\"og:image:type\" content=\"image\/jpeg\" \/>\n<meta name=\"author\" content=\"Carlos Castro\" \/>\n<meta name=\"twitter:card\" content=\"summary_large_image\" \/>\n<meta name=\"twitter:label1\" content=\"Escrito por\" \/>\n\t<meta name=\"twitter:data1\" content=\"Carlos Castro\" \/>\n\t<meta name=\"twitter:label2\" content=\"Tiempo de lectura\" \/>\n\t<meta name=\"twitter:data2\" content=\"4 minutos\" \/>\n<script type=\"application\/ld+json\" class=\"yoast-schema-graph\">{\"@context\":\"https:\\\/\\\/schema.org\",\"@graph\":[{\"@type\":\"Article\",\"@id\":\"https:\\\/\\\/www.carloscastrofotografo.com\\\/blog\\\/pozas-de-la-cascada-de-linarejos-sierra-de-cazorla-jaen\\\/#article\",\"isPartOf\":{\"@id\":\"https:\\\/\\\/www.carloscastrofotografo.com\\\/blog\\\/pozas-de-la-cascada-de-linarejos-sierra-de-cazorla-jaen\\\/\"},\"author\":{\"name\":\"Carlos Castro\",\"@id\":\"https:\\\/\\\/www.carloscastrofotografo.com\\\/blog\\\/#\\\/schema\\\/person\\\/f2df3dbaf3422e563228db874428292d\"},\"headline\":\"Cascada de Linarejos (Cola de Caballo), un rinc\u00f3n m\u00e1gico en la Sierra de Cazorla\",\"datePublished\":\"2020-03-30T10:32:22+00:00\",\"dateModified\":\"2025-05-15T09:48:52+00:00\",\"mainEntityOfPage\":{\"@id\":\"https:\\\/\\\/www.carloscastrofotografo.com\\\/blog\\\/pozas-de-la-cascada-de-linarejos-sierra-de-cazorla-jaen\\\/\"},\"wordCount\":621,\"commentCount\":0,\"publisher\":{\"@id\":\"https:\\\/\\\/www.carloscastrofotografo.com\\\/blog\\\/#\\\/schema\\\/person\\\/f2df3dbaf3422e563228db874428292d\"},\"image\":{\"@id\":\"https:\\\/\\\/www.carloscastrofotografo.com\\\/blog\\\/pozas-de-la-cascada-de-linarejos-sierra-de-cazorla-jaen\\\/#primaryimage\"},\"thumbnailUrl\":\"https:\\\/\\\/www.carloscastrofotografo.com\\\/blog\\\/wp-content\\\/uploads\\\/2020\\\/03\\\/cascada-linarejos-cazorla.jpg\",\"keywords\":[\"andalucia\",\"andalusien\",\"cabra\",\"canon 5d mark iv\",\"cascada\",\"cascada de linarejos\",\"cerrada de utrero\",\"jaen\",\"sierra de cazorla\",\"waterfall\"],\"articleSection\":[\"Viajes\"],\"inLanguage\":\"es\",\"potentialAction\":[{\"@type\":\"CommentAction\",\"name\":\"Comment\",\"target\":[\"https:\\\/\\\/www.carloscastrofotografo.com\\\/blog\\\/pozas-de-la-cascada-de-linarejos-sierra-de-cazorla-jaen\\\/#respond\"]}]},{\"@type\":\"WebPage\",\"@id\":\"https:\\\/\\\/www.carloscastrofotografo.com\\\/blog\\\/pozas-de-la-cascada-de-linarejos-sierra-de-cazorla-jaen\\\/\",\"url\":\"https:\\\/\\\/www.carloscastrofotografo.com\\\/blog\\\/pozas-de-la-cascada-de-linarejos-sierra-de-cazorla-jaen\\\/\",\"name\":\"Cascada de Linarejos en la Sierra de Cazorla: \u00bfQu\u00e9 ver?\",\"isPartOf\":{\"@id\":\"https:\\\/\\\/www.carloscastrofotografo.com\\\/blog\\\/#website\"},\"primaryImageOfPage\":{\"@id\":\"https:\\\/\\\/www.carloscastrofotografo.com\\\/blog\\\/pozas-de-la-cascada-de-linarejos-sierra-de-cazorla-jaen\\\/#primaryimage\"},\"image\":{\"@id\":\"https:\\\/\\\/www.carloscastrofotografo.com\\\/blog\\\/pozas-de-la-cascada-de-linarejos-sierra-de-cazorla-jaen\\\/#primaryimage\"},\"thumbnailUrl\":\"https:\\\/\\\/www.carloscastrofotografo.com\\\/blog\\\/wp-content\\\/uploads\\\/2020\\\/03\\\/cascada-linarejos-cazorla.jpg\",\"datePublished\":\"2020-03-30T10:32:22+00:00\",\"dateModified\":\"2025-05-15T09:48:52+00:00\",\"description\":\"Descubre c\u00f3mo llegar a la Cascada de Linarejos (Cola de Caballo) en la Sierra de Cazorla. Un rinc\u00f3n natural ideal para fotografiar.\",\"breadcrumb\":{\"@id\":\"https:\\\/\\\/www.carloscastrofotografo.com\\\/blog\\\/pozas-de-la-cascada-de-linarejos-sierra-de-cazorla-jaen\\\/#breadcrumb\"},\"inLanguage\":\"es\",\"potentialAction\":[{\"@type\":\"ReadAction\",\"target\":[\"https:\\\/\\\/www.carloscastrofotografo.com\\\/blog\\\/pozas-de-la-cascada-de-linarejos-sierra-de-cazorla-jaen\\\/\"]}]},{\"@type\":\"ImageObject\",\"inLanguage\":\"es\",\"@id\":\"https:\\\/\\\/www.carloscastrofotografo.com\\\/blog\\\/pozas-de-la-cascada-de-linarejos-sierra-de-cazorla-jaen\\\/#primaryimage\",\"url\":\"https:\\\/\\\/www.carloscastrofotografo.com\\\/blog\\\/wp-content\\\/uploads\\\/2020\\\/03\\\/cascada-linarejos-cazorla.jpg\",\"contentUrl\":\"https:\\\/\\\/www.carloscastrofotografo.com\\\/blog\\\/wp-content\\\/uploads\\\/2020\\\/03\\\/cascada-linarejos-cazorla.jpg\",\"width\":1000,\"height\":1500},{\"@type\":\"BreadcrumbList\",\"@id\":\"https:\\\/\\\/www.carloscastrofotografo.com\\\/blog\\\/pozas-de-la-cascada-de-linarejos-sierra-de-cazorla-jaen\\\/#breadcrumb\",\"itemListElement\":[{\"@type\":\"ListItem\",\"position\":1,\"name\":\"Portada\",\"item\":\"https:\\\/\\\/www.carloscastrofotografo.com\\\/blog\\\/\"},{\"@type\":\"ListItem\",\"position\":2,\"name\":\"Cascada de Linarejos (Cola de Caballo), un rinc\u00f3n m\u00e1gico en la Sierra de Cazorla\"}]},{\"@type\":\"WebSite\",\"@id\":\"https:\\\/\\\/www.carloscastrofotografo.com\\\/blog\\\/#website\",\"url\":\"https:\\\/\\\/www.carloscastrofotografo.com\\\/blog\\\/\",\"name\":\"Blog de Carlos Castro Fot\u00f3grafo\",\"description\":\"Todo sobre Fotograf\u00eda y V\u00eddeo, para apasionados de la imagen.\",\"publisher\":{\"@id\":\"https:\\\/\\\/www.carloscastrofotografo.com\\\/blog\\\/#\\\/schema\\\/person\\\/f2df3dbaf3422e563228db874428292d\"},\"potentialAction\":[{\"@type\":\"SearchAction\",\"target\":{\"@type\":\"EntryPoint\",\"urlTemplate\":\"https:\\\/\\\/www.carloscastrofotografo.com\\\/blog\\\/?s={search_term_string}\"},\"query-input\":{\"@type\":\"PropertyValueSpecification\",\"valueRequired\":true,\"valueName\":\"search_term_string\"}}],\"inLanguage\":\"es\"},{\"@type\":[\"Person\",\"Organization\"],\"@id\":\"https:\\\/\\\/www.carloscastrofotografo.com\\\/blog\\\/#\\\/schema\\\/person\\\/f2df3dbaf3422e563228db874428292d\",\"name\":\"Carlos Castro\",\"image\":{\"@type\":\"ImageObject\",\"inLanguage\":\"es\",\"@id\":\"https:\\\/\\\/secure.gravatar.com\\\/avatar\\\/dfdb382b872c007d17784b7cf24288a868cd90f2a34825da78d451a9ddbb4dfe?s=96&d=mm&r=g\",\"url\":\"https:\\\/\\\/secure.gravatar.com\\\/avatar\\\/dfdb382b872c007d17784b7cf24288a868cd90f2a34825da78d451a9ddbb4dfe?s=96&d=mm&r=g\",\"contentUrl\":\"https:\\\/\\\/secure.gravatar.com\\\/avatar\\\/dfdb382b872c007d17784b7cf24288a868cd90f2a34825da78d451a9ddbb4dfe?s=96&d=mm&r=g\",\"caption\":\"Carlos Castro\"},\"logo\":{\"@id\":\"https:\\\/\\\/secure.gravatar.com\\\/avatar\\\/dfdb382b872c007d17784b7cf24288a868cd90f2a34825da78d451a9ddbb4dfe?s=96&d=mm&r=g\"},\"description\":\"Fot\u00f3grafo, Videografo y apasionado de la tecnolog\u00eda. Cazador de tormentas y astrofot\u00f3grafo amateur.\",\"sameAs\":[\"https:\\\/\\\/www.carloscastrofotografo.com\",\"https:\\\/\\\/www.youtube.com\\\/carloscastrofotografo\"],\"url\":\"https:\\\/\\\/www.carloscastrofotografo.com\\\/blog\\\/author\\\/admin\\\/\"}]}<\/script>\n<!-- \/ Yoast SEO plugin. -->","yoast_head_json":{"title":"Cascada de Linarejos en la Sierra de Cazorla: \u00bfQu\u00e9 ver?","description":"Descubre c\u00f3mo llegar a la Cascada de Linarejos (Cola de Caballo) en la Sierra de Cazorla. Un rinc\u00f3n natural ideal para fotografiar.","robots":{"index":"index","follow":"follow","max-snippet":"max-snippet:-1","max-image-preview":"max-image-preview:large","max-video-preview":"max-video-preview:-1"},"canonical":"https:\/\/www.carloscastrofotografo.com\/blog\/pozas-de-la-cascada-de-linarejos-sierra-de-cazorla-jaen\/","og_locale":"es_ES","og_type":"article","og_title":"Cascada de Linarejos en la Sierra de Cazorla: \u00bfQu\u00e9 ver?","og_description":"Descubre c\u00f3mo llegar a la Cascada de Linarejos (Cola de Caballo) en la Sierra de Cazorla. Un rinc\u00f3n natural ideal para fotografiar.","og_url":"https:\/\/www.carloscastrofotografo.com\/blog\/pozas-de-la-cascada-de-linarejos-sierra-de-cazorla-jaen\/","og_site_name":"Blog de Carlos Castro Fot\u00f3grafo","article_published_time":"2020-03-30T10:32:22+00:00","article_modified_time":"2025-05-15T09:48:52+00:00","og_image":[{"width":1000,"height":1500,"url":"https:\/\/www.carloscastrofotografo.com\/blog\/wp-content\/uploads\/2020\/03\/cascada-linarejos-cazorla.jpg","type":"image\/jpeg"}],"author":"Carlos Castro","twitter_card":"summary_large_image","twitter_misc":{"Escrito por":"Carlos Castro","Tiempo de lectura":"4 minutos"},"schema":{"@context":"https:\/\/schema.org","@graph":[{"@type":"Article","@id":"https:\/\/www.carloscastrofotografo.com\/blog\/pozas-de-la-cascada-de-linarejos-sierra-de-cazorla-jaen\/#article","isPartOf":{"@id":"https:\/\/www.carloscastrofotografo.com\/blog\/pozas-de-la-cascada-de-linarejos-sierra-de-cazorla-jaen\/"},"author":{"name":"Carlos Castro","@id":"https:\/\/www.carloscastrofotografo.com\/blog\/#\/schema\/person\/f2df3dbaf3422e563228db874428292d"},"headline":"Cascada de Linarejos (Cola de Caballo), un rinc\u00f3n m\u00e1gico en la Sierra de Cazorla","datePublished":"2020-03-30T10:32:22+00:00","dateModified":"2025-05-15T09:48:52+00:00","mainEntityOfPage":{"@id":"https:\/\/www.carloscastrofotografo.com\/blog\/pozas-de-la-cascada-de-linarejos-sierra-de-cazorla-jaen\/"},"wordCount":621,"commentCount":0,"publisher":{"@id":"https:\/\/www.carloscastrofotografo.com\/blog\/#\/schema\/person\/f2df3dbaf3422e563228db874428292d"},"image":{"@id":"https:\/\/www.carloscastrofotografo.com\/blog\/pozas-de-la-cascada-de-linarejos-sierra-de-cazorla-jaen\/#primaryimage"},"thumbnailUrl":"https:\/\/www.carloscastrofotografo.com\/blog\/wp-content\/uploads\/2020\/03\/cascada-linarejos-cazorla.jpg","keywords":["andalucia","andalusien","cabra","canon 5d mark iv","cascada","cascada de linarejos","cerrada de utrero","jaen","sierra de cazorla","waterfall"],"articleSection":["Viajes"],"inLanguage":"es","potentialAction":[{"@type":"CommentAction","name":"Comment","target":["https:\/\/www.carloscastrofotografo.com\/blog\/pozas-de-la-cascada-de-linarejos-sierra-de-cazorla-jaen\/#respond"]}]},{"@type":"WebPage","@id":"https:\/\/www.carloscastrofotografo.com\/blog\/pozas-de-la-cascada-de-linarejos-sierra-de-cazorla-jaen\/","url":"https:\/\/www.carloscastrofotografo.com\/blog\/pozas-de-la-cascada-de-linarejos-sierra-de-cazorla-jaen\/","name":"Cascada de Linarejos en la Sierra de Cazorla: \u00bfQu\u00e9 ver?","isPartOf":{"@id":"https:\/\/www.carloscastrofotografo.com\/blog\/#website"},"primaryImageOfPage":{"@id":"https:\/\/www.carloscastrofotografo.com\/blog\/pozas-de-la-cascada-de-linarejos-sierra-de-cazorla-jaen\/#primaryimage"},"image":{"@id":"https:\/\/www.carloscastrofotografo.com\/blog\/pozas-de-la-cascada-de-linarejos-sierra-de-cazorla-jaen\/#primaryimage"},"thumbnailUrl":"https:\/\/www.carloscastrofotografo.com\/blog\/wp-content\/uploads\/2020\/03\/cascada-linarejos-cazorla.jpg","datePublished":"2020-03-30T10:32:22+00:00","dateModified":"2025-05-15T09:48:52+00:00","description":"Descubre c\u00f3mo llegar a la Cascada de Linarejos (Cola de Caballo) en la Sierra de Cazorla. Un rinc\u00f3n natural ideal para fotografiar.","breadcrumb":{"@id":"https:\/\/www.carloscastrofotografo.com\/blog\/pozas-de-la-cascada-de-linarejos-sierra-de-cazorla-jaen\/#breadcrumb"},"inLanguage":"es","potentialAction":[{"@type":"ReadAction","target":["https:\/\/www.carloscastrofotografo.com\/blog\/pozas-de-la-cascada-de-linarejos-sierra-de-cazorla-jaen\/"]}]},{"@type":"ImageObject","inLanguage":"es","@id":"https:\/\/www.carloscastrofotografo.com\/blog\/pozas-de-la-cascada-de-linarejos-sierra-de-cazorla-jaen\/#primaryimage","url":"https:\/\/www.carloscastrofotografo.com\/blog\/wp-content\/uploads\/2020\/03\/cascada-linarejos-cazorla.jpg","contentUrl":"https:\/\/www.carloscastrofotografo.com\/blog\/wp-content\/uploads\/2020\/03\/cascada-linarejos-cazorla.jpg","width":1000,"height":1500},{"@type":"BreadcrumbList","@id":"https:\/\/www.carloscastrofotografo.com\/blog\/pozas-de-la-cascada-de-linarejos-sierra-de-cazorla-jaen\/#breadcrumb","itemListElement":[{"@type":"ListItem","position":1,"name":"Portada","item":"https:\/\/www.carloscastrofotografo.com\/blog\/"},{"@type":"ListItem","position":2,"name":"Cascada de Linarejos (Cola de Caballo), un rinc\u00f3n m\u00e1gico en la Sierra de Cazorla"}]},{"@type":"WebSite","@id":"https:\/\/www.carloscastrofotografo.com\/blog\/#website","url":"https:\/\/www.carloscastrofotografo.com\/blog\/","name":"Blog de Carlos Castro Fot\u00f3grafo","description":"Todo sobre Fotograf\u00eda y V\u00eddeo, para apasionados de la imagen.","publisher":{"@id":"https:\/\/www.carloscastrofotografo.com\/blog\/#\/schema\/person\/f2df3dbaf3422e563228db874428292d"},"potentialAction":[{"@type":"SearchAction","target":{"@type":"EntryPoint","urlTemplate":"https:\/\/www.carloscastrofotografo.com\/blog\/?s={search_term_string}"},"query-input":{"@type":"PropertyValueSpecification","valueRequired":true,"valueName":"search_term_string"}}],"inLanguage":"es"},{"@type":["Person","Organization"],"@id":"https:\/\/www.carloscastrofotografo.com\/blog\/#\/schema\/person\/f2df3dbaf3422e563228db874428292d","name":"Carlos Castro","image":{"@type":"ImageObject","inLanguage":"es","@id":"https:\/\/secure.gravatar.com\/avatar\/dfdb382b872c007d17784b7cf24288a868cd90f2a34825da78d451a9ddbb4dfe?s=96&d=mm&r=g","url":"https:\/\/secure.gravatar.com\/avatar\/dfdb382b872c007d17784b7cf24288a868cd90f2a34825da78d451a9ddbb4dfe?s=96&d=mm&r=g","contentUrl":"https:\/\/secure.gravatar.com\/avatar\/dfdb382b872c007d17784b7cf24288a868cd90f2a34825da78d451a9ddbb4dfe?s=96&d=mm&r=g","caption":"Carlos Castro"},"logo":{"@id":"https:\/\/secure.gravatar.com\/avatar\/dfdb382b872c007d17784b7cf24288a868cd90f2a34825da78d451a9ddbb4dfe?s=96&d=mm&r=g"},"description":"Fot\u00f3grafo, Videografo y apasionado de la tecnolog\u00eda. Cazador de tormentas y astrofot\u00f3grafo amateur.","sameAs":["https:\/\/www.carloscastrofotografo.com","https:\/\/www.youtube.com\/carloscastrofotografo"],"url":"https:\/\/www.carloscastrofotografo.com\/blog\/author\/admin\/"}]}},"_links":{"self":[{"href":"https:\/\/www.carloscastrofotografo.com\/blog\/wp-json\/wp\/v2\/posts\/228","targetHints":{"allow":["GET"]}}],"collection":[{"href":"https:\/\/www.carloscastrofotografo.com\/blog\/wp-json\/wp\/v2\/posts"}],"about":[{"href":"https:\/\/www.carloscastrofotografo.com\/blog\/wp-json\/wp\/v2\/types\/post"}],"author":[{"embeddable":true,"href":"https:\/\/www.carloscastrofotografo.com\/blog\/wp-json\/wp\/v2\/users\/1"}],"replies":[{"embeddable":true,"href":"https:\/\/www.carloscastrofotografo.com\/blog\/wp-json\/wp\/v2\/comments?post=228"}],"version-history":[{"count":12,"href":"https:\/\/www.carloscastrofotografo.com\/blog\/wp-json\/wp\/v2\/posts\/228\/revisions"}],"predecessor-version":[{"id":797,"href":"https:\/\/www.carloscastrofotografo.com\/blog\/wp-json\/wp\/v2\/posts\/228\/revisions\/797"}],"wp:featuredmedia":[{"embeddable":true,"href":"https:\/\/www.carloscastrofotografo.com\/blog\/wp-json\/wp\/v2\/media\/229"}],"wp:attachment":[{"href":"https:\/\/www.carloscastrofotografo.com\/blog\/wp-json\/wp\/v2\/media?parent=228"}],"wp:term":[{"taxonomy":"category","embeddable":true,"href":"https:\/\/www.carloscastrofotografo.com\/blog\/wp-json\/wp\/v2\/categories?post=228"},{"taxonomy":"post_tag","embeddable":true,"href":"https:\/\/www.carloscastrofotografo.com\/blog\/wp-json\/wp\/v2\/tags?post=228"}],"curies":[{"name":"wp","href":"https:\/\/api.w.org\/{rel}","templated":true}]}}