{"id":1534,"date":"2026-08-31T15:57:18","date_gmt":"2026-08-31T13:57:18","guid":{"rendered":"https:\/\/www.carloscastrofotografo.com\/blog\/?p=1534"},"modified":"2026-08-31T15:57:20","modified_gmt":"2026-08-31T13:57:20","slug":"efemerides-astronomicas-septiembre-2026","status":"publish","type":"post","link":"https:\/\/www.carloscastrofotografo.com\/blog\/efemerides-astronomicas-septiembre-2026\/","title":{"rendered":"Gu\u00eda del Cielo de Septiembre 2026: Luna de la Cosecha, Ocultaci\u00f3n de Venus y Efem\u00e9rides Espaciales"},"content":{"rendered":"<p>Llega septiembre de 2026 y el firmamento nos regala un espect\u00e1culo inolvidable para despedir el verano. Tras la intensidad de los eclipses de agosto, este mes viene cargado de momentos clave para los amantes de la astronom\u00eda y la astrofotograf\u00eda: dos ocultaciones planetarias, el m\u00e1ximo brillo del a\u00f1o para Venus, la m\u00edtica <strong>Luna de la Cosecha<\/strong> y la oposici\u00f3n de Neptuno.<\/p>\n<p>A continuaci\u00f3n, desglosamos todos los eventos astron\u00f3micos con sus horarios clave (hora peninsular espa\u00f1ola CEST y UTC), consejos de planificaci\u00f3n fotogr\u00e1fica y las efem\u00e9rides hist\u00f3ricas m\u00e1s destacadas del espacio.<\/p>\n<div class=\"video-container\" style=\"position: relative; padding-bottom: 56.25%; height: 0; overflow: hidden; max-width: 100%; margin-top: 25px; margin-bottom: 25px;\">\n  <iframe src=\"https:\/\/www.youtube.com\/embed\/shQFGDN6Ypg\" style=\"position: absolute; top: 0; left: 0; width: 100%; height: 100%; border: 0;\" allowfullscreen=\"allowfullscreen\" title=\"Gu\u00eda del Cielo Septiembre 2026 - Carlos Castro Fot\u00f3grafo\"><\/iframe>\n<\/div>\n<p><em>Si prefieres ver la gu\u00eda en formato v\u00eddeo con mapas de planificaci\u00f3n y ejemplos visuales, \u00a1haz clic arriba y no olvides suscribirte al canal de YouTube de <strong><a href=\"https:\/\/www.youtube.com\/@CarlosCastroFotografo\" target=\"_blank\" rel=\"noopener\">Carlos Castro Fot\u00f3grafo<\/a><\/strong> para no perderte ninguna gu\u00eda mensual!<\/em><\/p>\n<h2>Eventos Destacados de Septiembre de 2026<\/h2>\n<h3>1. Conjunci\u00f3n y Ocultaci\u00f3n Lunar de J\u00fapiter (8 de Septiembre)<\/h3>\n<p>El <strong>8 de septiembre<\/strong>, la Luna pasar\u00e1 por delante de J\u00fapiter. Para observadores en Estados Unidos y Canad\u00e1, se producir\u00e1 una ocultaci\u00f3n diurna entre las 12:00 y las 15:30 UTC. Desde Espa\u00f1a y Europa, aunque no se apreciar\u00e1 la ocultaci\u00f3n completa, ambos astros se ver\u00e1n extremadamente juntos en el cielo matutino.<\/p>\n<ul>\n<li><strong>Hora clave (Espa\u00f1a CEST):<\/strong> 05:30 CEST (de madrugada).<\/li>\n<li><strong>Hora UTC:<\/strong> 03:30 UTC.<\/li>\n<li><strong>Consejo fotogr\u00e1fico:<\/strong> Orienta tu c\u00e1mara hacia el Este unas 3 horas antes del amanecer. Utiliza un teleobjetivo para encuadrar la fina Luna menguante junto al brillo caracter\u00edstico de J\u00fapiter y sus lunas galileanas.<\/li>\n<\/ul>\n<h3>2. Ocultaci\u00f3n Lunar de Venus en Pleno D\u00eda (14 de Septiembre)<\/h3>\n<p>El gran plato fuerte astron\u00f3mico del mes tendr\u00e1 lugar el <strong>14 de septiembre<\/strong>, cuando la fina Luna creciente tapar\u00e1 por completo a Venus. Este fen\u00f3meno ser\u00e1 visible desde Europa, \u00c1frica y partes de Asia.<\/p>\n<ul>\n<li><strong>Hora clave (Espa\u00f1a CEST):<\/strong> De 11:26 a 12:31 CEST.<\/li>\n<li><strong>Hora UTC:<\/strong> De 09:26 a 10:31 UTC.<\/li>\n<li><strong>Precauci\u00f3n de seguridad:<\/strong> Al tratarse de un evento 100 % diurno, extremad la precauci\u00f3n al apuntar telescopios, prism\u00e1ticos o teleobjetivos cerca del Sol para evitar da\u00f1os irreversibles en la vista o en el sensor de la c\u00e1mara.<\/li>\n<\/ul>\n<h3>3. Venus alcanza su M\u00e1ximo Brillo de 2026 (22 de Septiembre)<\/h3>\n<p>Hacia finales de mes, el <strong>22 de septiembre<\/strong>, Venus alcanzar\u00e1 su c\u00e9nit de resplandor vespertino alcanzando una magnitud de -4,8. Se convertir\u00e1 en el punto m\u00e1s brillante del cielo tras la Luna.<\/p>\n<ul>\n<li><strong>Ventana de observaci\u00f3n:<\/strong> De 20:00 a 21:00 CEST (justo al atardecer).<\/li>\n<li><strong>Consejo fotogr\u00e1fico:<\/strong> Busca un horizonte Oeste despejado y utiliza elementos arquitect\u00f3nicos o naturales en primer plano para encuadrar el resplandor de Venus en la hora azul.<\/li>\n<\/ul>\n<p><!-- Insertar aqu\u00ed Imagen del Cuerpo del Art\u00edculo --><\/p>\n<h3>4. Equinoccio de Septiembre y Luna de la Cosecha (23 y 26 de Septiembre)<\/h3>\n<p>El <strong>23 de septiembre a las 02:06 CEST<\/strong> da comienzo oficial el oto\u00f1o astron\u00f3mico en el hemisferio norte (y la primavera en el hemisferio sur). Pocos d\u00edas despu\u00e9s, el <strong>26 de septiembre<\/strong>, llega la tradicional <strong>Luna de la Cosecha<\/strong> en la constelaci\u00f3n de Piscis.<\/p>\n<ul>\n<li><strong>Pico de fase llena:<\/strong> 18:49 CEST (16:49 UTC).<\/li>\n<li><strong>Hora \u00f3ptima de foto:<\/strong> Alrededor de las 19:40 CEST, coincidiendo con la salida de la Luna por el Este mientras el Sol se pone por el Oeste.<\/li>\n<li><strong>Efecto \u00f3ptico:<\/strong> Alejaros varios kil\u00f3metros del sujeto principal (un castillo, faro o monta\u00f1a) y usad focales largas (300mm a 600mm) para lograr compresi\u00f3n de plano y hacer que la Luna luzca gigantesca.<\/li>\n<\/ul>\n<h3>5. Oposici\u00f3n de Neptuno (26 de Septiembre)<\/h3>\n<p>Esa misma noche del 26 de septiembre, Neptuno alcanzar\u00e1 su oposici\u00f3n, situ\u00e1ndose en su punto m\u00e1s cercano a la Tierra de todo el a\u00f1o. Debido al intenso resplandor de la Luna Llena, la mejor ventana para fotografiar el tono azulado de Neptuno ser\u00e1 en las noches oscuras cercanas a la Luna Nueva (11 de septiembre).<\/p>\n<h2>Efem\u00e9rides Espaciales Hist\u00f3ricas de Septiembre<\/h2>\n<p>Aprovecha las esperas entre toma y toma durante tus sesiones nocturnas con estos datos hist\u00f3ricos del programa espacial:<\/p>\n<ul>\n<li><strong>5 de septiembre de 1977:<\/strong> Lanzamiento de la sonda <strong>Voyager 1<\/strong>, actualmente en espacio interestelar a m\u00e1s de 24.000 millones de kil\u00f3metros de la Tierra.<\/li>\n<li><strong>13 de septiembre de 1959:<\/strong> La sonda sovi\u00e9tica <strong>Luna 2<\/strong> se convierte en el primer objeto humano en impactar la superficie de la Luna.<\/li>\n<li><strong>23 de septiembre de 1846:<\/strong> Descubrimiento formal del planeta <strong>Neptuno<\/strong> por Johann Galle tras los c\u00e1lculos predictivos de Urbain Le Verrier.<\/li>\n<li><strong>26 de septiembre de 2022:<\/strong> La misi\u00f3n <strong>DART<\/strong> de la NASA impacta con \u00e9xito contra el asteroide Dimorphos en la primera prueba real de defensa planetaria.<\/li>\n<\/ul>\n<h2>Tabla Resumen de Fechas y Horarios Clave<\/h2>\n<table style=\"width: 100%; border-collapse: collapse; margin-top: 15px; margin-bottom: 20px;\">\n<thead>\n<tr style=\"background-color: #1a1a1a; color: #ffffff;\">\n<th style=\"padding: 10px; border: 1px solid #444;\">Evento<\/th>\n<th style=\"padding: 10px; border: 1px solid #444;\">Fecha<\/th>\n<th style=\"padding: 10px; border: 1px solid #444;\">Hora Peninsular (CEST)<\/th>\n<th style=\"padding: 10px; border: 1px solid #444;\">Hora UTC<\/th>\n<\/tr>\n<\/thead>\n<tbody>\n<tr>\n<td style=\"padding: 8px; border: 1px solid #ddd;\">Ocultaci\u00f3n\/Conjunci\u00f3n J\u00fapiter<\/td>\n<td style=\"padding: 8px; border: 1px solid #ddd;\">08 Sep 2026<\/td>\n<td style=\"padding: 8px; border: 1px solid #ddd;\">05:30 CEST<\/td>\n<td style=\"padding: 8px; border: 1px solid #ddd;\">03:30 UTC<\/td>\n<\/tr>\n<tr style=\"background-color: #f9f9f9;\">\n<td style=\"padding: 8px; border: 1px solid #ddd;\">Luna Nueva (M\u00e1xima Oscuridad)<\/td>\n<td style=\"padding: 8px; border: 1px solid #ddd;\">11 Sep 2026<\/td>\n<td style=\"padding: 8px; border: 1px solid #ddd;\">05:27 CEST<\/td>\n<td style=\"padding: 8px; border: 1px solid #ddd;\">03:27 UTC<\/td>\n<\/tr>\n<tr>\n<td style=\"padding: 8px; border: 1px solid #ddd;\">Ocultaci\u00f3n Lunar de Venus<\/td>\n<td style=\"padding: 8px; border: 1px solid #ddd;\">14 Sep 2026<\/td>\n<td style=\"padding: 8px; border: 1px solid #ddd;\">11:26 \u2013 12:31 CEST<\/td>\n<td style=\"padding: 8px; border: 1px solid #ddd;\">09:26 \u2013 10:31 UTC<\/td>\n<\/tr>\n<tr style=\"background-color: #f9f9f9;\">\n<td style=\"padding: 8px; border: 1px solid #ddd;\">M\u00e1ximo Brillo de Venus (-4.8 mag)<\/td>\n<td style=\"padding: 8px; border: 1px solid #ddd;\">22 Sep 2026<\/td>\n<td style=\"padding: 8px; border: 1px solid #ddd;\">20:00 \u2013 21:00 CEST<\/td>\n<td style=\"padding: 8px; border: 1px solid #ddd;\">18:00 \u2013 19:00 UTC<\/td>\n<\/tr>\n<tr>\n<td style=\"padding: 8px; border: 1px solid #ddd;\">Equinoccio de Septiembre<\/td>\n<td style=\"padding: 8px; border: 1px solid #ddd;\">23 Sep 2026<\/td>\n<td style=\"padding: 8px; border: 1px solid #ddd;\">02:06 CEST<\/td>\n<td style=\"padding: 8px; border: 1px solid #ddd;\">00:06 UTC<\/td>\n<\/tr>\n<tr style=\"background-color: #f9f9f9;\">\n<td style=\"padding: 8px; border: 1px solid #ddd;\">Luna Llena de la Cosecha<\/td>\n<td style=\"padding: 8px; border: 1px solid #ddd;\">26 Sep 2026<\/td>\n<td style=\"padding: 8px; border: 1px solid #ddd;\">18:49 CEST (Salida ~19:40)<\/td>\n<td style=\"padding: 8px; border: 1px solid #ddd;\">16:49 UTC<\/td>\n<\/tr>\n<\/tbody>\n<\/table>\n<hr \/>\n<p>\u00bfQuieres seguir aprendiendo sobre fotograf\u00eda nocturna y planificaci\u00f3n astron\u00f3mica? Te invito a unirte a la comunidad en el canal de YouTube de <strong><a href=\"https:\/\/www.youtube.com\/@CarlosCastroFotografo\" target=\"_blank\" rel=\"noopener\">Carlos Castro Fot\u00f3grafo<\/a><\/strong>, donde compartimos tutoriales paso a paso, an\u00e1lisis de equipo y la gu\u00eda del cielo de cada mes.<\/p>\n","protected":false},"excerpt":{"rendered":"<p>Llega septiembre de 2026 y el firmamento nos regala un espect\u00e1culo inolvidable para despedir el verano. Tras la intensidad de los eclipses de agosto, este mes viene cargado de momentos clave para los amantes de la astronom\u00eda y la astrofotograf\u00eda: dos ocultaciones planetarias, el m\u00e1ximo brillo del a\u00f1o para Venus, la m\u00edtica Luna de la [&hellip;]<\/p>\n","protected":false},"author":1,"featured_media":1535,"comment_status":"open","ping_status":"open","sticky":false,"template":"","format":"standard","meta":{"footnotes":""},"categories":[279,249,155],"tags":[305,1316,1754,1750,1758,1751,1745,1757,1414,1748,1746,1755,1753,1749,1752,1759,1756,1747],"class_list":["post-1534","post","type-post","status-publish","format-standard","has-post-thumbnail","category-astrofotografia","category-astronomia","category-noticias-variadas","tag-astrofotografia","tag-carlos-castro-fotografo-2","tag-efemerides-astronomicas-septiembre-2026","tag-efemerides-espaciales-septiembre","tag-epsilon-perseidas-2026","tag-equinoccio-de-septiembre-2026","tag-eventos-astronomicos-septiembre-2026","tag-fotografia-de-paisaje-nocturno","tag-fotografia-nocturna-3","tag-guia-del-cielo-septiembre-2026","tag-luna-de-la-cosecha-2026","tag-luna-llena-septiembre-2026","tag-neptuno-en-oposicion-2026","tag-ocultacion-de-venus-luna-2026","tag-ocultacion-lunar-de-jupiter-2026","tag-planificacion-astrofotografia","tag-que-ver-en-el-cielo-septiembre-2026","tag-venus-maximo-brillo-2026"],"yoast_head":"<!-- This site is optimized with the Yoast SEO plugin v28.3 - https:\/\/yoast.com\/product\/yoast-seo-wordpress\/ -->\n<title>Gu\u00eda del Cielo Septiembre 2026: Eventos y Astrofotograf\u00eda<\/title>\n<meta name=\"description\" content=\"Descubre los eventos astron\u00f3micos de septiembre de 2026: Luna de la Cosecha, ocultaci\u00f3n de Venus, Venus al m\u00e1ximo brillo y efem\u00e9rides espaciales.\" \/>\n<meta name=\"robots\" content=\"index, follow, max-snippet:-1, max-image-preview:large, max-video-preview:-1\" \/>\n<link rel=\"canonical\" href=\"https:\/\/www.carloscastrofotografo.com\/blog\/efemerides-astronomicas-septiembre-2026\/\" \/>\n<meta property=\"og:locale\" content=\"es_ES\" \/>\n<meta property=\"og:type\" content=\"article\" \/>\n<meta property=\"og:title\" content=\"Gu\u00eda del Cielo Septiembre 2026: Eventos y Astrofotograf\u00eda\" \/>\n<meta property=\"og:description\" content=\"Descubre los eventos astron\u00f3micos de septiembre de 2026: Luna de la Cosecha, ocultaci\u00f3n de Venus, Venus al m\u00e1ximo brillo y efem\u00e9rides espaciales.\" \/>\n<meta property=\"og:url\" content=\"https:\/\/www.carloscastrofotografo.com\/blog\/efemerides-astronomicas-septiembre-2026\/\" \/>\n<meta property=\"og:site_name\" content=\"Blog de Carlos Castro Fot\u00f3grafo\" \/>\n<meta property=\"article:published_time\" content=\"2026-08-31T13:57:18+00:00\" \/>\n<meta property=\"article:modified_time\" content=\"2026-08-31T13:57:20+00:00\" \/>\n<meta property=\"og:image\" content=\"https:\/\/www.carloscastrofotografo.com\/blog\/wp-content\/uploads\/2026\/08\/el-cielo-de-septiembre-de-2026-scaled.jpeg\" \/>\n\t<meta property=\"og:image:width\" content=\"2560\" \/>\n\t<meta property=\"og:image:height\" content=\"1429\" \/>\n\t<meta property=\"og:image:type\" content=\"image\/jpeg\" \/>\n<meta name=\"author\" content=\"Carlos Castro\" \/>\n<meta name=\"twitter:card\" content=\"summary_large_image\" \/>\n<meta name=\"twitter:label1\" content=\"Escrito por\" \/>\n\t<meta name=\"twitter:data1\" content=\"Carlos Castro\" \/>\n\t<meta name=\"twitter:label2\" content=\"Tiempo de lectura\" \/>\n\t<meta name=\"twitter:data2\" content=\"5 minutos\" \/>\n<script type=\"application\/ld+json\" class=\"yoast-schema-graph\">{\"@context\":\"https:\\\/\\\/schema.org\",\"@graph\":[{\"@type\":\"Article\",\"@id\":\"https:\\\/\\\/www.carloscastrofotografo.com\\\/blog\\\/efemerides-astronomicas-septiembre-2026\\\/#article\",\"isPartOf\":{\"@id\":\"https:\\\/\\\/www.carloscastrofotografo.com\\\/blog\\\/efemerides-astronomicas-septiembre-2026\\\/\"},\"author\":{\"name\":\"Carlos Castro\",\"@id\":\"https:\\\/\\\/www.carloscastrofotografo.com\\\/blog\\\/#\\\/schema\\\/person\\\/f2df3dbaf3422e563228db874428292d\"},\"headline\":\"Gu\u00eda del Cielo de Septiembre 2026: Luna de la Cosecha, Ocultaci\u00f3n de Venus y Efem\u00e9rides Espaciales\",\"datePublished\":\"2026-08-31T13:57:18+00:00\",\"dateModified\":\"2026-08-31T13:57:20+00:00\",\"mainEntityOfPage\":{\"@id\":\"https:\\\/\\\/www.carloscastrofotografo.com\\\/blog\\\/efemerides-astronomicas-septiembre-2026\\\/\"},\"wordCount\":873,\"commentCount\":0,\"publisher\":{\"@id\":\"https:\\\/\\\/www.carloscastrofotografo.com\\\/blog\\\/#\\\/schema\\\/person\\\/f2df3dbaf3422e563228db874428292d\"},\"image\":{\"@id\":\"https:\\\/\\\/www.carloscastrofotografo.com\\\/blog\\\/efemerides-astronomicas-septiembre-2026\\\/#primaryimage\"},\"thumbnailUrl\":\"https:\\\/\\\/www.carloscastrofotografo.com\\\/blog\\\/wp-content\\\/uploads\\\/2026\\\/08\\\/el-cielo-de-septiembre-de-2026-scaled.jpeg\",\"keywords\":[\"astrofotografia\",\"carlos castro fotografo\",\"efemerides astronomicas septiembre 2026\",\"efemerides espaciales septiembre\",\"epsilon perseidas 2026\",\"equinoccio de septiembre 2026\",\"eventos astronomicos septiembre 2026\",\"fotografia de paisaje nocturno\",\"fotografia nocturna\",\"guia del cielo septiembre 2026\",\"luna de la cosecha 2026\",\"luna llena septiembre 2026\",\"neptuno en oposicion 2026\",\"ocultacion de venus luna 2026\",\"ocultacion lunar de jupiter 2026\",\"planificacion astrofotografia\",\"que ver en el cielo septiembre 2026\",\"venus maximo brillo 2026\"],\"articleSection\":[\"Astrofotograf\u00eda\",\"Astronom\u00eda\",\"Noticias Variadas\"],\"inLanguage\":\"es\",\"potentialAction\":[{\"@type\":\"CommentAction\",\"name\":\"Comment\",\"target\":[\"https:\\\/\\\/www.carloscastrofotografo.com\\\/blog\\\/efemerides-astronomicas-septiembre-2026\\\/#respond\"]}]},{\"@type\":\"WebPage\",\"@id\":\"https:\\\/\\\/www.carloscastrofotografo.com\\\/blog\\\/efemerides-astronomicas-septiembre-2026\\\/\",\"url\":\"https:\\\/\\\/www.carloscastrofotografo.com\\\/blog\\\/efemerides-astronomicas-septiembre-2026\\\/\",\"name\":\"Gu\u00eda del Cielo Septiembre 2026: Eventos y Astrofotograf\u00eda\",\"isPartOf\":{\"@id\":\"https:\\\/\\\/www.carloscastrofotografo.com\\\/blog\\\/#website\"},\"primaryImageOfPage\":{\"@id\":\"https:\\\/\\\/www.carloscastrofotografo.com\\\/blog\\\/efemerides-astronomicas-septiembre-2026\\\/#primaryimage\"},\"image\":{\"@id\":\"https:\\\/\\\/www.carloscastrofotografo.com\\\/blog\\\/efemerides-astronomicas-septiembre-2026\\\/#primaryimage\"},\"thumbnailUrl\":\"https:\\\/\\\/www.carloscastrofotografo.com\\\/blog\\\/wp-content\\\/uploads\\\/2026\\\/08\\\/el-cielo-de-septiembre-de-2026-scaled.jpeg\",\"datePublished\":\"2026-08-31T13:57:18+00:00\",\"dateModified\":\"2026-08-31T13:57:20+00:00\",\"description\":\"Descubre los eventos astron\u00f3micos de septiembre de 2026: Luna de la Cosecha, ocultaci\u00f3n de Venus, Venus al m\u00e1ximo brillo y efem\u00e9rides espaciales.\",\"breadcrumb\":{\"@id\":\"https:\\\/\\\/www.carloscastrofotografo.com\\\/blog\\\/efemerides-astronomicas-septiembre-2026\\\/#breadcrumb\"},\"inLanguage\":\"es\",\"potentialAction\":[{\"@type\":\"ReadAction\",\"target\":[\"https:\\\/\\\/www.carloscastrofotografo.com\\\/blog\\\/efemerides-astronomicas-septiembre-2026\\\/\"]}]},{\"@type\":\"ImageObject\",\"inLanguage\":\"es\",\"@id\":\"https:\\\/\\\/www.carloscastrofotografo.com\\\/blog\\\/efemerides-astronomicas-septiembre-2026\\\/#primaryimage\",\"url\":\"https:\\\/\\\/www.carloscastrofotografo.com\\\/blog\\\/wp-content\\\/uploads\\\/2026\\\/08\\\/el-cielo-de-septiembre-de-2026-scaled.jpeg\",\"contentUrl\":\"https:\\\/\\\/www.carloscastrofotografo.com\\\/blog\\\/wp-content\\\/uploads\\\/2026\\\/08\\\/el-cielo-de-septiembre-de-2026-scaled.jpeg\",\"width\":2560,\"height\":1429,\"caption\":\"Gu\u00eda del cielo nocturno septiembre 2026 con Luna de la Cosecha y Venus\"},{\"@type\":\"BreadcrumbList\",\"@id\":\"https:\\\/\\\/www.carloscastrofotografo.com\\\/blog\\\/efemerides-astronomicas-septiembre-2026\\\/#breadcrumb\",\"itemListElement\":[{\"@type\":\"ListItem\",\"position\":1,\"name\":\"Portada\",\"item\":\"https:\\\/\\\/www.carloscastrofotografo.com\\\/blog\\\/\"},{\"@type\":\"ListItem\",\"position\":2,\"name\":\"Gu\u00eda del Cielo de Septiembre 2026: Luna de la Cosecha, Ocultaci\u00f3n de Venus y Efem\u00e9rides Espaciales\"}]},{\"@type\":\"WebSite\",\"@id\":\"https:\\\/\\\/www.carloscastrofotografo.com\\\/blog\\\/#website\",\"url\":\"https:\\\/\\\/www.carloscastrofotografo.com\\\/blog\\\/\",\"name\":\"Blog de Carlos Castro Fot\u00f3grafo\",\"description\":\"Todo sobre Fotograf\u00eda, V\u00eddeo y Tecnolog\u00eda, para apasionados de la imagen.\",\"publisher\":{\"@id\":\"https:\\\/\\\/www.carloscastrofotografo.com\\\/blog\\\/#\\\/schema\\\/person\\\/f2df3dbaf3422e563228db874428292d\"},\"potentialAction\":[{\"@type\":\"SearchAction\",\"target\":{\"@type\":\"EntryPoint\",\"urlTemplate\":\"https:\\\/\\\/www.carloscastrofotografo.com\\\/blog\\\/?s={search_term_string}\"},\"query-input\":{\"@type\":\"PropertyValueSpecification\",\"valueRequired\":true,\"valueName\":\"search_term_string\"}}],\"inLanguage\":\"es\"},{\"@type\":[\"Person\",\"Organization\"],\"@id\":\"https:\\\/\\\/www.carloscastrofotografo.com\\\/blog\\\/#\\\/schema\\\/person\\\/f2df3dbaf3422e563228db874428292d\",\"name\":\"Carlos Castro\",\"image\":{\"@type\":\"ImageObject\",\"inLanguage\":\"es\",\"@id\":\"https:\\\/\\\/secure.gravatar.com\\\/avatar\\\/dfdb382b872c007d17784b7cf24288a868cd90f2a34825da78d451a9ddbb4dfe?s=96&d=mm&r=g\",\"url\":\"https:\\\/\\\/secure.gravatar.com\\\/avatar\\\/dfdb382b872c007d17784b7cf24288a868cd90f2a34825da78d451a9ddbb4dfe?s=96&d=mm&r=g\",\"contentUrl\":\"https:\\\/\\\/secure.gravatar.com\\\/avatar\\\/dfdb382b872c007d17784b7cf24288a868cd90f2a34825da78d451a9ddbb4dfe?s=96&d=mm&r=g\",\"caption\":\"Carlos Castro\"},\"logo\":{\"@id\":\"https:\\\/\\\/secure.gravatar.com\\\/avatar\\\/dfdb382b872c007d17784b7cf24288a868cd90f2a34825da78d451a9ddbb4dfe?s=96&d=mm&r=g\"},\"description\":\"Fot\u00f3grafo, Videografo y apasionado de la tecnolog\u00eda. Cazador de tormentas y astrofot\u00f3grafo amateur.\",\"sameAs\":[\"https:\\\/\\\/www.carloscastrofotografo.com\",\"https:\\\/\\\/www.youtube.com\\\/carloscastrofotografo\"],\"url\":\"https:\\\/\\\/www.carloscastrofotografo.com\\\/blog\\\/author\\\/admin\\\/\"}]}<\/script>\n<!-- \/ Yoast SEO plugin. -->","yoast_head_json":{"title":"Gu\u00eda del Cielo Septiembre 2026: Eventos y Astrofotograf\u00eda","description":"Descubre los eventos astron\u00f3micos de septiembre de 2026: Luna de la Cosecha, ocultaci\u00f3n de Venus, Venus al m\u00e1ximo brillo y efem\u00e9rides espaciales.","robots":{"index":"index","follow":"follow","max-snippet":"max-snippet:-1","max-image-preview":"max-image-preview:large","max-video-preview":"max-video-preview:-1"},"canonical":"https:\/\/www.carloscastrofotografo.com\/blog\/efemerides-astronomicas-septiembre-2026\/","og_locale":"es_ES","og_type":"article","og_title":"Gu\u00eda del Cielo Septiembre 2026: Eventos y Astrofotograf\u00eda","og_description":"Descubre los eventos astron\u00f3micos de septiembre de 2026: Luna de la Cosecha, ocultaci\u00f3n de Venus, Venus al m\u00e1ximo brillo y efem\u00e9rides espaciales.","og_url":"https:\/\/www.carloscastrofotografo.com\/blog\/efemerides-astronomicas-septiembre-2026\/","og_site_name":"Blog de Carlos Castro Fot\u00f3grafo","article_published_time":"2026-08-31T13:57:18+00:00","article_modified_time":"2026-08-31T13:57:20+00:00","og_image":[{"width":2560,"height":1429,"url":"https:\/\/www.carloscastrofotografo.com\/blog\/wp-content\/uploads\/2026\/08\/el-cielo-de-septiembre-de-2026-scaled.jpeg","type":"image\/jpeg"}],"author":"Carlos Castro","twitter_card":"summary_large_image","twitter_misc":{"Escrito por":"Carlos Castro","Tiempo de lectura":"5 minutos"},"schema":{"@context":"https:\/\/schema.org","@graph":[{"@type":"Article","@id":"https:\/\/www.carloscastrofotografo.com\/blog\/efemerides-astronomicas-septiembre-2026\/#article","isPartOf":{"@id":"https:\/\/www.carloscastrofotografo.com\/blog\/efemerides-astronomicas-septiembre-2026\/"},"author":{"name":"Carlos Castro","@id":"https:\/\/www.carloscastrofotografo.com\/blog\/#\/schema\/person\/f2df3dbaf3422e563228db874428292d"},"headline":"Gu\u00eda del Cielo de Septiembre 2026: Luna de la Cosecha, Ocultaci\u00f3n de Venus y Efem\u00e9rides Espaciales","datePublished":"2026-08-31T13:57:18+00:00","dateModified":"2026-08-31T13:57:20+00:00","mainEntityOfPage":{"@id":"https:\/\/www.carloscastrofotografo.com\/blog\/efemerides-astronomicas-septiembre-2026\/"},"wordCount":873,"commentCount":0,"publisher":{"@id":"https:\/\/www.carloscastrofotografo.com\/blog\/#\/schema\/person\/f2df3dbaf3422e563228db874428292d"},"image":{"@id":"https:\/\/www.carloscastrofotografo.com\/blog\/efemerides-astronomicas-septiembre-2026\/#primaryimage"},"thumbnailUrl":"https:\/\/www.carloscastrofotografo.com\/blog\/wp-content\/uploads\/2026\/08\/el-cielo-de-septiembre-de-2026-scaled.jpeg","keywords":["astrofotografia","carlos castro fotografo","efemerides astronomicas septiembre 2026","efemerides espaciales septiembre","epsilon perseidas 2026","equinoccio de septiembre 2026","eventos astronomicos septiembre 2026","fotografia de paisaje nocturno","fotografia nocturna","guia del cielo septiembre 2026","luna de la cosecha 2026","luna llena septiembre 2026","neptuno en oposicion 2026","ocultacion de venus luna 2026","ocultacion lunar de jupiter 2026","planificacion astrofotografia","que ver en el cielo septiembre 2026","venus maximo brillo 2026"],"articleSection":["Astrofotograf\u00eda","Astronom\u00eda","Noticias Variadas"],"inLanguage":"es","potentialAction":[{"@type":"CommentAction","name":"Comment","target":["https:\/\/www.carloscastrofotografo.com\/blog\/efemerides-astronomicas-septiembre-2026\/#respond"]}]},{"@type":"WebPage","@id":"https:\/\/www.carloscastrofotografo.com\/blog\/efemerides-astronomicas-septiembre-2026\/","url":"https:\/\/www.carloscastrofotografo.com\/blog\/efemerides-astronomicas-septiembre-2026\/","name":"Gu\u00eda del Cielo Septiembre 2026: Eventos y Astrofotograf\u00eda","isPartOf":{"@id":"https:\/\/www.carloscastrofotografo.com\/blog\/#website"},"primaryImageOfPage":{"@id":"https:\/\/www.carloscastrofotografo.com\/blog\/efemerides-astronomicas-septiembre-2026\/#primaryimage"},"image":{"@id":"https:\/\/www.carloscastrofotografo.com\/blog\/efemerides-astronomicas-septiembre-2026\/#primaryimage"},"thumbnailUrl":"https:\/\/www.carloscastrofotografo.com\/blog\/wp-content\/uploads\/2026\/08\/el-cielo-de-septiembre-de-2026-scaled.jpeg","datePublished":"2026-08-31T13:57:18+00:00","dateModified":"2026-08-31T13:57:20+00:00","description":"Descubre los eventos astron\u00f3micos de septiembre de 2026: Luna de la Cosecha, ocultaci\u00f3n de Venus, Venus al m\u00e1ximo brillo y efem\u00e9rides espaciales.","breadcrumb":{"@id":"https:\/\/www.carloscastrofotografo.com\/blog\/efemerides-astronomicas-septiembre-2026\/#breadcrumb"},"inLanguage":"es","potentialAction":[{"@type":"ReadAction","target":["https:\/\/www.carloscastrofotografo.com\/blog\/efemerides-astronomicas-septiembre-2026\/"]}]},{"@type":"ImageObject","inLanguage":"es","@id":"https:\/\/www.carloscastrofotografo.com\/blog\/efemerides-astronomicas-septiembre-2026\/#primaryimage","url":"https:\/\/www.carloscastrofotografo.com\/blog\/wp-content\/uploads\/2026\/08\/el-cielo-de-septiembre-de-2026-scaled.jpeg","contentUrl":"https:\/\/www.carloscastrofotografo.com\/blog\/wp-content\/uploads\/2026\/08\/el-cielo-de-septiembre-de-2026-scaled.jpeg","width":2560,"height":1429,"caption":"Gu\u00eda del cielo nocturno septiembre 2026 con Luna de la Cosecha y Venus"},{"@type":"BreadcrumbList","@id":"https:\/\/www.carloscastrofotografo.com\/blog\/efemerides-astronomicas-septiembre-2026\/#breadcrumb","itemListElement":[{"@type":"ListItem","position":1,"name":"Portada","item":"https:\/\/www.carloscastrofotografo.com\/blog\/"},{"@type":"ListItem","position":2,"name":"Gu\u00eda del Cielo de Septiembre 2026: Luna de la Cosecha, Ocultaci\u00f3n de Venus y Efem\u00e9rides Espaciales"}]},{"@type":"WebSite","@id":"https:\/\/www.carloscastrofotografo.com\/blog\/#website","url":"https:\/\/www.carloscastrofotografo.com\/blog\/","name":"Blog de Carlos Castro Fot\u00f3grafo","description":"Todo sobre Fotograf\u00eda, V\u00eddeo y Tecnolog\u00eda, para apasionados de la imagen.","publisher":{"@id":"https:\/\/www.carloscastrofotografo.com\/blog\/#\/schema\/person\/f2df3dbaf3422e563228db874428292d"},"potentialAction":[{"@type":"SearchAction","target":{"@type":"EntryPoint","urlTemplate":"https:\/\/www.carloscastrofotografo.com\/blog\/?s={search_term_string}"},"query-input":{"@type":"PropertyValueSpecification","valueRequired":true,"valueName":"search_term_string"}}],"inLanguage":"es"},{"@type":["Person","Organization"],"@id":"https:\/\/www.carloscastrofotografo.com\/blog\/#\/schema\/person\/f2df3dbaf3422e563228db874428292d","name":"Carlos Castro","image":{"@type":"ImageObject","inLanguage":"es","@id":"https:\/\/secure.gravatar.com\/avatar\/dfdb382b872c007d17784b7cf24288a868cd90f2a34825da78d451a9ddbb4dfe?s=96&d=mm&r=g","url":"https:\/\/secure.gravatar.com\/avatar\/dfdb382b872c007d17784b7cf24288a868cd90f2a34825da78d451a9ddbb4dfe?s=96&d=mm&r=g","contentUrl":"https:\/\/secure.gravatar.com\/avatar\/dfdb382b872c007d17784b7cf24288a868cd90f2a34825da78d451a9ddbb4dfe?s=96&d=mm&r=g","caption":"Carlos Castro"},"logo":{"@id":"https:\/\/secure.gravatar.com\/avatar\/dfdb382b872c007d17784b7cf24288a868cd90f2a34825da78d451a9ddbb4dfe?s=96&d=mm&r=g"},"description":"Fot\u00f3grafo, Videografo y apasionado de la tecnolog\u00eda. Cazador de tormentas y astrofot\u00f3grafo amateur.","sameAs":["https:\/\/www.carloscastrofotografo.com","https:\/\/www.youtube.com\/carloscastrofotografo"],"url":"https:\/\/www.carloscastrofotografo.com\/blog\/author\/admin\/"}]}},"_links":{"self":[{"href":"https:\/\/www.carloscastrofotografo.com\/blog\/wp-json\/wp\/v2\/posts\/1534","targetHints":{"allow":["GET"]}}],"collection":[{"href":"https:\/\/www.carloscastrofotografo.com\/blog\/wp-json\/wp\/v2\/posts"}],"about":[{"href":"https:\/\/www.carloscastrofotografo.com\/blog\/wp-json\/wp\/v2\/types\/post"}],"author":[{"embeddable":true,"href":"https:\/\/www.carloscastrofotografo.com\/blog\/wp-json\/wp\/v2\/users\/1"}],"replies":[{"embeddable":true,"href":"https:\/\/www.carloscastrofotografo.com\/blog\/wp-json\/wp\/v2\/comments?post=1534"}],"version-history":[{"count":1,"href":"https:\/\/www.carloscastrofotografo.com\/blog\/wp-json\/wp\/v2\/posts\/1534\/revisions"}],"predecessor-version":[{"id":1536,"href":"https:\/\/www.carloscastrofotografo.com\/blog\/wp-json\/wp\/v2\/posts\/1534\/revisions\/1536"}],"wp:featuredmedia":[{"embeddable":true,"href":"https:\/\/www.carloscastrofotografo.com\/blog\/wp-json\/wp\/v2\/media\/1535"}],"wp:attachment":[{"href":"https:\/\/www.carloscastrofotografo.com\/blog\/wp-json\/wp\/v2\/media?parent=1534"}],"wp:term":[{"taxonomy":"category","embeddable":true,"href":"https:\/\/www.carloscastrofotografo.com\/blog\/wp-json\/wp\/v2\/categories?post=1534"},{"taxonomy":"post_tag","embeddable":true,"href":"https:\/\/www.carloscastrofotografo.com\/blog\/wp-json\/wp\/v2\/tags?post=1534"}],"curies":[{"name":"wp","href":"https:\/\/api.w.org\/{rel}","templated":true}]}}