{"id":1233,"date":"2026-03-11T00:15:35","date_gmt":"2026-03-10T23:15:35","guid":{"rendered":"https:\/\/www.carloscastrofotografo.com\/blog\/?p=1233"},"modified":"2026-03-11T00:15:37","modified_gmt":"2026-03-10T23:15:37","slug":"dji-avata-360-lanzamiento-caracteristicas","status":"publish","type":"post","link":"https:\/\/www.carloscastrofotografo.com\/blog\/dji-avata-360-lanzamiento-caracteristicas\/","title":{"rendered":"DJI Avata 360: Todo sobre el Nuevo Dron FPV, Caracter\u00edsticas y Lanzamiento"},"content":{"rendered":"<p>El mundo de los drones FPV est\u00e1 a punto de dar un salto evolutivo. Recientemente se ha filtrado y liberado un v\u00eddeo de previsualizaci\u00f3n que nos adelanta el inminente lanzamiento del <strong>DJI Avata 360<\/strong>. Aunque la marca no lo menciona con su nombre oficial en el clip de minuto y medio, las im\u00e1genes hablan por s\u00ed solas: estamos ante un dron con c\u00e1mara 360 que cambiar\u00e1 nuestra forma de volar y grabar.<\/p>\n<h2>El Teaser Oficial: La Magia de la C\u00e1mara 360<\/h2>\n<p>En el v\u00eddeo de presentaci\u00f3n hemos podido ver a este nuevo dron en acci\u00f3n realizando maniobras incre\u00edbles. Destaca su capacidad para volar a trav\u00e9s de objetos y espacios relativamente estrechos, como el interior de un coche, coronando la demostraci\u00f3n con el famoso <strong>efecto asteroide<\/strong>. Este tipo de tomas confirma al 100% que la tecnolog\u00eda 360 est\u00e1 integrada de forma nativa en este nuevo modelo.<\/p>\n<h2>DJI Avata 360 vs Antigravity A1: El Rey del FPV Recupera el Trono<\/h2>\n<p>Es cierto que en el mercado ya existe competencia, como el dron <em>Antigravity A1<\/em>, el cual se adelant\u00f3 un poco a DJI en este segmento. Sin embargo, el DJI Avata 360 promete ser un rotundo \u00abbombazo\u00bb que superar\u00e1 a sus rivales gracias a solucionar uno de los puntos m\u00e1s d\u00e9biles de la competencia: <strong>la se\u00f1al de transmisi\u00f3n<\/strong>.<\/p>\n<p>Mientras que otros drones sufren con la p\u00e9rdida de se\u00f1al, el nuevo Avata 360 vendr\u00e1 equipado con el protocolo <strong>O4 Plus<\/strong>. Esto garantiza una transmisi\u00f3n de v\u00eddeo much\u00edsimo m\u00e1s robusta, estable y con un alcance superior, algo vital para la seguridad y la confianza en vuelos FPV.<\/p>\n<h2>Retrocompatibilidad del Ecosistema DJI<\/h2>\n<p>Una excelente noticia para los pilotos que ya pertenecen al ecosistema de la marca es su amplia retrocompatibilidad. El DJI Avata 360 se podr\u00e1 sincronizar con el equipo de la generaci\u00f3n anterior, incluyendo:<\/p>\n<ul>\n<li><strong>DJI Goggles 3<\/strong><\/li>\n<li><strong>Controlador RC 2<\/strong><\/li>\n<li><strong>DJI Goggles N3<\/strong><\/li>\n<\/ul>\n<p>Esto supone un gran ahorro econ\u00f3mico, ya que no ser\u00e1 necesario comprar todo el equipo de nuevo para disfrutar de esta revolucionaria experiencia 360.<\/p>\n<figure id=\"attachment_1234\" aria-describedby=\"caption-attachment-1234\" style=\"width: 2306px\" class=\"wp-caption aligncenter\"><img loading=\"lazy\" decoding=\"async\" class=\"size-full wp-image-1234\" src=\"https:\/\/www.carloscastrofotografo.com\/blog\/wp-content\/uploads\/2026\/03\/vision-total-desde-las-alturas-dji-avata-360.jpeg\" alt=\"Visi\u00f3n total desde las alturas26 de marzo de 2026 | 13:00 (GMT+1)\" width=\"2306\" height=\"1140\" srcset=\"https:\/\/www.carloscastrofotografo.com\/blog\/wp-content\/uploads\/2026\/03\/vision-total-desde-las-alturas-dji-avata-360.jpeg 2306w, https:\/\/www.carloscastrofotografo.com\/blog\/wp-content\/uploads\/2026\/03\/vision-total-desde-las-alturas-dji-avata-360-300x148.jpeg 300w, https:\/\/www.carloscastrofotografo.com\/blog\/wp-content\/uploads\/2026\/03\/vision-total-desde-las-alturas-dji-avata-360-1024x506.jpeg 1024w, https:\/\/www.carloscastrofotografo.com\/blog\/wp-content\/uploads\/2026\/03\/vision-total-desde-las-alturas-dji-avata-360-768x380.jpeg 768w, https:\/\/www.carloscastrofotografo.com\/blog\/wp-content\/uploads\/2026\/03\/vision-total-desde-las-alturas-dji-avata-360-1536x759.jpeg 1536w, https:\/\/www.carloscastrofotografo.com\/blog\/wp-content\/uploads\/2026\/03\/vision-total-desde-las-alturas-dji-avata-360-2048x1012.jpeg 2048w, https:\/\/www.carloscastrofotografo.com\/blog\/wp-content\/uploads\/2026\/03\/vision-total-desde-las-alturas-dji-avata-360-696x344.jpeg 696w, https:\/\/www.carloscastrofotografo.com\/blog\/wp-content\/uploads\/2026\/03\/vision-total-desde-las-alturas-dji-avata-360-1068x528.jpeg 1068w, https:\/\/www.carloscastrofotografo.com\/blog\/wp-content\/uploads\/2026\/03\/vision-total-desde-las-alturas-dji-avata-360-1920x949.jpeg 1920w, https:\/\/www.carloscastrofotografo.com\/blog\/wp-content\/uploads\/2026\/03\/vision-total-desde-las-alturas-dji-avata-360-850x420.jpeg 850w, https:\/\/www.carloscastrofotografo.com\/blog\/wp-content\/uploads\/2026\/03\/vision-total-desde-las-alturas-dji-avata-360-324x160.jpeg 324w\" sizes=\"auto, (max-width: 2306px) 100vw, 2306px\" \/><figcaption id=\"caption-attachment-1234\" class=\"wp-caption-text\">Visi\u00f3n total desde las alturas &#8211; 26 de marzo de 2026 | 13:00 (GMT+1)<\/figcaption><\/figure>\n<h2>Fecha de Lanzamiento Oficial: \u00abVisi\u00f3n total desde las alturas\u00bb<\/h2>\n<p>\u00a1La espera casi ha terminado! DJI ha confirmado a trav\u00e9s de un correo electr\u00f3nico oficial que la presentaci\u00f3n del nuevo dron se llevar\u00e1 a cabo el <strong>26 de marzo a las 13:00 (GMT+1)<\/strong>. Bajo el sugerente y prometedor lema <em>\u00abVisi\u00f3n total desde las alturas\u00bb<\/em>, la marca nos cita para presenciar la revelaci\u00f3n mundial donde por fin conoceremos a detalle todas sus especificaciones t\u00e9cnicas y su precio de salida al mercado.<\/p>\n<h2>El Futuro del Vuelo Inmersivo y Accesorios<\/h2>\n<p>En un momento en el que las actualizaciones de drones parecen haber perdido un poco de su factor sorpresa, el Avata 360 representa un <strong>verdadero cambio revolucionario en el pilotaje FPV<\/strong>.<\/p>\n<p>Adem\u00e1s, el mercado sigue creciendo con accesorios de terceros. Un gran ejemplo son las pr\u00f3ximas <strong>Drone Mask 2<\/strong>, un accesorio fant\u00e1stico que permite compartir la experiencia de vuelo FPV y estabilizado con tus amigos de forma inmersiva.<\/p>\n<h2>Sigue toda la cobertura en mi canal de YouTube<\/h2>\n<p>Si te apasiona el mundo de los drones, la creaci\u00f3n de contenido y quieres ver este equipo en acci\u00f3n, no dudes en pasarte por mi canal de YouTube: <strong><a href=\"https:\/\/www.youtube.com\/@CarlosCastroFotografo\" target=\"_blank\" rel=\"noopener\">Carlos Castro Fot\u00f3grafo<\/a><\/strong>. All\u00ed estar\u00e9 analizando a fondo el DJI Avata 360 en cuanto salga al mercado, adem\u00e1s de compartir tutoriales, trucos de vuelo y reviews del mejor equipo fotogr\u00e1fico y audiovisual. \u00a1Suscr\u00edbete y acomp\u00e1\u00f1ame en esta aventura!<\/p>\n<p><em>\u00bfEst\u00e1s listo para la llegada del DJI Avata 360? Marca el 26 de marzo en tu calendario porque este lanzamiento promete cambiar las reglas del juego.<\/em><\/p>\n","protected":false},"excerpt":{"rendered":"<p>El mundo de los drones FPV est\u00e1 a punto de dar un salto evolutivo. Recientemente se ha filtrado y liberado un v\u00eddeo de previsualizaci\u00f3n que nos adelanta el inminente lanzamiento del DJI Avata 360. Aunque la marca no lo menciona con su nombre oficial en el clip de minuto y medio, las im\u00e1genes hablan por [&hellip;]<\/p>\n","protected":false},"author":1,"featured_media":1235,"comment_status":"open","ping_status":"open","sticky":false,"template":"","format":"standard","meta":{"footnotes":""},"categories":[82,200,25],"tags":[1301,1297,1295,1303,1300,1302,1298,1304,1299,1296],"class_list":{"0":"post-1233","1":"post","2":"type-post","3":"status-publish","4":"format-standard","5":"has-post-thumbnail","7":"category-drones","8":"category-equipo-audiovisual","9":"category-noticias-actualidad","10":"tag-antigravity-a1","11":"tag-caracteristicas-avata-360","12":"tag-dji-avata-360","13":"tag-dji-goggles-3","14":"tag-dron-fpv-360","15":"tag-drone-mask-2","16":"tag-lanzamiento-avata-360","17":"tag-novedades-drones-fpv","18":"tag-nuevo-dron-dji","19":"tag-transmision-o4-plus"},"yoast_head":"<!-- This site is optimized with the Yoast SEO plugin v27.4 - https:\/\/yoast.com\/product\/yoast-seo-wordpress\/ -->\n<title>DJI Avata 360: Caracter\u00edsticas, Lanzamiento y Todo lo que Debes Saber<\/title>\n<meta name=\"description\" content=\"Descubre todo sobre el nuevo DJI Avata 360. Analizamos el teaser oficial, el nuevo sistema O4 Plus, su retrocompatibilidad y la fecha de lanzamiento.\" \/>\n<meta name=\"robots\" content=\"index, follow, max-snippet:-1, max-image-preview:large, max-video-preview:-1\" \/>\n<link rel=\"canonical\" href=\"https:\/\/www.carloscastrofotografo.com\/blog\/dji-avata-360-lanzamiento-caracteristicas\/\" \/>\n<meta property=\"og:locale\" content=\"es_ES\" \/>\n<meta property=\"og:type\" content=\"article\" \/>\n<meta property=\"og:title\" content=\"DJI Avata 360: Caracter\u00edsticas, Lanzamiento y Todo lo que Debes Saber\" \/>\n<meta property=\"og:description\" content=\"Descubre todo sobre el nuevo DJI Avata 360. Analizamos el teaser oficial, el nuevo sistema O4 Plus, su retrocompatibilidad y la fecha de lanzamiento.\" \/>\n<meta property=\"og:url\" content=\"https:\/\/www.carloscastrofotografo.com\/blog\/dji-avata-360-lanzamiento-caracteristicas\/\" \/>\n<meta property=\"og:site_name\" content=\"Blog de Carlos Castro Fot\u00f3grafo\" \/>\n<meta property=\"article:published_time\" content=\"2026-03-10T23:15:35+00:00\" \/>\n<meta property=\"article:modified_time\" content=\"2026-03-10T23:15:37+00:00\" \/>\n<meta property=\"og:image\" content=\"https:\/\/www.carloscastrofotografo.com\/blog\/wp-content\/uploads\/2026\/03\/dji-avata-360.jpeg\" \/>\n\t<meta property=\"og:image:width\" content=\"1024\" \/>\n\t<meta property=\"og:image:height\" content=\"576\" \/>\n\t<meta property=\"og:image:type\" content=\"image\/jpeg\" \/>\n<meta name=\"author\" content=\"Carlos Castro\" \/>\n<meta name=\"twitter:card\" content=\"summary_large_image\" \/>\n<meta name=\"twitter:label1\" content=\"Escrito por\" \/>\n\t<meta name=\"twitter:data1\" content=\"Carlos Castro\" \/>\n\t<meta name=\"twitter:label2\" content=\"Tiempo de lectura\" \/>\n\t<meta name=\"twitter:data2\" content=\"3 minutos\" \/>\n<script type=\"application\/ld+json\" class=\"yoast-schema-graph\">{\"@context\":\"https:\\\/\\\/schema.org\",\"@graph\":[{\"@type\":\"Article\",\"@id\":\"https:\\\/\\\/www.carloscastrofotografo.com\\\/blog\\\/dji-avata-360-lanzamiento-caracteristicas\\\/#article\",\"isPartOf\":{\"@id\":\"https:\\\/\\\/www.carloscastrofotografo.com\\\/blog\\\/dji-avata-360-lanzamiento-caracteristicas\\\/\"},\"author\":{\"name\":\"Carlos Castro\",\"@id\":\"https:\\\/\\\/www.carloscastrofotografo.com\\\/blog\\\/#\\\/schema\\\/person\\\/f2df3dbaf3422e563228db874428292d\"},\"headline\":\"DJI Avata 360: Todo sobre el Nuevo Dron FPV, Caracter\u00edsticas y Lanzamiento\",\"datePublished\":\"2026-03-10T23:15:35+00:00\",\"dateModified\":\"2026-03-10T23:15:37+00:00\",\"mainEntityOfPage\":{\"@id\":\"https:\\\/\\\/www.carloscastrofotografo.com\\\/blog\\\/dji-avata-360-lanzamiento-caracteristicas\\\/\"},\"wordCount\":640,\"commentCount\":0,\"publisher\":{\"@id\":\"https:\\\/\\\/www.carloscastrofotografo.com\\\/blog\\\/#\\\/schema\\\/person\\\/f2df3dbaf3422e563228db874428292d\"},\"image\":{\"@id\":\"https:\\\/\\\/www.carloscastrofotografo.com\\\/blog\\\/dji-avata-360-lanzamiento-caracteristicas\\\/#primaryimage\"},\"thumbnailUrl\":\"https:\\\/\\\/www.carloscastrofotografo.com\\\/blog\\\/wp-content\\\/uploads\\\/2026\\\/03\\\/dji-avata-360.jpeg\",\"keywords\":[\"Antigravity A1\",\"caracter\u00edsticas Avata 360\",\"DJI Avata 360\",\"DJI Goggles 3\",\"dron FPV 360\",\"Drone Mask 2\",\"lanzamiento Avata 360\",\"novedades drones FPV\",\"nuevo dron DJI\",\"transmisi\u00f3n O4 Plus\"],\"articleSection\":[\"Drones\",\"Equipo Audiovisual\",\"Noticias y Actualidad\"],\"inLanguage\":\"es\",\"potentialAction\":[{\"@type\":\"CommentAction\",\"name\":\"Comment\",\"target\":[\"https:\\\/\\\/www.carloscastrofotografo.com\\\/blog\\\/dji-avata-360-lanzamiento-caracteristicas\\\/#respond\"]}]},{\"@type\":\"WebPage\",\"@id\":\"https:\\\/\\\/www.carloscastrofotografo.com\\\/blog\\\/dji-avata-360-lanzamiento-caracteristicas\\\/\",\"url\":\"https:\\\/\\\/www.carloscastrofotografo.com\\\/blog\\\/dji-avata-360-lanzamiento-caracteristicas\\\/\",\"name\":\"DJI Avata 360: Caracter\u00edsticas, Lanzamiento y Todo lo que Debes Saber\",\"isPartOf\":{\"@id\":\"https:\\\/\\\/www.carloscastrofotografo.com\\\/blog\\\/#website\"},\"primaryImageOfPage\":{\"@id\":\"https:\\\/\\\/www.carloscastrofotografo.com\\\/blog\\\/dji-avata-360-lanzamiento-caracteristicas\\\/#primaryimage\"},\"image\":{\"@id\":\"https:\\\/\\\/www.carloscastrofotografo.com\\\/blog\\\/dji-avata-360-lanzamiento-caracteristicas\\\/#primaryimage\"},\"thumbnailUrl\":\"https:\\\/\\\/www.carloscastrofotografo.com\\\/blog\\\/wp-content\\\/uploads\\\/2026\\\/03\\\/dji-avata-360.jpeg\",\"datePublished\":\"2026-03-10T23:15:35+00:00\",\"dateModified\":\"2026-03-10T23:15:37+00:00\",\"description\":\"Descubre todo sobre el nuevo DJI Avata 360. Analizamos el teaser oficial, el nuevo sistema O4 Plus, su retrocompatibilidad y la fecha de lanzamiento.\",\"breadcrumb\":{\"@id\":\"https:\\\/\\\/www.carloscastrofotografo.com\\\/blog\\\/dji-avata-360-lanzamiento-caracteristicas\\\/#breadcrumb\"},\"inLanguage\":\"es\",\"potentialAction\":[{\"@type\":\"ReadAction\",\"target\":[\"https:\\\/\\\/www.carloscastrofotografo.com\\\/blog\\\/dji-avata-360-lanzamiento-caracteristicas\\\/\"]}]},{\"@type\":\"ImageObject\",\"inLanguage\":\"es\",\"@id\":\"https:\\\/\\\/www.carloscastrofotografo.com\\\/blog\\\/dji-avata-360-lanzamiento-caracteristicas\\\/#primaryimage\",\"url\":\"https:\\\/\\\/www.carloscastrofotografo.com\\\/blog\\\/wp-content\\\/uploads\\\/2026\\\/03\\\/dji-avata-360.jpeg\",\"contentUrl\":\"https:\\\/\\\/www.carloscastrofotografo.com\\\/blog\\\/wp-content\\\/uploads\\\/2026\\\/03\\\/dji-avata-360.jpeg\",\"width\":1024,\"height\":576,\"caption\":\"dji avata 360\"},{\"@type\":\"BreadcrumbList\",\"@id\":\"https:\\\/\\\/www.carloscastrofotografo.com\\\/blog\\\/dji-avata-360-lanzamiento-caracteristicas\\\/#breadcrumb\",\"itemListElement\":[{\"@type\":\"ListItem\",\"position\":1,\"name\":\"Portada\",\"item\":\"https:\\\/\\\/www.carloscastrofotografo.com\\\/blog\\\/\"},{\"@type\":\"ListItem\",\"position\":2,\"name\":\"DJI Avata 360: Todo sobre el Nuevo Dron FPV, Caracter\u00edsticas y Lanzamiento\"}]},{\"@type\":\"WebSite\",\"@id\":\"https:\\\/\\\/www.carloscastrofotografo.com\\\/blog\\\/#website\",\"url\":\"https:\\\/\\\/www.carloscastrofotografo.com\\\/blog\\\/\",\"name\":\"Blog de Carlos Castro Fot\u00f3grafo\",\"description\":\"Todo sobre Fotograf\u00eda y V\u00eddeo, para apasionados de la imagen.\",\"publisher\":{\"@id\":\"https:\\\/\\\/www.carloscastrofotografo.com\\\/blog\\\/#\\\/schema\\\/person\\\/f2df3dbaf3422e563228db874428292d\"},\"potentialAction\":[{\"@type\":\"SearchAction\",\"target\":{\"@type\":\"EntryPoint\",\"urlTemplate\":\"https:\\\/\\\/www.carloscastrofotografo.com\\\/blog\\\/?s={search_term_string}\"},\"query-input\":{\"@type\":\"PropertyValueSpecification\",\"valueRequired\":true,\"valueName\":\"search_term_string\"}}],\"inLanguage\":\"es\"},{\"@type\":[\"Person\",\"Organization\"],\"@id\":\"https:\\\/\\\/www.carloscastrofotografo.com\\\/blog\\\/#\\\/schema\\\/person\\\/f2df3dbaf3422e563228db874428292d\",\"name\":\"Carlos Castro\",\"image\":{\"@type\":\"ImageObject\",\"inLanguage\":\"es\",\"@id\":\"https:\\\/\\\/secure.gravatar.com\\\/avatar\\\/dfdb382b872c007d17784b7cf24288a868cd90f2a34825da78d451a9ddbb4dfe?s=96&d=mm&r=g\",\"url\":\"https:\\\/\\\/secure.gravatar.com\\\/avatar\\\/dfdb382b872c007d17784b7cf24288a868cd90f2a34825da78d451a9ddbb4dfe?s=96&d=mm&r=g\",\"contentUrl\":\"https:\\\/\\\/secure.gravatar.com\\\/avatar\\\/dfdb382b872c007d17784b7cf24288a868cd90f2a34825da78d451a9ddbb4dfe?s=96&d=mm&r=g\",\"caption\":\"Carlos Castro\"},\"logo\":{\"@id\":\"https:\\\/\\\/secure.gravatar.com\\\/avatar\\\/dfdb382b872c007d17784b7cf24288a868cd90f2a34825da78d451a9ddbb4dfe?s=96&d=mm&r=g\"},\"description\":\"Fot\u00f3grafo, Videografo y apasionado de la tecnolog\u00eda. Cazador de tormentas y astrofot\u00f3grafo amateur.\",\"sameAs\":[\"https:\\\/\\\/www.carloscastrofotografo.com\",\"https:\\\/\\\/www.youtube.com\\\/carloscastrofotografo\"],\"url\":\"https:\\\/\\\/www.carloscastrofotografo.com\\\/blog\\\/author\\\/admin\\\/\"}]}<\/script>\n<!-- \/ Yoast SEO plugin. -->","yoast_head_json":{"title":"DJI Avata 360: Caracter\u00edsticas, Lanzamiento y Todo lo que Debes Saber","description":"Descubre todo sobre el nuevo DJI Avata 360. Analizamos el teaser oficial, el nuevo sistema O4 Plus, su retrocompatibilidad y la fecha de lanzamiento.","robots":{"index":"index","follow":"follow","max-snippet":"max-snippet:-1","max-image-preview":"max-image-preview:large","max-video-preview":"max-video-preview:-1"},"canonical":"https:\/\/www.carloscastrofotografo.com\/blog\/dji-avata-360-lanzamiento-caracteristicas\/","og_locale":"es_ES","og_type":"article","og_title":"DJI Avata 360: Caracter\u00edsticas, Lanzamiento y Todo lo que Debes Saber","og_description":"Descubre todo sobre el nuevo DJI Avata 360. Analizamos el teaser oficial, el nuevo sistema O4 Plus, su retrocompatibilidad y la fecha de lanzamiento.","og_url":"https:\/\/www.carloscastrofotografo.com\/blog\/dji-avata-360-lanzamiento-caracteristicas\/","og_site_name":"Blog de Carlos Castro Fot\u00f3grafo","article_published_time":"2026-03-10T23:15:35+00:00","article_modified_time":"2026-03-10T23:15:37+00:00","og_image":[{"width":1024,"height":576,"url":"https:\/\/www.carloscastrofotografo.com\/blog\/wp-content\/uploads\/2026\/03\/dji-avata-360.jpeg","type":"image\/jpeg"}],"author":"Carlos Castro","twitter_card":"summary_large_image","twitter_misc":{"Escrito por":"Carlos Castro","Tiempo de lectura":"3 minutos"},"schema":{"@context":"https:\/\/schema.org","@graph":[{"@type":"Article","@id":"https:\/\/www.carloscastrofotografo.com\/blog\/dji-avata-360-lanzamiento-caracteristicas\/#article","isPartOf":{"@id":"https:\/\/www.carloscastrofotografo.com\/blog\/dji-avata-360-lanzamiento-caracteristicas\/"},"author":{"name":"Carlos Castro","@id":"https:\/\/www.carloscastrofotografo.com\/blog\/#\/schema\/person\/f2df3dbaf3422e563228db874428292d"},"headline":"DJI Avata 360: Todo sobre el Nuevo Dron FPV, Caracter\u00edsticas y Lanzamiento","datePublished":"2026-03-10T23:15:35+00:00","dateModified":"2026-03-10T23:15:37+00:00","mainEntityOfPage":{"@id":"https:\/\/www.carloscastrofotografo.com\/blog\/dji-avata-360-lanzamiento-caracteristicas\/"},"wordCount":640,"commentCount":0,"publisher":{"@id":"https:\/\/www.carloscastrofotografo.com\/blog\/#\/schema\/person\/f2df3dbaf3422e563228db874428292d"},"image":{"@id":"https:\/\/www.carloscastrofotografo.com\/blog\/dji-avata-360-lanzamiento-caracteristicas\/#primaryimage"},"thumbnailUrl":"https:\/\/www.carloscastrofotografo.com\/blog\/wp-content\/uploads\/2026\/03\/dji-avata-360.jpeg","keywords":["Antigravity A1","caracter\u00edsticas Avata 360","DJI Avata 360","DJI Goggles 3","dron FPV 360","Drone Mask 2","lanzamiento Avata 360","novedades drones FPV","nuevo dron DJI","transmisi\u00f3n O4 Plus"],"articleSection":["Drones","Equipo Audiovisual","Noticias y Actualidad"],"inLanguage":"es","potentialAction":[{"@type":"CommentAction","name":"Comment","target":["https:\/\/www.carloscastrofotografo.com\/blog\/dji-avata-360-lanzamiento-caracteristicas\/#respond"]}]},{"@type":"WebPage","@id":"https:\/\/www.carloscastrofotografo.com\/blog\/dji-avata-360-lanzamiento-caracteristicas\/","url":"https:\/\/www.carloscastrofotografo.com\/blog\/dji-avata-360-lanzamiento-caracteristicas\/","name":"DJI Avata 360: Caracter\u00edsticas, Lanzamiento y Todo lo que Debes Saber","isPartOf":{"@id":"https:\/\/www.carloscastrofotografo.com\/blog\/#website"},"primaryImageOfPage":{"@id":"https:\/\/www.carloscastrofotografo.com\/blog\/dji-avata-360-lanzamiento-caracteristicas\/#primaryimage"},"image":{"@id":"https:\/\/www.carloscastrofotografo.com\/blog\/dji-avata-360-lanzamiento-caracteristicas\/#primaryimage"},"thumbnailUrl":"https:\/\/www.carloscastrofotografo.com\/blog\/wp-content\/uploads\/2026\/03\/dji-avata-360.jpeg","datePublished":"2026-03-10T23:15:35+00:00","dateModified":"2026-03-10T23:15:37+00:00","description":"Descubre todo sobre el nuevo DJI Avata 360. Analizamos el teaser oficial, el nuevo sistema O4 Plus, su retrocompatibilidad y la fecha de lanzamiento.","breadcrumb":{"@id":"https:\/\/www.carloscastrofotografo.com\/blog\/dji-avata-360-lanzamiento-caracteristicas\/#breadcrumb"},"inLanguage":"es","potentialAction":[{"@type":"ReadAction","target":["https:\/\/www.carloscastrofotografo.com\/blog\/dji-avata-360-lanzamiento-caracteristicas\/"]}]},{"@type":"ImageObject","inLanguage":"es","@id":"https:\/\/www.carloscastrofotografo.com\/blog\/dji-avata-360-lanzamiento-caracteristicas\/#primaryimage","url":"https:\/\/www.carloscastrofotografo.com\/blog\/wp-content\/uploads\/2026\/03\/dji-avata-360.jpeg","contentUrl":"https:\/\/www.carloscastrofotografo.com\/blog\/wp-content\/uploads\/2026\/03\/dji-avata-360.jpeg","width":1024,"height":576,"caption":"dji avata 360"},{"@type":"BreadcrumbList","@id":"https:\/\/www.carloscastrofotografo.com\/blog\/dji-avata-360-lanzamiento-caracteristicas\/#breadcrumb","itemListElement":[{"@type":"ListItem","position":1,"name":"Portada","item":"https:\/\/www.carloscastrofotografo.com\/blog\/"},{"@type":"ListItem","position":2,"name":"DJI Avata 360: Todo sobre el Nuevo Dron FPV, Caracter\u00edsticas y Lanzamiento"}]},{"@type":"WebSite","@id":"https:\/\/www.carloscastrofotografo.com\/blog\/#website","url":"https:\/\/www.carloscastrofotografo.com\/blog\/","name":"Blog de Carlos Castro Fot\u00f3grafo","description":"Todo sobre Fotograf\u00eda y V\u00eddeo, para apasionados de la imagen.","publisher":{"@id":"https:\/\/www.carloscastrofotografo.com\/blog\/#\/schema\/person\/f2df3dbaf3422e563228db874428292d"},"potentialAction":[{"@type":"SearchAction","target":{"@type":"EntryPoint","urlTemplate":"https:\/\/www.carloscastrofotografo.com\/blog\/?s={search_term_string}"},"query-input":{"@type":"PropertyValueSpecification","valueRequired":true,"valueName":"search_term_string"}}],"inLanguage":"es"},{"@type":["Person","Organization"],"@id":"https:\/\/www.carloscastrofotografo.com\/blog\/#\/schema\/person\/f2df3dbaf3422e563228db874428292d","name":"Carlos Castro","image":{"@type":"ImageObject","inLanguage":"es","@id":"https:\/\/secure.gravatar.com\/avatar\/dfdb382b872c007d17784b7cf24288a868cd90f2a34825da78d451a9ddbb4dfe?s=96&d=mm&r=g","url":"https:\/\/secure.gravatar.com\/avatar\/dfdb382b872c007d17784b7cf24288a868cd90f2a34825da78d451a9ddbb4dfe?s=96&d=mm&r=g","contentUrl":"https:\/\/secure.gravatar.com\/avatar\/dfdb382b872c007d17784b7cf24288a868cd90f2a34825da78d451a9ddbb4dfe?s=96&d=mm&r=g","caption":"Carlos Castro"},"logo":{"@id":"https:\/\/secure.gravatar.com\/avatar\/dfdb382b872c007d17784b7cf24288a868cd90f2a34825da78d451a9ddbb4dfe?s=96&d=mm&r=g"},"description":"Fot\u00f3grafo, Videografo y apasionado de la tecnolog\u00eda. Cazador de tormentas y astrofot\u00f3grafo amateur.","sameAs":["https:\/\/www.carloscastrofotografo.com","https:\/\/www.youtube.com\/carloscastrofotografo"],"url":"https:\/\/www.carloscastrofotografo.com\/blog\/author\/admin\/"}]}},"_links":{"self":[{"href":"https:\/\/www.carloscastrofotografo.com\/blog\/wp-json\/wp\/v2\/posts\/1233","targetHints":{"allow":["GET"]}}],"collection":[{"href":"https:\/\/www.carloscastrofotografo.com\/blog\/wp-json\/wp\/v2\/posts"}],"about":[{"href":"https:\/\/www.carloscastrofotografo.com\/blog\/wp-json\/wp\/v2\/types\/post"}],"author":[{"embeddable":true,"href":"https:\/\/www.carloscastrofotografo.com\/blog\/wp-json\/wp\/v2\/users\/1"}],"replies":[{"embeddable":true,"href":"https:\/\/www.carloscastrofotografo.com\/blog\/wp-json\/wp\/v2\/comments?post=1233"}],"version-history":[{"count":1,"href":"https:\/\/www.carloscastrofotografo.com\/blog\/wp-json\/wp\/v2\/posts\/1233\/revisions"}],"predecessor-version":[{"id":1236,"href":"https:\/\/www.carloscastrofotografo.com\/blog\/wp-json\/wp\/v2\/posts\/1233\/revisions\/1236"}],"wp:featuredmedia":[{"embeddable":true,"href":"https:\/\/www.carloscastrofotografo.com\/blog\/wp-json\/wp\/v2\/media\/1235"}],"wp:attachment":[{"href":"https:\/\/www.carloscastrofotografo.com\/blog\/wp-json\/wp\/v2\/media?parent=1233"}],"wp:term":[{"taxonomy":"category","embeddable":true,"href":"https:\/\/www.carloscastrofotografo.com\/blog\/wp-json\/wp\/v2\/categories?post=1233"},{"taxonomy":"post_tag","embeddable":true,"href":"https:\/\/www.carloscastrofotografo.com\/blog\/wp-json\/wp\/v2\/tags?post=1233"}],"curies":[{"name":"wp","href":"https:\/\/api.w.org\/{rel}","templated":true}]}}