{"id":1213,"date":"2026-02-25T14:39:50","date_gmt":"2026-02-25T13:39:50","guid":{"rendered":"https:\/\/www.carloscastrofotografo.com\/blog\/?p=1213"},"modified":"2026-02-25T14:47:19","modified_gmt":"2026-02-25T13:47:19","slug":"sigma-35mm-f1-4-dg-ii-art-analisis","status":"publish","type":"post","link":"https:\/\/www.carloscastrofotografo.com\/blog\/sigma-35mm-f1-4-dg-ii-art-analisis\/","title":{"rendered":"Nuevo Sigma 35mm F1.4 DG II Art: La Evoluci\u00f3n Perfecta \u2013 M\u00e1s Ligero, Compacto y N\u00edtido"},"content":{"rendered":"<p>Si hay una distancia focal que no puede faltar en la mochila de cualquier creador visual, es el 35mm. Y justo en la antesala de la feria CP+ 2026, se ha anunciado un lanzamiento que va a dar mucho de qu\u00e9 hablar: el <strong>Sigma 35mm F1.4 DG II | Art<\/strong>. Esta nueva versi\u00f3n no es un simple lavado de cara de su predecesor de 2021; es un redise\u00f1o absoluto que busca dominar el mercado de las c\u00e1maras sin espejo.<\/p>\n<p>\u00bfQu\u00e9 es lo que m\u00e1s nos llama la atenci\u00f3n? Su dr\u00e1stica reducci\u00f3n de tama\u00f1o y peso, combinada con una promesa muy ambiciosa: ser el objetivo de 35mm con mejor rendimiento \u00f3ptico que Sigma ha fabricado jam\u00e1s. Con un precio de salida de $1.059, este cristal para monturas Sony E y L-Mount viene pisando fuerte.<\/p>\n<h2>Una Dieta Estricta: M\u00e1s Peque\u00f1o y Mucho M\u00e1s C\u00f3modo<\/h2>\n<p>El dolor de cabeza habitual de la serie \u00abArt\u00bb siempre ha sido el peso. Sigma ha escuchado a la comunidad y, gracias a la implementaci\u00f3n de un innovador <strong>sistema de enfoque flotante<\/strong>, ha logrado adelgazar este objetivo considerablemente.<\/p>\n<ul>\n<li><strong>Reducci\u00f3n de peso:<\/strong> Pasa a pesar apenas 525 gramos (en su versi\u00f3n para Sony E), lo que supone un 20% menos que la generaci\u00f3n anterior.<\/li>\n<li><strong>Dimensiones compactas:<\/strong> Es un 14% m\u00e1s corto, midiendo solo 96mm de largo.<\/li>\n<li><strong>Filtros m\u00e1s econ\u00f3micos:<\/strong> El di\u00e1metro frontal se reduce a 67mm, un est\u00e1ndar muy com\u00fan que te ahorrar\u00e1 dinero si ya tienes filtros de esa medida.<\/li>\n<\/ul>\n<p>Esta reducci\u00f3n de volumen lo convierte en la herramienta perfecta para largas jornadas de bodas, fotograf\u00eda callejera o para equilibrarlo sin esfuerzo en estabilizadores (gimbals).<\/p>\n<div style=\"background-color: #f9f9f9; padding: 20px; border-left: 4px solid #cc0000; margin: 25px 0;\">\n<p style=\"margin-top: 0; font-size: 1.1em;\"><strong>\ud83d\udcf7 Apasionados de la Imagen y la Tecnolog\u00eda<\/strong><\/p>\n<p style=\"margin-bottom: 0;\">Si te encanta el mundo de la fotograf\u00eda, el v\u00eddeo y quieres estar al d\u00eda con los mejores equipos y t\u00e9cnicas, <strong><a href=\"https:\/\/www.youtube.com\/@CarlosCastroFotografo\" target=\"_blank\" rel=\"noopener\">suscr\u00edbete a mi canal de YouTube: Carlos Castro Fot\u00f3grafo<\/a><\/strong>. \u00a1\u00danete a la comunidad y sigamos aprendiendo juntos!<\/p>\n<\/div>\n<figure id=\"attachment_1215\" aria-describedby=\"caption-attachment-1215\" style=\"width: 796px\" class=\"wp-caption aligncenter\"><img loading=\"lazy\" decoding=\"async\" class=\"size-full wp-image-1215\" src=\"https:\/\/www.carloscastrofotografo.com\/blog\/wp-content\/uploads\/2026\/02\/sigma-35mm.jpg\" alt=\"sigma 35mm\" width=\"796\" height=\"599\" srcset=\"https:\/\/www.carloscastrofotografo.com\/blog\/wp-content\/uploads\/2026\/02\/sigma-35mm.jpg 796w, https:\/\/www.carloscastrofotografo.com\/blog\/wp-content\/uploads\/2026\/02\/sigma-35mm-300x226.jpg 300w, https:\/\/www.carloscastrofotografo.com\/blog\/wp-content\/uploads\/2026\/02\/sigma-35mm-768x578.jpg 768w, https:\/\/www.carloscastrofotografo.com\/blog\/wp-content\/uploads\/2026\/02\/sigma-35mm-696x524.jpg 696w, https:\/\/www.carloscastrofotografo.com\/blog\/wp-content\/uploads\/2026\/02\/sigma-35mm-558x420.jpg 558w, https:\/\/www.carloscastrofotografo.com\/blog\/wp-content\/uploads\/2026\/02\/sigma-35mm-80x60.jpg 80w, https:\/\/www.carloscastrofotografo.com\/blog\/wp-content\/uploads\/2026\/02\/sigma-35mm-265x198.jpg 265w\" sizes=\"auto, (max-width: 796px) 100vw, 796px\" \/><figcaption id=\"caption-attachment-1215\" class=\"wp-caption-text\">sigma 35mm<\/figcaption><\/figure>\n<h2>\u00d3ptica Redise\u00f1ada: Nitidez Quir\u00fargica y Bokeh de Ensue\u00f1o<\/h2>\n<p>En el interior, el <strong>Sigma 35mm F1.4 DG II Art<\/strong> esconde una nueva estructura de 15 elementos agrupados en 12 bloques. La marca ha puesto toda la carne en el asador utilizando cuatro lentes asf\u00e9ricas de alt\u00edsima precisi\u00f3n y dos cristales de s\u00faper baja dispersi\u00f3n (SLD).<\/p>\n<p>\u00bfEl resultado esperado? Una correcci\u00f3n casi perfecta de la molesta aberraci\u00f3n crom\u00e1tica axial (esos bordes morados y verdes en zonas de alto contraste). Adem\u00e1s, el diafragma de 11 palas promete un <em>bokeh<\/em> circular y extremadamente suave, eliminando el indeseado efecto de \u00abanillo de cebolla\u00bb en las luces desenfocadas.<\/p>\n<p>Por si fuera poco, estrena el nuevo <strong>Recubrimiento Amorfo Avanzado (AAC)<\/strong>, dise\u00f1ado para fulminar los destellos y las im\u00e1genes fantasma cuando disparamos a contraluz.<\/p>\n<h2>El Aliado Perfecto para los Vide\u00f3grafos<\/h2>\n<p>Sigma no se ha olvidado de los creadores de v\u00eddeo. Este nuevo objetivo hereda el motor de enfoque dual HLA (Actuador Lineal de Alta Respuesta), lo que se traduce en un autoenfoque silencioso, r\u00e1pido y tremendamente preciso.<\/p>\n<p>Otra gran noticia para el sector audiovisual es la minimizaci\u00f3n del <em>focus breathing<\/em> (la respiraci\u00f3n del enfoque). Al cambiar el punto de enfoque, el encuadre apenas sufre variaciones, logrando transiciones cinematogr\u00e1ficas muy naturales. A esto hay que sumarle el indispensable <strong>anillo de diafragma f\u00edsico con opci\u00f3n \u00abde-click\u00bb<\/strong>, que permite transiciones de luz fluidas y sin ruido.<\/p>\n<div style=\"background-color: #f9f9f9; padding: 20px; border-left: 4px solid #cc0000; margin: 25px 0;\">\n<p style=\"margin-top: 0; font-size: 1.1em;\"><strong>\u2699\ufe0f Descubre m\u00e1s trucos y tecnolog\u00eda<\/strong><\/p>\n<p style=\"margin-bottom: 0;\">\u00bfQuieres dominar tu equipo al m\u00e1ximo? En mi canal comparto tutoriales, consejos de iluminaci\u00f3n y mucho m\u00e1s sobre el mundo audiovisual. <strong><a href=\"https:\/\/www.youtube.com\/@CarlosCastroFotografo\" target=\"_blank\" rel=\"noopener\">Haz clic aqu\u00ed para suscribirte a Carlos Castro Fot\u00f3grafo<\/a><\/strong> y no te pierdas ning\u00fan v\u00eddeo nuevo.<\/p>\n<\/div>\n<h2>Construcci\u00f3n, Precio y Veredicto<\/h2>\n<p>Como es tradici\u00f3n en la gama Art, la calidad de construcci\u00f3n no defrauda. Est\u00e1 fabricado con una mezcla de aluminio y TSC (Compuesto T\u00e9rmicamente Estable), e incluye sellado contra el polvo y las salpicaduras, para que puedas trabajar en condiciones clim\u00e1ticas adversas sin miedo.<\/p>\n<p>El <strong>Sigma 35mm F1.4 DG II | Art<\/strong> saldr\u00e1 a la venta el 16 de abril de 2026. Aunque sus $1.059 suponen un ligero incremento de precio frente a su hermano mayor, las mejoras en peso, tama\u00f1o, tecnolog\u00eda de enfoque y recubrimientos \u00f3pticos justifican la inversi\u00f3n, situ\u00e1ndolo como una de las opciones m\u00e1s equilibradas del mercado actual.<\/p>\n<p>Y t\u00fa, \u00bfqu\u00e9 opinas de esta renovaci\u00f3n? \u00bfEstabas esperando una versi\u00f3n m\u00e1s ligera del cl\u00e1sico 35mm de Sigma? \u00a1D\u00e9jame tu opini\u00f3n abajo en los comentarios!<\/p>\n","protected":false},"excerpt":{"rendered":"<p>Si hay una distancia focal que no puede faltar en la mochila de cualquier creador visual, es el 35mm. Y justo en la antesala de la feria CP+ 2026, se ha anunciado un lanzamiento que va a dar mucho de qu\u00e9 hablar: el Sigma 35mm F1.4 DG II | Art. Esta nueva versi\u00f3n no es [&hellip;]<\/p>\n","protected":false},"author":1,"featured_media":1214,"comment_status":"open","ping_status":"open","sticky":false,"template":"","format":"standard","meta":{"footnotes":""},"categories":[200,25,177],"tags":[1263,478,1268,1266,1267,1262,1264,1265,1269,1270],"class_list":{"0":"post-1213","1":"post","2":"type-post","3":"status-publish","4":"format-standard","5":"has-post-thumbnail","7":"category-equipo-audiovisual","8":"category-noticias-actualidad","9":"category-objetivos-lentes","10":"tag-35mm-f1-4","11":"tag-fotografia-2","12":"tag-l-mount","13":"tag-lentes","14":"tag-novedades-cp-2026","15":"tag-objetivos-mirrorless","16":"tag-sigma","17":"tag-sigma-art","18":"tag-sony-e-mount","19":"tag-video-mirrorless"},"yoast_head":"<!-- This site is optimized with the Yoast SEO plugin v27.4 - https:\/\/yoast.com\/product\/yoast-seo-wordpress\/ -->\n<title>Nuevo Sigma 35mm F1.4 DG II Art: An\u00e1lisis<\/title>\n<meta name=\"description\" content=\"Descubre el nuevo Sigma 35mm F1.4 DG II Art. Un redise\u00f1o total: 20% m\u00e1s ligero, m\u00e1s compacto y con un rendimiento \u00f3ptico superior para Sony E y L-Mount. \u00a1Lee todos los detalles!\" \/>\n<meta name=\"robots\" content=\"index, follow, max-snippet:-1, max-image-preview:large, max-video-preview:-1\" \/>\n<link rel=\"canonical\" href=\"https:\/\/www.carloscastrofotografo.com\/blog\/sigma-35mm-f1-4-dg-ii-art-analisis\/\" \/>\n<meta property=\"og:locale\" content=\"es_ES\" \/>\n<meta property=\"og:type\" content=\"article\" \/>\n<meta property=\"og:title\" content=\"Nuevo Sigma 35mm F1.4 DG II Art: An\u00e1lisis\" \/>\n<meta property=\"og:description\" content=\"Descubre el nuevo Sigma 35mm F1.4 DG II Art. Un redise\u00f1o total: 20% m\u00e1s ligero, m\u00e1s compacto y con un rendimiento \u00f3ptico superior para Sony E y L-Mount. \u00a1Lee todos los detalles!\" \/>\n<meta property=\"og:url\" content=\"https:\/\/www.carloscastrofotografo.com\/blog\/sigma-35mm-f1-4-dg-ii-art-analisis\/\" \/>\n<meta property=\"og:site_name\" content=\"Blog de Carlos Castro Fot\u00f3grafo\" \/>\n<meta property=\"article:published_time\" content=\"2026-02-25T13:39:50+00:00\" \/>\n<meta property=\"article:modified_time\" content=\"2026-02-25T13:47:19+00:00\" \/>\n<meta property=\"og:image\" content=\"https:\/\/www.carloscastrofotografo.com\/blog\/wp-content\/uploads\/2026\/02\/Sigma-35mm-f1.4-DG-II-ART-lens.jpeg\" \/>\n\t<meta property=\"og:image:width\" content=\"1400\" \/>\n\t<meta property=\"og:image:height\" content=\"788\" \/>\n\t<meta property=\"og:image:type\" content=\"image\/jpeg\" \/>\n<meta name=\"author\" content=\"Carlos Castro\" \/>\n<meta name=\"twitter:card\" content=\"summary_large_image\" \/>\n<meta name=\"twitter:label1\" content=\"Escrito por\" \/>\n\t<meta name=\"twitter:data1\" content=\"Carlos Castro\" \/>\n\t<meta name=\"twitter:label2\" content=\"Tiempo de lectura\" \/>\n\t<meta name=\"twitter:data2\" content=\"4 minutos\" \/>\n<script type=\"application\/ld+json\" class=\"yoast-schema-graph\">{\"@context\":\"https:\\\/\\\/schema.org\",\"@graph\":[{\"@type\":\"Article\",\"@id\":\"https:\\\/\\\/www.carloscastrofotografo.com\\\/blog\\\/sigma-35mm-f1-4-dg-ii-art-analisis\\\/#article\",\"isPartOf\":{\"@id\":\"https:\\\/\\\/www.carloscastrofotografo.com\\\/blog\\\/sigma-35mm-f1-4-dg-ii-art-analisis\\\/\"},\"author\":{\"name\":\"Carlos Castro\",\"@id\":\"https:\\\/\\\/www.carloscastrofotografo.com\\\/blog\\\/#\\\/schema\\\/person\\\/f2df3dbaf3422e563228db874428292d\"},\"headline\":\"Nuevo Sigma 35mm F1.4 DG II Art: La Evoluci\u00f3n Perfecta \u2013 M\u00e1s Ligero, Compacto y N\u00edtido\",\"datePublished\":\"2026-02-25T13:39:50+00:00\",\"dateModified\":\"2026-02-25T13:47:19+00:00\",\"mainEntityOfPage\":{\"@id\":\"https:\\\/\\\/www.carloscastrofotografo.com\\\/blog\\\/sigma-35mm-f1-4-dg-ii-art-analisis\\\/\"},\"wordCount\":800,\"commentCount\":0,\"publisher\":{\"@id\":\"https:\\\/\\\/www.carloscastrofotografo.com\\\/blog\\\/#\\\/schema\\\/person\\\/f2df3dbaf3422e563228db874428292d\"},\"image\":{\"@id\":\"https:\\\/\\\/www.carloscastrofotografo.com\\\/blog\\\/sigma-35mm-f1-4-dg-ii-art-analisis\\\/#primaryimage\"},\"thumbnailUrl\":\"https:\\\/\\\/www.carloscastrofotografo.com\\\/blog\\\/wp-content\\\/uploads\\\/2026\\\/02\\\/Sigma-35mm-f1.4-DG-II-ART-lens.jpeg\",\"keywords\":[\"35mm F1.4\",\"fotograf\u00eda\",\"L-Mount\",\"Lentes\",\"Novedades CP+ 2026\",\"Objetivos Mirrorless\",\"Sigma\",\"Sigma Art\",\"Sony E-mount\",\"Video mirrorless\"],\"articleSection\":[\"Equipo Audiovisual\",\"Noticias y Actualidad\",\"Objetivos \\\/ Lentes\"],\"inLanguage\":\"es\",\"potentialAction\":[{\"@type\":\"CommentAction\",\"name\":\"Comment\",\"target\":[\"https:\\\/\\\/www.carloscastrofotografo.com\\\/blog\\\/sigma-35mm-f1-4-dg-ii-art-analisis\\\/#respond\"]}]},{\"@type\":\"WebPage\",\"@id\":\"https:\\\/\\\/www.carloscastrofotografo.com\\\/blog\\\/sigma-35mm-f1-4-dg-ii-art-analisis\\\/\",\"url\":\"https:\\\/\\\/www.carloscastrofotografo.com\\\/blog\\\/sigma-35mm-f1-4-dg-ii-art-analisis\\\/\",\"name\":\"Nuevo Sigma 35mm F1.4 DG II Art: An\u00e1lisis\",\"isPartOf\":{\"@id\":\"https:\\\/\\\/www.carloscastrofotografo.com\\\/blog\\\/#website\"},\"primaryImageOfPage\":{\"@id\":\"https:\\\/\\\/www.carloscastrofotografo.com\\\/blog\\\/sigma-35mm-f1-4-dg-ii-art-analisis\\\/#primaryimage\"},\"image\":{\"@id\":\"https:\\\/\\\/www.carloscastrofotografo.com\\\/blog\\\/sigma-35mm-f1-4-dg-ii-art-analisis\\\/#primaryimage\"},\"thumbnailUrl\":\"https:\\\/\\\/www.carloscastrofotografo.com\\\/blog\\\/wp-content\\\/uploads\\\/2026\\\/02\\\/Sigma-35mm-f1.4-DG-II-ART-lens.jpeg\",\"datePublished\":\"2026-02-25T13:39:50+00:00\",\"dateModified\":\"2026-02-25T13:47:19+00:00\",\"description\":\"Descubre el nuevo Sigma 35mm F1.4 DG II Art. Un redise\u00f1o total: 20% m\u00e1s ligero, m\u00e1s compacto y con un rendimiento \u00f3ptico superior para Sony E y L-Mount. \u00a1Lee todos los detalles!\",\"breadcrumb\":{\"@id\":\"https:\\\/\\\/www.carloscastrofotografo.com\\\/blog\\\/sigma-35mm-f1-4-dg-ii-art-analisis\\\/#breadcrumb\"},\"inLanguage\":\"es\",\"potentialAction\":[{\"@type\":\"ReadAction\",\"target\":[\"https:\\\/\\\/www.carloscastrofotografo.com\\\/blog\\\/sigma-35mm-f1-4-dg-ii-art-analisis\\\/\"]}]},{\"@type\":\"ImageObject\",\"inLanguage\":\"es\",\"@id\":\"https:\\\/\\\/www.carloscastrofotografo.com\\\/blog\\\/sigma-35mm-f1-4-dg-ii-art-analisis\\\/#primaryimage\",\"url\":\"https:\\\/\\\/www.carloscastrofotografo.com\\\/blog\\\/wp-content\\\/uploads\\\/2026\\\/02\\\/Sigma-35mm-f1.4-DG-II-ART-lens.jpeg\",\"contentUrl\":\"https:\\\/\\\/www.carloscastrofotografo.com\\\/blog\\\/wp-content\\\/uploads\\\/2026\\\/02\\\/Sigma-35mm-f1.4-DG-II-ART-lens.jpeg\",\"width\":1400,\"height\":788,\"caption\":\"Sigma 35mm F1.4 DG II Art\"},{\"@type\":\"BreadcrumbList\",\"@id\":\"https:\\\/\\\/www.carloscastrofotografo.com\\\/blog\\\/sigma-35mm-f1-4-dg-ii-art-analisis\\\/#breadcrumb\",\"itemListElement\":[{\"@type\":\"ListItem\",\"position\":1,\"name\":\"Portada\",\"item\":\"https:\\\/\\\/www.carloscastrofotografo.com\\\/blog\\\/\"},{\"@type\":\"ListItem\",\"position\":2,\"name\":\"Nuevo Sigma 35mm F1.4 DG II Art: La Evoluci\u00f3n Perfecta \u2013 M\u00e1s Ligero, Compacto y N\u00edtido\"}]},{\"@type\":\"WebSite\",\"@id\":\"https:\\\/\\\/www.carloscastrofotografo.com\\\/blog\\\/#website\",\"url\":\"https:\\\/\\\/www.carloscastrofotografo.com\\\/blog\\\/\",\"name\":\"Blog de Carlos Castro Fot\u00f3grafo\",\"description\":\"Todo sobre Fotograf\u00eda y V\u00eddeo, para apasionados de la imagen.\",\"publisher\":{\"@id\":\"https:\\\/\\\/www.carloscastrofotografo.com\\\/blog\\\/#\\\/schema\\\/person\\\/f2df3dbaf3422e563228db874428292d\"},\"potentialAction\":[{\"@type\":\"SearchAction\",\"target\":{\"@type\":\"EntryPoint\",\"urlTemplate\":\"https:\\\/\\\/www.carloscastrofotografo.com\\\/blog\\\/?s={search_term_string}\"},\"query-input\":{\"@type\":\"PropertyValueSpecification\",\"valueRequired\":true,\"valueName\":\"search_term_string\"}}],\"inLanguage\":\"es\"},{\"@type\":[\"Person\",\"Organization\"],\"@id\":\"https:\\\/\\\/www.carloscastrofotografo.com\\\/blog\\\/#\\\/schema\\\/person\\\/f2df3dbaf3422e563228db874428292d\",\"name\":\"Carlos Castro\",\"image\":{\"@type\":\"ImageObject\",\"inLanguage\":\"es\",\"@id\":\"https:\\\/\\\/secure.gravatar.com\\\/avatar\\\/dfdb382b872c007d17784b7cf24288a868cd90f2a34825da78d451a9ddbb4dfe?s=96&d=mm&r=g\",\"url\":\"https:\\\/\\\/secure.gravatar.com\\\/avatar\\\/dfdb382b872c007d17784b7cf24288a868cd90f2a34825da78d451a9ddbb4dfe?s=96&d=mm&r=g\",\"contentUrl\":\"https:\\\/\\\/secure.gravatar.com\\\/avatar\\\/dfdb382b872c007d17784b7cf24288a868cd90f2a34825da78d451a9ddbb4dfe?s=96&d=mm&r=g\",\"caption\":\"Carlos Castro\"},\"logo\":{\"@id\":\"https:\\\/\\\/secure.gravatar.com\\\/avatar\\\/dfdb382b872c007d17784b7cf24288a868cd90f2a34825da78d451a9ddbb4dfe?s=96&d=mm&r=g\"},\"description\":\"Fot\u00f3grafo, Videografo y apasionado de la tecnolog\u00eda. Cazador de tormentas y astrofot\u00f3grafo amateur.\",\"sameAs\":[\"https:\\\/\\\/www.carloscastrofotografo.com\",\"https:\\\/\\\/www.youtube.com\\\/carloscastrofotografo\"],\"url\":\"https:\\\/\\\/www.carloscastrofotografo.com\\\/blog\\\/author\\\/admin\\\/\"}]}<\/script>\n<!-- \/ Yoast SEO plugin. -->","yoast_head_json":{"title":"Nuevo Sigma 35mm F1.4 DG II Art: An\u00e1lisis","description":"Descubre el nuevo Sigma 35mm F1.4 DG II Art. Un redise\u00f1o total: 20% m\u00e1s ligero, m\u00e1s compacto y con un rendimiento \u00f3ptico superior para Sony E y L-Mount. \u00a1Lee todos los detalles!","robots":{"index":"index","follow":"follow","max-snippet":"max-snippet:-1","max-image-preview":"max-image-preview:large","max-video-preview":"max-video-preview:-1"},"canonical":"https:\/\/www.carloscastrofotografo.com\/blog\/sigma-35mm-f1-4-dg-ii-art-analisis\/","og_locale":"es_ES","og_type":"article","og_title":"Nuevo Sigma 35mm F1.4 DG II Art: An\u00e1lisis","og_description":"Descubre el nuevo Sigma 35mm F1.4 DG II Art. Un redise\u00f1o total: 20% m\u00e1s ligero, m\u00e1s compacto y con un rendimiento \u00f3ptico superior para Sony E y L-Mount. \u00a1Lee todos los detalles!","og_url":"https:\/\/www.carloscastrofotografo.com\/blog\/sigma-35mm-f1-4-dg-ii-art-analisis\/","og_site_name":"Blog de Carlos Castro Fot\u00f3grafo","article_published_time":"2026-02-25T13:39:50+00:00","article_modified_time":"2026-02-25T13:47:19+00:00","og_image":[{"width":1400,"height":788,"url":"https:\/\/www.carloscastrofotografo.com\/blog\/wp-content\/uploads\/2026\/02\/Sigma-35mm-f1.4-DG-II-ART-lens.jpeg","type":"image\/jpeg"}],"author":"Carlos Castro","twitter_card":"summary_large_image","twitter_misc":{"Escrito por":"Carlos Castro","Tiempo de lectura":"4 minutos"},"schema":{"@context":"https:\/\/schema.org","@graph":[{"@type":"Article","@id":"https:\/\/www.carloscastrofotografo.com\/blog\/sigma-35mm-f1-4-dg-ii-art-analisis\/#article","isPartOf":{"@id":"https:\/\/www.carloscastrofotografo.com\/blog\/sigma-35mm-f1-4-dg-ii-art-analisis\/"},"author":{"name":"Carlos Castro","@id":"https:\/\/www.carloscastrofotografo.com\/blog\/#\/schema\/person\/f2df3dbaf3422e563228db874428292d"},"headline":"Nuevo Sigma 35mm F1.4 DG II Art: La Evoluci\u00f3n Perfecta \u2013 M\u00e1s Ligero, Compacto y N\u00edtido","datePublished":"2026-02-25T13:39:50+00:00","dateModified":"2026-02-25T13:47:19+00:00","mainEntityOfPage":{"@id":"https:\/\/www.carloscastrofotografo.com\/blog\/sigma-35mm-f1-4-dg-ii-art-analisis\/"},"wordCount":800,"commentCount":0,"publisher":{"@id":"https:\/\/www.carloscastrofotografo.com\/blog\/#\/schema\/person\/f2df3dbaf3422e563228db874428292d"},"image":{"@id":"https:\/\/www.carloscastrofotografo.com\/blog\/sigma-35mm-f1-4-dg-ii-art-analisis\/#primaryimage"},"thumbnailUrl":"https:\/\/www.carloscastrofotografo.com\/blog\/wp-content\/uploads\/2026\/02\/Sigma-35mm-f1.4-DG-II-ART-lens.jpeg","keywords":["35mm F1.4","fotograf\u00eda","L-Mount","Lentes","Novedades CP+ 2026","Objetivos Mirrorless","Sigma","Sigma Art","Sony E-mount","Video mirrorless"],"articleSection":["Equipo Audiovisual","Noticias y Actualidad","Objetivos \/ Lentes"],"inLanguage":"es","potentialAction":[{"@type":"CommentAction","name":"Comment","target":["https:\/\/www.carloscastrofotografo.com\/blog\/sigma-35mm-f1-4-dg-ii-art-analisis\/#respond"]}]},{"@type":"WebPage","@id":"https:\/\/www.carloscastrofotografo.com\/blog\/sigma-35mm-f1-4-dg-ii-art-analisis\/","url":"https:\/\/www.carloscastrofotografo.com\/blog\/sigma-35mm-f1-4-dg-ii-art-analisis\/","name":"Nuevo Sigma 35mm F1.4 DG II Art: An\u00e1lisis","isPartOf":{"@id":"https:\/\/www.carloscastrofotografo.com\/blog\/#website"},"primaryImageOfPage":{"@id":"https:\/\/www.carloscastrofotografo.com\/blog\/sigma-35mm-f1-4-dg-ii-art-analisis\/#primaryimage"},"image":{"@id":"https:\/\/www.carloscastrofotografo.com\/blog\/sigma-35mm-f1-4-dg-ii-art-analisis\/#primaryimage"},"thumbnailUrl":"https:\/\/www.carloscastrofotografo.com\/blog\/wp-content\/uploads\/2026\/02\/Sigma-35mm-f1.4-DG-II-ART-lens.jpeg","datePublished":"2026-02-25T13:39:50+00:00","dateModified":"2026-02-25T13:47:19+00:00","description":"Descubre el nuevo Sigma 35mm F1.4 DG II Art. Un redise\u00f1o total: 20% m\u00e1s ligero, m\u00e1s compacto y con un rendimiento \u00f3ptico superior para Sony E y L-Mount. \u00a1Lee todos los detalles!","breadcrumb":{"@id":"https:\/\/www.carloscastrofotografo.com\/blog\/sigma-35mm-f1-4-dg-ii-art-analisis\/#breadcrumb"},"inLanguage":"es","potentialAction":[{"@type":"ReadAction","target":["https:\/\/www.carloscastrofotografo.com\/blog\/sigma-35mm-f1-4-dg-ii-art-analisis\/"]}]},{"@type":"ImageObject","inLanguage":"es","@id":"https:\/\/www.carloscastrofotografo.com\/blog\/sigma-35mm-f1-4-dg-ii-art-analisis\/#primaryimage","url":"https:\/\/www.carloscastrofotografo.com\/blog\/wp-content\/uploads\/2026\/02\/Sigma-35mm-f1.4-DG-II-ART-lens.jpeg","contentUrl":"https:\/\/www.carloscastrofotografo.com\/blog\/wp-content\/uploads\/2026\/02\/Sigma-35mm-f1.4-DG-II-ART-lens.jpeg","width":1400,"height":788,"caption":"Sigma 35mm F1.4 DG II Art"},{"@type":"BreadcrumbList","@id":"https:\/\/www.carloscastrofotografo.com\/blog\/sigma-35mm-f1-4-dg-ii-art-analisis\/#breadcrumb","itemListElement":[{"@type":"ListItem","position":1,"name":"Portada","item":"https:\/\/www.carloscastrofotografo.com\/blog\/"},{"@type":"ListItem","position":2,"name":"Nuevo Sigma 35mm F1.4 DG II Art: La Evoluci\u00f3n Perfecta \u2013 M\u00e1s Ligero, Compacto y N\u00edtido"}]},{"@type":"WebSite","@id":"https:\/\/www.carloscastrofotografo.com\/blog\/#website","url":"https:\/\/www.carloscastrofotografo.com\/blog\/","name":"Blog de Carlos Castro Fot\u00f3grafo","description":"Todo sobre Fotograf\u00eda y V\u00eddeo, para apasionados de la imagen.","publisher":{"@id":"https:\/\/www.carloscastrofotografo.com\/blog\/#\/schema\/person\/f2df3dbaf3422e563228db874428292d"},"potentialAction":[{"@type":"SearchAction","target":{"@type":"EntryPoint","urlTemplate":"https:\/\/www.carloscastrofotografo.com\/blog\/?s={search_term_string}"},"query-input":{"@type":"PropertyValueSpecification","valueRequired":true,"valueName":"search_term_string"}}],"inLanguage":"es"},{"@type":["Person","Organization"],"@id":"https:\/\/www.carloscastrofotografo.com\/blog\/#\/schema\/person\/f2df3dbaf3422e563228db874428292d","name":"Carlos Castro","image":{"@type":"ImageObject","inLanguage":"es","@id":"https:\/\/secure.gravatar.com\/avatar\/dfdb382b872c007d17784b7cf24288a868cd90f2a34825da78d451a9ddbb4dfe?s=96&d=mm&r=g","url":"https:\/\/secure.gravatar.com\/avatar\/dfdb382b872c007d17784b7cf24288a868cd90f2a34825da78d451a9ddbb4dfe?s=96&d=mm&r=g","contentUrl":"https:\/\/secure.gravatar.com\/avatar\/dfdb382b872c007d17784b7cf24288a868cd90f2a34825da78d451a9ddbb4dfe?s=96&d=mm&r=g","caption":"Carlos Castro"},"logo":{"@id":"https:\/\/secure.gravatar.com\/avatar\/dfdb382b872c007d17784b7cf24288a868cd90f2a34825da78d451a9ddbb4dfe?s=96&d=mm&r=g"},"description":"Fot\u00f3grafo, Videografo y apasionado de la tecnolog\u00eda. Cazador de tormentas y astrofot\u00f3grafo amateur.","sameAs":["https:\/\/www.carloscastrofotografo.com","https:\/\/www.youtube.com\/carloscastrofotografo"],"url":"https:\/\/www.carloscastrofotografo.com\/blog\/author\/admin\/"}]}},"_links":{"self":[{"href":"https:\/\/www.carloscastrofotografo.com\/blog\/wp-json\/wp\/v2\/posts\/1213","targetHints":{"allow":["GET"]}}],"collection":[{"href":"https:\/\/www.carloscastrofotografo.com\/blog\/wp-json\/wp\/v2\/posts"}],"about":[{"href":"https:\/\/www.carloscastrofotografo.com\/blog\/wp-json\/wp\/v2\/types\/post"}],"author":[{"embeddable":true,"href":"https:\/\/www.carloscastrofotografo.com\/blog\/wp-json\/wp\/v2\/users\/1"}],"replies":[{"embeddable":true,"href":"https:\/\/www.carloscastrofotografo.com\/blog\/wp-json\/wp\/v2\/comments?post=1213"}],"version-history":[{"count":2,"href":"https:\/\/www.carloscastrofotografo.com\/blog\/wp-json\/wp\/v2\/posts\/1213\/revisions"}],"predecessor-version":[{"id":1217,"href":"https:\/\/www.carloscastrofotografo.com\/blog\/wp-json\/wp\/v2\/posts\/1213\/revisions\/1217"}],"wp:featuredmedia":[{"embeddable":true,"href":"https:\/\/www.carloscastrofotografo.com\/blog\/wp-json\/wp\/v2\/media\/1214"}],"wp:attachment":[{"href":"https:\/\/www.carloscastrofotografo.com\/blog\/wp-json\/wp\/v2\/media?parent=1213"}],"wp:term":[{"taxonomy":"category","embeddable":true,"href":"https:\/\/www.carloscastrofotografo.com\/blog\/wp-json\/wp\/v2\/categories?post=1213"},{"taxonomy":"post_tag","embeddable":true,"href":"https:\/\/www.carloscastrofotografo.com\/blog\/wp-json\/wp\/v2\/tags?post=1213"}],"curies":[{"name":"wp","href":"https:\/\/api.w.org\/{rel}","templated":true}]}}