{"id":1148,"date":"2025-12-01T21:54:31","date_gmt":"2025-12-01T20:54:31","guid":{"rendered":"https:\/\/www.carloscastrofotografo.com\/blog\/?p=1148"},"modified":"2025-12-01T21:54:32","modified_gmt":"2025-12-01T20:54:32","slug":"efemerides-astronomicas-diciembre-2025","status":"publish","type":"post","link":"https:\/\/www.carloscastrofotografo.com\/blog\/efemerides-astronomicas-diciembre-2025\/","title":{"rendered":"Efem\u00e9rides Astron\u00f3micas Diciembre 2025: \u00bfCometa Interestelar, Superluna y Gem\u00ednidas?"},"content":{"rendered":"<p><strong>Diciembre de 2025<\/strong> ya est\u00e1 aqu\u00ed y el a\u00f1o se despide con uno de los calendarios astron\u00f3micos m\u00e1s potentes que recuerdo. Si pensabas guardar la c\u00e1mara por el fr\u00edo (o el calor, si me lees desde el hemisferio sur), pi\u00e9nsalo dos veces.<\/p>\n<p>Este mes lo tiene todo: una <strong>Superluna<\/strong> espectacular para empezar, la lluvia de estrellas m\u00e1s fiable del a\u00f1o (las <strong>Gem\u00ednidas<\/strong>) y una pol\u00e9mica fascinante con un <strong>cometa interestelar<\/strong> que est\u00e1 dando mucho que hablar.<\/p>\n<p>\u00bfQuieres saber c\u00f3mo, cu\u00e1ndo y d\u00f3nde fotografiar todo esto? Te lo cuento al detalle en mi nuevo v\u00eddeo.<\/p>\n<h2>\ud83d\udcfa Ver v\u00eddeo: Gu\u00eda del Cielo de Diciembre 2025<\/h2>\n<p>Si eres de los que prefiere la explicaci\u00f3n visual y ver las simulaciones del cielo, dale al play aqu\u00ed mismo:<\/p>\n<div style=\"position: relative; padding-bottom: 56.25%; height: 0; overflow: hidden; max-width: 100%; margin-bottom: 20px;\">\n    <iframe style=\"position: absolute; top: 0; left: 0; width: 100%; height: 100%;\" src=\"https:\/\/www.youtube.com\/embed\/n4wESr3ayCY\" title=\"Efem\u00e9rides Astron\u00f3micas Diciembre 2025\" frameborder=\"0\" allow=\"accelerometer; autoplay; clipboard-write; encrypted-media; gyroscope; picture-in-picture\" allowfullscreen><\/iframe>\n<\/div>\n<blockquote>\n<p><strong>\u00a1Suscr\u00edbete al canal!<\/strong> Si te gusta este contenido, no olvides suscribirte a <a href=\"https:\/\/youtube.com\/carloscastrofotografo\" target=\"_blank\" rel=\"noopener\">mi canal de YouTube<\/a> para no perderte ninguna cita con las estrellas.<\/p>\n<\/blockquote>\n<hr \/>\n<h2>1. El Doble Espect\u00e1culo: Superluna y Pl\u00e9yades (4 de Diciembre)<\/h2>\n<p>El mes arranca fuerte. La noche del <strong>4 de diciembre<\/strong> tenemos la <strong>Luna Llena Fr\u00eda<\/strong>, que adem\u00e1s ser\u00e1 una <strong>Superluna<\/strong>. Esto significa que nuestro sat\u00e9lite se ver\u00e1 un 7,9% m\u00e1s grande y un 15% m\u00e1s brillante de lo habitual.<\/p>\n<p><strong>\ud83d\udcf8 Consejo fotogr\u00e1fico:<\/strong><br \/>\nLa diferencia de tama\u00f1o de una Superluna es dif\u00edcil de apreciar a simple vista si la ves en lo alto del cielo. Para que tu foto impacte, <strong>planifica la salida de la Luna<\/strong> usando apps como <em>PhotoPills<\/em> o <em>PlanIt!<\/em> y busca alinearla con un edificio, un castillo o una monta\u00f1a lejana. La referencia en el horizonte es clave para crear esa sensaci\u00f3n de escala.<\/p>\n<p>Adem\u00e1s, esa misma noche, la Luna estar\u00e1 en conjunci\u00f3n con las <strong>Pl\u00e9yades<\/strong> (a solo 0\u00b048&#8242; de separaci\u00f3n). \u00a1Coge tus prism\u00e1ticos!<\/p>\n<h2>2. Lluvia de Estrellas Gem\u00ednidas: La Reina del A\u00f1o (13-14 de Diciembre)<\/h2>\n<p>Olvida las Perseidas de agosto. Para muchos astrofot\u00f3grafos, las <strong>Gem\u00ednidas<\/strong> son la mejor lluvia de estrellas por su consistencia y brillo.<\/p>\n<ul>\n<li><strong>Tasa:<\/strong> Hasta 150 meteoros por hora.<\/li>\n<li><strong>Velocidad:<\/strong> Son meteoros m\u00e1s lentos y brillantes, ideales para captar en c\u00e1mara.<\/li>\n<li><strong>La gran ventaja de 2025:<\/strong> La Luna estar\u00e1 en fase menguante, por lo que tendremos cielos oscuros para disfrutar del espect\u00e1culo.<\/li>\n<\/ul>\n<p>El pico de actividad ser\u00e1 la noche del <strong>13 al 14 de diciembre<\/strong>. En el hemisferio norte podr\u00e1s verlas desde el anochecer; en el sur, mejor esperar a la medianoche.<\/p>\n<h2>3. El Misterio del Mes: Cometa Interestelar 3I\/ATLAS<\/h2>\n<p>Aqu\u00ed viene la parte \u00abpicante\u00bb de diciembre. Tenemos un visitante que viene de fuera de nuestro Sistema Solar: el cometa <strong>3I\/ATLAS<\/strong>.<\/p>\n<p>Al ser un objeto interestelar (como lo fue <em>&#8216;Oumuamua<\/em>), las redes est\u00e1n ardiendo con teor\u00edas sobre su origen. Sea lo que sea, su m\u00e1ximo acercamiento es el <strong>19 de diciembre<\/strong>. Si tienes un telescopio y cielos oscuros, es tu momento de capturar historia.<\/p>\n<ul>\n<li><strong>Dificultad:<\/strong> Alta (Magnitud 13).<\/li>\n<li><strong>D\u00f3nde:<\/strong> Constelaci\u00f3n de Leo (de madrugada).<\/li>\n<\/ul>\n<h2>4. El \u00abTruco\u00bb para fotografiar el Cometa Wierzchos (28 de Diciembre)<\/h2>\n<p>Si no tienes un telescopio potente, no te preocupes. El cometa <strong>C\/2024 E1 (Wierzchos)<\/strong> nos regala una composici\u00f3n fotogr\u00e1fica preciosa a finales de mes.<\/p>\n<p>El d\u00eda <strong>28 de diciembre<\/strong>, este cometa pasar\u00e1 a solo <strong>2 grados del planeta Marte<\/strong>.<\/p>\n<p><strong>\u00bfC\u00f3mo localizarlo?<\/strong> Muy f\u00e1cil. Busca el punto rojo de Marte en el cielo (en la constelaci\u00f3n de Sagitario al atardecer) y apunta tu c\u00e1mara hacia all\u00ed. Tendr\u00e1s al planeta rojo y al cometa verde en el mismo encuadre. \u00a1Es la foto del mes!<\/p>\n<h2>5. Solsticio y Cierre de A\u00f1o<\/h2>\n<p>El <strong>21 de diciembre<\/strong> ocurre el <strong>Solsticio<\/strong>: damos la bienvenida al invierno astron\u00f3mico en el norte y al verano en el sur. Coincide casi con la <strong>Luna Nueva<\/strong> (20 de diciembre), lo que nos deja un fin de semana perfecto para intentar fotograf\u00eda de <strong>Cielo Profundo<\/strong> o <em>Star Trails<\/em>.<\/p>\n<hr \/>\n<h3>\u00bfQuieres que tu foto salga en el pr\u00f3ximo v\u00eddeo?<\/h3>\n<p>Me encanta ver vuestros resultados. Si consigues cazar la Superluna, las Gem\u00ednidas o el encuentro Marte-Cometa:<\/p>\n<ol>\n<li>Env\u00eda la foto a: <a href=\"mailto:tusfotos@carloscastrofotografo.com\">tusfotos@carloscastrofotografo.com<\/a><\/li>\n<li>Indica tu <strong>Nombre<\/strong> y cuenta de <strong>Instagram<\/strong>.<\/li>\n<\/ol>\n<p>\u00a1Nos vemos en enero de 2026! Felices fiestas y buenos cielos.<\/p>\n","protected":false},"excerpt":{"rendered":"<p>Diciembre de 2025 ya est\u00e1 aqu\u00ed y el a\u00f1o se despide con uno de los calendarios astron\u00f3micos m\u00e1s potentes que recuerdo. Si pensabas guardar la c\u00e1mara por el fr\u00edo (o el calor, si me lees desde el hemisferio sur), pi\u00e9nsalo dos veces. Este mes lo tiene todo: una Superluna espectacular para empezar, la lluvia de [&hellip;]<\/p>\n","protected":false},"author":1,"featured_media":1149,"comment_status":"open","ping_status":"open","sticky":false,"template":"","format":"standard","meta":{"footnotes":""},"categories":[249,155],"tags":[718,495,1167,623,1162,1160,1165,1164,1161,1159,97,1163,888,1166,1158],"class_list":{"0":"post-1148","1":"post","2":"type-post","3":"status-publish","4":"format-standard","5":"has-post-thumbnail","7":"category-astronomia","8":"category-noticias-variadas","9":"tag-astrofotografia-2","10":"tag-astronomia-2","11":"tag-calendario-astronomico-2025","12":"tag-carlos-castro-fotografo","13":"tag-cometa-3i-atlas","14":"tag-cometa-interestelar","15":"tag-cometa-wierzchos","16":"tag-como-fotografiar-la-luna","17":"tag-conjuncion-marte-cometa","18":"tag-efemerides-astronomicas-diciembre-2025","19":"tag-fotografia-nocturna","20":"tag-geminidas-2025","21":"tag-lluvia-de-estrellas","22":"tag-solsticio-de-invierno","23":"tag-superluna-diciembre-2025"},"yoast_head":"<!-- This site is optimized with the Yoast SEO plugin v27.4 - https:\/\/yoast.com\/product\/yoast-seo-wordpress\/ -->\n<title>Efem\u00e9rides Astron\u00f3micas Diciembre 2025: Cometa Interestelar, Superluna y Gem\u00ednidas<\/title>\n<meta name=\"description\" content=\"Descubre las efem\u00e9rides astron\u00f3micas de diciembre 2025. Gu\u00eda para fotografiar la Superluna, las Gem\u00ednidas y el misterioso cometa interestelar 3I\/ATLAS. \u00a1Entra y mira el v\u00eddeo!\" \/>\n<meta name=\"robots\" content=\"index, follow, max-snippet:-1, max-image-preview:large, max-video-preview:-1\" \/>\n<link rel=\"canonical\" href=\"https:\/\/www.carloscastrofotografo.com\/blog\/efemerides-astronomicas-diciembre-2025\/\" \/>\n<meta property=\"og:locale\" content=\"es_ES\" \/>\n<meta property=\"og:type\" content=\"article\" \/>\n<meta property=\"og:title\" content=\"Efem\u00e9rides Astron\u00f3micas Diciembre 2025: Cometa Interestelar, Superluna y Gem\u00ednidas\" \/>\n<meta property=\"og:description\" content=\"Descubre las efem\u00e9rides astron\u00f3micas de diciembre 2025. Gu\u00eda para fotografiar la Superluna, las Gem\u00ednidas y el misterioso cometa interestelar 3I\/ATLAS. \u00a1Entra y mira el v\u00eddeo!\" \/>\n<meta property=\"og:url\" content=\"https:\/\/www.carloscastrofotografo.com\/blog\/efemerides-astronomicas-diciembre-2025\/\" \/>\n<meta property=\"og:site_name\" content=\"Blog de Carlos Castro Fot\u00f3grafo\" \/>\n<meta property=\"article:published_time\" content=\"2025-12-01T20:54:31+00:00\" \/>\n<meta property=\"article:modified_time\" content=\"2025-12-01T20:54:32+00:00\" \/>\n<meta property=\"og:image\" content=\"https:\/\/www.carloscastrofotografo.com\/blog\/wp-content\/uploads\/2025\/12\/efemerides-diciembre-2025.jpg\" \/>\n\t<meta property=\"og:image:width\" content=\"2048\" \/>\n\t<meta property=\"og:image:height\" content=\"1118\" \/>\n\t<meta property=\"og:image:type\" content=\"image\/jpeg\" \/>\n<meta name=\"author\" content=\"Carlos Castro\" \/>\n<meta name=\"twitter:card\" content=\"summary_large_image\" \/>\n<meta name=\"twitter:label1\" content=\"Escrito por\" \/>\n\t<meta name=\"twitter:data1\" content=\"Carlos Castro\" \/>\n\t<meta name=\"twitter:label2\" content=\"Tiempo de lectura\" \/>\n\t<meta name=\"twitter:data2\" content=\"4 minutos\" \/>\n<script type=\"application\/ld+json\" class=\"yoast-schema-graph\">{\"@context\":\"https:\\\/\\\/schema.org\",\"@graph\":[{\"@type\":\"Article\",\"@id\":\"https:\\\/\\\/www.carloscastrofotografo.com\\\/blog\\\/efemerides-astronomicas-diciembre-2025\\\/#article\",\"isPartOf\":{\"@id\":\"https:\\\/\\\/www.carloscastrofotografo.com\\\/blog\\\/efemerides-astronomicas-diciembre-2025\\\/\"},\"author\":{\"name\":\"Carlos Castro\",\"@id\":\"https:\\\/\\\/www.carloscastrofotografo.com\\\/blog\\\/#\\\/schema\\\/person\\\/f2df3dbaf3422e563228db874428292d\"},\"headline\":\"Efem\u00e9rides Astron\u00f3micas Diciembre 2025: \u00bfCometa Interestelar, Superluna y Gem\u00ednidas?\",\"datePublished\":\"2025-12-01T20:54:31+00:00\",\"dateModified\":\"2025-12-01T20:54:32+00:00\",\"mainEntityOfPage\":{\"@id\":\"https:\\\/\\\/www.carloscastrofotografo.com\\\/blog\\\/efemerides-astronomicas-diciembre-2025\\\/\"},\"wordCount\":715,\"commentCount\":0,\"publisher\":{\"@id\":\"https:\\\/\\\/www.carloscastrofotografo.com\\\/blog\\\/#\\\/schema\\\/person\\\/f2df3dbaf3422e563228db874428292d\"},\"image\":{\"@id\":\"https:\\\/\\\/www.carloscastrofotografo.com\\\/blog\\\/efemerides-astronomicas-diciembre-2025\\\/#primaryimage\"},\"thumbnailUrl\":\"https:\\\/\\\/www.carloscastrofotografo.com\\\/blog\\\/wp-content\\\/uploads\\\/2025\\\/12\\\/efemerides-diciembre-2025.jpg\",\"keywords\":[\"astrofotograf\u00eda\",\"astronom\u00eda\",\"calendario astron\u00f3mico 2025\",\"carlos castro fot\u00f3grafo\",\"cometa 3I\\\/ATLAS\",\"cometa interestelar\",\"cometa Wierzchos\",\"c\u00f3mo fotografiar la luna\",\"conjunci\u00f3n Marte cometa\",\"efem\u00e9rides astron\u00f3micas diciembre 2025\",\"fotograf\u00eda nocturna\",\"Gem\u00ednidas 2025\",\"lluvia de estrellas\",\"solsticio de invierno\",\"Superluna diciembre 2025\"],\"articleSection\":[\"Astronom\u00eda\",\"Noticias Variadas\"],\"inLanguage\":\"es\",\"potentialAction\":[{\"@type\":\"CommentAction\",\"name\":\"Comment\",\"target\":[\"https:\\\/\\\/www.carloscastrofotografo.com\\\/blog\\\/efemerides-astronomicas-diciembre-2025\\\/#respond\"]}]},{\"@type\":\"WebPage\",\"@id\":\"https:\\\/\\\/www.carloscastrofotografo.com\\\/blog\\\/efemerides-astronomicas-diciembre-2025\\\/\",\"url\":\"https:\\\/\\\/www.carloscastrofotografo.com\\\/blog\\\/efemerides-astronomicas-diciembre-2025\\\/\",\"name\":\"Efem\u00e9rides Astron\u00f3micas Diciembre 2025: Cometa Interestelar, Superluna y Gem\u00ednidas\",\"isPartOf\":{\"@id\":\"https:\\\/\\\/www.carloscastrofotografo.com\\\/blog\\\/#website\"},\"primaryImageOfPage\":{\"@id\":\"https:\\\/\\\/www.carloscastrofotografo.com\\\/blog\\\/efemerides-astronomicas-diciembre-2025\\\/#primaryimage\"},\"image\":{\"@id\":\"https:\\\/\\\/www.carloscastrofotografo.com\\\/blog\\\/efemerides-astronomicas-diciembre-2025\\\/#primaryimage\"},\"thumbnailUrl\":\"https:\\\/\\\/www.carloscastrofotografo.com\\\/blog\\\/wp-content\\\/uploads\\\/2025\\\/12\\\/efemerides-diciembre-2025.jpg\",\"datePublished\":\"2025-12-01T20:54:31+00:00\",\"dateModified\":\"2025-12-01T20:54:32+00:00\",\"description\":\"Descubre las efem\u00e9rides astron\u00f3micas de diciembre 2025. Gu\u00eda para fotografiar la Superluna, las Gem\u00ednidas y el misterioso cometa interestelar 3I\\\/ATLAS. \u00a1Entra y mira el v\u00eddeo!\",\"breadcrumb\":{\"@id\":\"https:\\\/\\\/www.carloscastrofotografo.com\\\/blog\\\/efemerides-astronomicas-diciembre-2025\\\/#breadcrumb\"},\"inLanguage\":\"es\",\"potentialAction\":[{\"@type\":\"ReadAction\",\"target\":[\"https:\\\/\\\/www.carloscastrofotografo.com\\\/blog\\\/efemerides-astronomicas-diciembre-2025\\\/\"]}]},{\"@type\":\"ImageObject\",\"inLanguage\":\"es\",\"@id\":\"https:\\\/\\\/www.carloscastrofotografo.com\\\/blog\\\/efemerides-astronomicas-diciembre-2025\\\/#primaryimage\",\"url\":\"https:\\\/\\\/www.carloscastrofotografo.com\\\/blog\\\/wp-content\\\/uploads\\\/2025\\\/12\\\/efemerides-diciembre-2025.jpg\",\"contentUrl\":\"https:\\\/\\\/www.carloscastrofotografo.com\\\/blog\\\/wp-content\\\/uploads\\\/2025\\\/12\\\/efemerides-diciembre-2025.jpg\",\"width\":2048,\"height\":1118,\"caption\":\"efemerides diciembre 2025\"},{\"@type\":\"BreadcrumbList\",\"@id\":\"https:\\\/\\\/www.carloscastrofotografo.com\\\/blog\\\/efemerides-astronomicas-diciembre-2025\\\/#breadcrumb\",\"itemListElement\":[{\"@type\":\"ListItem\",\"position\":1,\"name\":\"Portada\",\"item\":\"https:\\\/\\\/www.carloscastrofotografo.com\\\/blog\\\/\"},{\"@type\":\"ListItem\",\"position\":2,\"name\":\"Efem\u00e9rides Astron\u00f3micas Diciembre 2025: \u00bfCometa Interestelar, Superluna y Gem\u00ednidas?\"}]},{\"@type\":\"WebSite\",\"@id\":\"https:\\\/\\\/www.carloscastrofotografo.com\\\/blog\\\/#website\",\"url\":\"https:\\\/\\\/www.carloscastrofotografo.com\\\/blog\\\/\",\"name\":\"Blog de Carlos Castro Fot\u00f3grafo\",\"description\":\"Todo sobre Fotograf\u00eda y V\u00eddeo, para apasionados de la imagen.\",\"publisher\":{\"@id\":\"https:\\\/\\\/www.carloscastrofotografo.com\\\/blog\\\/#\\\/schema\\\/person\\\/f2df3dbaf3422e563228db874428292d\"},\"potentialAction\":[{\"@type\":\"SearchAction\",\"target\":{\"@type\":\"EntryPoint\",\"urlTemplate\":\"https:\\\/\\\/www.carloscastrofotografo.com\\\/blog\\\/?s={search_term_string}\"},\"query-input\":{\"@type\":\"PropertyValueSpecification\",\"valueRequired\":true,\"valueName\":\"search_term_string\"}}],\"inLanguage\":\"es\"},{\"@type\":[\"Person\",\"Organization\"],\"@id\":\"https:\\\/\\\/www.carloscastrofotografo.com\\\/blog\\\/#\\\/schema\\\/person\\\/f2df3dbaf3422e563228db874428292d\",\"name\":\"Carlos Castro\",\"image\":{\"@type\":\"ImageObject\",\"inLanguage\":\"es\",\"@id\":\"https:\\\/\\\/secure.gravatar.com\\\/avatar\\\/dfdb382b872c007d17784b7cf24288a868cd90f2a34825da78d451a9ddbb4dfe?s=96&d=mm&r=g\",\"url\":\"https:\\\/\\\/secure.gravatar.com\\\/avatar\\\/dfdb382b872c007d17784b7cf24288a868cd90f2a34825da78d451a9ddbb4dfe?s=96&d=mm&r=g\",\"contentUrl\":\"https:\\\/\\\/secure.gravatar.com\\\/avatar\\\/dfdb382b872c007d17784b7cf24288a868cd90f2a34825da78d451a9ddbb4dfe?s=96&d=mm&r=g\",\"caption\":\"Carlos Castro\"},\"logo\":{\"@id\":\"https:\\\/\\\/secure.gravatar.com\\\/avatar\\\/dfdb382b872c007d17784b7cf24288a868cd90f2a34825da78d451a9ddbb4dfe?s=96&d=mm&r=g\"},\"description\":\"Fot\u00f3grafo, Videografo y apasionado de la tecnolog\u00eda. Cazador de tormentas y astrofot\u00f3grafo amateur.\",\"sameAs\":[\"https:\\\/\\\/www.carloscastrofotografo.com\",\"https:\\\/\\\/www.youtube.com\\\/carloscastrofotografo\"],\"url\":\"https:\\\/\\\/www.carloscastrofotografo.com\\\/blog\\\/author\\\/admin\\\/\"}]}<\/script>\n<!-- \/ Yoast SEO plugin. -->","yoast_head_json":{"title":"Efem\u00e9rides Astron\u00f3micas Diciembre 2025: Cometa Interestelar, Superluna y Gem\u00ednidas","description":"Descubre las efem\u00e9rides astron\u00f3micas de diciembre 2025. Gu\u00eda para fotografiar la Superluna, las Gem\u00ednidas y el misterioso cometa interestelar 3I\/ATLAS. \u00a1Entra y mira el v\u00eddeo!","robots":{"index":"index","follow":"follow","max-snippet":"max-snippet:-1","max-image-preview":"max-image-preview:large","max-video-preview":"max-video-preview:-1"},"canonical":"https:\/\/www.carloscastrofotografo.com\/blog\/efemerides-astronomicas-diciembre-2025\/","og_locale":"es_ES","og_type":"article","og_title":"Efem\u00e9rides Astron\u00f3micas Diciembre 2025: Cometa Interestelar, Superluna y Gem\u00ednidas","og_description":"Descubre las efem\u00e9rides astron\u00f3micas de diciembre 2025. Gu\u00eda para fotografiar la Superluna, las Gem\u00ednidas y el misterioso cometa interestelar 3I\/ATLAS. \u00a1Entra y mira el v\u00eddeo!","og_url":"https:\/\/www.carloscastrofotografo.com\/blog\/efemerides-astronomicas-diciembre-2025\/","og_site_name":"Blog de Carlos Castro Fot\u00f3grafo","article_published_time":"2025-12-01T20:54:31+00:00","article_modified_time":"2025-12-01T20:54:32+00:00","og_image":[{"width":2048,"height":1118,"url":"https:\/\/www.carloscastrofotografo.com\/blog\/wp-content\/uploads\/2025\/12\/efemerides-diciembre-2025.jpg","type":"image\/jpeg"}],"author":"Carlos Castro","twitter_card":"summary_large_image","twitter_misc":{"Escrito por":"Carlos Castro","Tiempo de lectura":"4 minutos"},"schema":{"@context":"https:\/\/schema.org","@graph":[{"@type":"Article","@id":"https:\/\/www.carloscastrofotografo.com\/blog\/efemerides-astronomicas-diciembre-2025\/#article","isPartOf":{"@id":"https:\/\/www.carloscastrofotografo.com\/blog\/efemerides-astronomicas-diciembre-2025\/"},"author":{"name":"Carlos Castro","@id":"https:\/\/www.carloscastrofotografo.com\/blog\/#\/schema\/person\/f2df3dbaf3422e563228db874428292d"},"headline":"Efem\u00e9rides Astron\u00f3micas Diciembre 2025: \u00bfCometa Interestelar, Superluna y Gem\u00ednidas?","datePublished":"2025-12-01T20:54:31+00:00","dateModified":"2025-12-01T20:54:32+00:00","mainEntityOfPage":{"@id":"https:\/\/www.carloscastrofotografo.com\/blog\/efemerides-astronomicas-diciembre-2025\/"},"wordCount":715,"commentCount":0,"publisher":{"@id":"https:\/\/www.carloscastrofotografo.com\/blog\/#\/schema\/person\/f2df3dbaf3422e563228db874428292d"},"image":{"@id":"https:\/\/www.carloscastrofotografo.com\/blog\/efemerides-astronomicas-diciembre-2025\/#primaryimage"},"thumbnailUrl":"https:\/\/www.carloscastrofotografo.com\/blog\/wp-content\/uploads\/2025\/12\/efemerides-diciembre-2025.jpg","keywords":["astrofotograf\u00eda","astronom\u00eda","calendario astron\u00f3mico 2025","carlos castro fot\u00f3grafo","cometa 3I\/ATLAS","cometa interestelar","cometa Wierzchos","c\u00f3mo fotografiar la luna","conjunci\u00f3n Marte cometa","efem\u00e9rides astron\u00f3micas diciembre 2025","fotograf\u00eda nocturna","Gem\u00ednidas 2025","lluvia de estrellas","solsticio de invierno","Superluna diciembre 2025"],"articleSection":["Astronom\u00eda","Noticias Variadas"],"inLanguage":"es","potentialAction":[{"@type":"CommentAction","name":"Comment","target":["https:\/\/www.carloscastrofotografo.com\/blog\/efemerides-astronomicas-diciembre-2025\/#respond"]}]},{"@type":"WebPage","@id":"https:\/\/www.carloscastrofotografo.com\/blog\/efemerides-astronomicas-diciembre-2025\/","url":"https:\/\/www.carloscastrofotografo.com\/blog\/efemerides-astronomicas-diciembre-2025\/","name":"Efem\u00e9rides Astron\u00f3micas Diciembre 2025: Cometa Interestelar, Superluna y Gem\u00ednidas","isPartOf":{"@id":"https:\/\/www.carloscastrofotografo.com\/blog\/#website"},"primaryImageOfPage":{"@id":"https:\/\/www.carloscastrofotografo.com\/blog\/efemerides-astronomicas-diciembre-2025\/#primaryimage"},"image":{"@id":"https:\/\/www.carloscastrofotografo.com\/blog\/efemerides-astronomicas-diciembre-2025\/#primaryimage"},"thumbnailUrl":"https:\/\/www.carloscastrofotografo.com\/blog\/wp-content\/uploads\/2025\/12\/efemerides-diciembre-2025.jpg","datePublished":"2025-12-01T20:54:31+00:00","dateModified":"2025-12-01T20:54:32+00:00","description":"Descubre las efem\u00e9rides astron\u00f3micas de diciembre 2025. Gu\u00eda para fotografiar la Superluna, las Gem\u00ednidas y el misterioso cometa interestelar 3I\/ATLAS. \u00a1Entra y mira el v\u00eddeo!","breadcrumb":{"@id":"https:\/\/www.carloscastrofotografo.com\/blog\/efemerides-astronomicas-diciembre-2025\/#breadcrumb"},"inLanguage":"es","potentialAction":[{"@type":"ReadAction","target":["https:\/\/www.carloscastrofotografo.com\/blog\/efemerides-astronomicas-diciembre-2025\/"]}]},{"@type":"ImageObject","inLanguage":"es","@id":"https:\/\/www.carloscastrofotografo.com\/blog\/efemerides-astronomicas-diciembre-2025\/#primaryimage","url":"https:\/\/www.carloscastrofotografo.com\/blog\/wp-content\/uploads\/2025\/12\/efemerides-diciembre-2025.jpg","contentUrl":"https:\/\/www.carloscastrofotografo.com\/blog\/wp-content\/uploads\/2025\/12\/efemerides-diciembre-2025.jpg","width":2048,"height":1118,"caption":"efemerides diciembre 2025"},{"@type":"BreadcrumbList","@id":"https:\/\/www.carloscastrofotografo.com\/blog\/efemerides-astronomicas-diciembre-2025\/#breadcrumb","itemListElement":[{"@type":"ListItem","position":1,"name":"Portada","item":"https:\/\/www.carloscastrofotografo.com\/blog\/"},{"@type":"ListItem","position":2,"name":"Efem\u00e9rides Astron\u00f3micas Diciembre 2025: \u00bfCometa Interestelar, Superluna y Gem\u00ednidas?"}]},{"@type":"WebSite","@id":"https:\/\/www.carloscastrofotografo.com\/blog\/#website","url":"https:\/\/www.carloscastrofotografo.com\/blog\/","name":"Blog de Carlos Castro Fot\u00f3grafo","description":"Todo sobre Fotograf\u00eda y V\u00eddeo, para apasionados de la imagen.","publisher":{"@id":"https:\/\/www.carloscastrofotografo.com\/blog\/#\/schema\/person\/f2df3dbaf3422e563228db874428292d"},"potentialAction":[{"@type":"SearchAction","target":{"@type":"EntryPoint","urlTemplate":"https:\/\/www.carloscastrofotografo.com\/blog\/?s={search_term_string}"},"query-input":{"@type":"PropertyValueSpecification","valueRequired":true,"valueName":"search_term_string"}}],"inLanguage":"es"},{"@type":["Person","Organization"],"@id":"https:\/\/www.carloscastrofotografo.com\/blog\/#\/schema\/person\/f2df3dbaf3422e563228db874428292d","name":"Carlos Castro","image":{"@type":"ImageObject","inLanguage":"es","@id":"https:\/\/secure.gravatar.com\/avatar\/dfdb382b872c007d17784b7cf24288a868cd90f2a34825da78d451a9ddbb4dfe?s=96&d=mm&r=g","url":"https:\/\/secure.gravatar.com\/avatar\/dfdb382b872c007d17784b7cf24288a868cd90f2a34825da78d451a9ddbb4dfe?s=96&d=mm&r=g","contentUrl":"https:\/\/secure.gravatar.com\/avatar\/dfdb382b872c007d17784b7cf24288a868cd90f2a34825da78d451a9ddbb4dfe?s=96&d=mm&r=g","caption":"Carlos Castro"},"logo":{"@id":"https:\/\/secure.gravatar.com\/avatar\/dfdb382b872c007d17784b7cf24288a868cd90f2a34825da78d451a9ddbb4dfe?s=96&d=mm&r=g"},"description":"Fot\u00f3grafo, Videografo y apasionado de la tecnolog\u00eda. Cazador de tormentas y astrofot\u00f3grafo amateur.","sameAs":["https:\/\/www.carloscastrofotografo.com","https:\/\/www.youtube.com\/carloscastrofotografo"],"url":"https:\/\/www.carloscastrofotografo.com\/blog\/author\/admin\/"}]}},"_links":{"self":[{"href":"https:\/\/www.carloscastrofotografo.com\/blog\/wp-json\/wp\/v2\/posts\/1148","targetHints":{"allow":["GET"]}}],"collection":[{"href":"https:\/\/www.carloscastrofotografo.com\/blog\/wp-json\/wp\/v2\/posts"}],"about":[{"href":"https:\/\/www.carloscastrofotografo.com\/blog\/wp-json\/wp\/v2\/types\/post"}],"author":[{"embeddable":true,"href":"https:\/\/www.carloscastrofotografo.com\/blog\/wp-json\/wp\/v2\/users\/1"}],"replies":[{"embeddable":true,"href":"https:\/\/www.carloscastrofotografo.com\/blog\/wp-json\/wp\/v2\/comments?post=1148"}],"version-history":[{"count":1,"href":"https:\/\/www.carloscastrofotografo.com\/blog\/wp-json\/wp\/v2\/posts\/1148\/revisions"}],"predecessor-version":[{"id":1150,"href":"https:\/\/www.carloscastrofotografo.com\/blog\/wp-json\/wp\/v2\/posts\/1148\/revisions\/1150"}],"wp:featuredmedia":[{"embeddable":true,"href":"https:\/\/www.carloscastrofotografo.com\/blog\/wp-json\/wp\/v2\/media\/1149"}],"wp:attachment":[{"href":"https:\/\/www.carloscastrofotografo.com\/blog\/wp-json\/wp\/v2\/media?parent=1148"}],"wp:term":[{"taxonomy":"category","embeddable":true,"href":"https:\/\/www.carloscastrofotografo.com\/blog\/wp-json\/wp\/v2\/categories?post=1148"},{"taxonomy":"post_tag","embeddable":true,"href":"https:\/\/www.carloscastrofotografo.com\/blog\/wp-json\/wp\/v2\/tags?post=1148"}],"curies":[{"name":"wp","href":"https:\/\/api.w.org\/{rel}","templated":true}]}}