{"id":1096,"date":"2025-10-09T09:59:37","date_gmt":"2025-10-09T07:59:37","guid":{"rendered":"https:\/\/www.carloscastrofotografo.com\/blog\/?p=1096"},"modified":"2025-10-09T10:02:09","modified_gmt":"2025-10-09T08:02:09","slug":"arnarstapi-islandia","status":"publish","type":"post","link":"https:\/\/www.carloscastrofotografo.com\/blog\/arnarstapi-islandia\/","title":{"rendered":"\ud83c\udf0b Arnarstapi: donde la tierra y el mar se enfrentan"},"content":{"rendered":"\n<p>Hay lugares que parecen creados para recordarte lo insignificante que eres frente a la naturaleza.<\/p>\n\n\n\n<p><strong>Arnarstapi<\/strong>, en la costa sur de la pen\u00ednsula de&nbsp;<strong>Sn\u00e6fellsnes (Islandia)<\/strong>, es uno de ellos. All\u00ed, los acantilados de basalto se levantan como una muralla negra frente al Atl\u00e1ntico, resistiendo el golpe constante de las olas y el viento.<\/p>\n\n\n\n<p>Llegu\u00e9 a este lugar en una ma\u00f1ana nublada, con ese cielo gris tan caracter\u00edstico de Islandia. El sonido del mar era lo \u00fanico que romp\u00eda el silencio. Frente a m\u00ed, un arco natural formado por columnas de basalto talladas por la erosi\u00f3n parec\u00eda una puerta hacia otro mundo.<\/p>\n\n\n\n<p>Decid\u00ed montar el tr\u00edpode y esperar a que el oleaje chocara justo en el momento perfecto. Cada ola contaba una historia distinta. Despu\u00e9s de varios intentos, consegu\u00ed&nbsp;<strong>la foto que buscaba: la fuerza del mar enfrent\u00e1ndose a la calma eterna de la roca.<\/strong><\/p>\n\n\n<div class=\"wp-block-image\">\n<figure class=\"aligncenter size-large is-resized td-caption-align-https:\/\/www.carloscastrofotografo.com\/blog\/wp-content\/uploads\/2025\/10\/arnastapi-islandia-1.jpg\"><img loading=\"lazy\" decoding=\"async\" width=\"819\" height=\"1024\" src=\"https:\/\/www.carloscastrofotografo.com\/blog\/wp-content\/uploads\/2025\/10\/arnastapi-islandia-1-819x1024.jpg\" alt=\"\" class=\"wp-image-1098\" style=\"width:819px;height:auto\" srcset=\"https:\/\/www.carloscastrofotografo.com\/blog\/wp-content\/uploads\/2025\/10\/arnastapi-islandia-1-819x1024.jpg 819w, https:\/\/www.carloscastrofotografo.com\/blog\/wp-content\/uploads\/2025\/10\/arnastapi-islandia-1-240x300.jpg 240w, https:\/\/www.carloscastrofotografo.com\/blog\/wp-content\/uploads\/2025\/10\/arnastapi-islandia-1-768x960.jpg 768w, https:\/\/www.carloscastrofotografo.com\/blog\/wp-content\/uploads\/2025\/10\/arnastapi-islandia-1-696x870.jpg 696w, https:\/\/www.carloscastrofotografo.com\/blog\/wp-content\/uploads\/2025\/10\/arnastapi-islandia-1-1068x1335.jpg 1068w, https:\/\/www.carloscastrofotografo.com\/blog\/wp-content\/uploads\/2025\/10\/arnastapi-islandia-1-336x420.jpg 336w, https:\/\/www.carloscastrofotografo.com\/blog\/wp-content\/uploads\/2025\/10\/arnastapi-islandia-1.jpg 1080w\" sizes=\"auto, (max-width: 819px) 100vw, 819px\" \/><figcaption class=\"wp-element-caption\">Columnas de basalto en Arnarstapi, Islandia, fotografiadas por Carlos Castro con una Sony A7 III<\/figcaption><\/figure>\n<\/div>\n\n\n<hr class=\"wp-block-separator has-alpha-channel-opacity\"\/>\n\n\n\n<h2 class=\"wp-block-heading\"><strong>\ud83d\udcf8 Los ajustes detr\u00e1s de la imagen<\/strong><\/h2>\n\n\n\n<p>Para los que disfrut\u00e1is de la parte t\u00e9cnica, la fotograf\u00eda fue capturada con mi&nbsp;<strong>Sony A7 III<\/strong>&nbsp;y el&nbsp;<strong>Sony 24-105mm f\/4 G OSS<\/strong>, una combinaci\u00f3n que siempre me ofrece nitidez y versatilidad.<\/p>\n\n\n\n<ul class=\"wp-block-list\">\n<li><strong>Ajustes:<\/strong>&nbsp;ISO 100 | f\/4 | 1\/1250 s | 70 mm<\/li>\n<\/ul>\n\n\n\n<p>El resultado fue una imagen llena de textura, donde cada columna de basalto y cada gota del mar parec\u00edan cobrar vida.<\/p>\n\n\n\n<hr class=\"wp-block-separator has-alpha-channel-opacity\"\/>\n\n\n\n<h2 class=\"wp-block-heading\"><strong>\ud83c\udf0d Islandia, el para\u00edso del fot\u00f3grafo<\/strong><\/h2>\n\n\n\n<p>Arnarstapi es solo una peque\u00f1a muestra de lo que ofrece Islandia. Cada rinc\u00f3n del pa\u00eds parece sacado de una pel\u00edcula: cascadas infinitas, glaciares, monta\u00f1as cubiertas de musgo y playas negras que parecen de otro planeta.<\/p>\n\n\n\n<p>Si eres fot\u00f3grafo de paisaje, Islandia te obliga a detenerte, observar y sentir. No basta con hacer clic; hay que vivirlo.<\/p>\n\n\n\n<!-- Contenedor responsive 16:9 -->\n<div style=\"position:relative;padding-bottom:56.25%;height:0;overflow:hidden;border-radius:12px;\">\n  <iframe\n    title=\"Mapa de Arnarstapi, Islandia\"\n    src=\"https:\/\/www.google.com\/maps?q=Arnarstapi%2C%20Iceland&#038;hl=es&#038;z=12&#038;output=embed\"\n    style=\"position:absolute;top:0;left:0;width:100%;height:100%;border:0;\"\n    loading=\"lazy\"\n    referrerpolicy=\"no-referrer-when-downgrade\"\n    allowfullscreen>\n  <\/iframe>\n<\/div>\n\n\n\n<hr class=\"wp-block-separator has-alpha-channel-opacity\"\/>\n\n\n\n<h2 class=\"wp-block-heading\"><strong>\ud83d\udcad Reflexi\u00f3n final<\/strong><\/h2>\n\n\n\n<p>Esa ma\u00f1ana en Arnarstapi entend\u00ed que la fotograf\u00eda no siempre trata de capturar lo m\u00e1s espectacular, sino&nbsp;<strong>lo que te hace sentir<\/strong>. A veces, la combinaci\u00f3n del viento, el fr\u00edo y el sonido del mar es suficiente para que una imagen cobre sentido.<\/p>\n\n\n\n<hr class=\"wp-block-separator has-alpha-channel-opacity\"\/>\n\n\n\n<p><strong>\ud83d\udccdEquipo utilizado:<\/strong><\/p>\n\n\n\n<ul class=\"wp-block-list\">\n<li>Sony A7 III<\/li>\n\n\n\n<li>Sony 24-105mm f\/4 G OSS<\/li>\n\n\n\n<li>Tr\u00edpode compacto de viaje<\/li>\n\n\n\n<li>Filtro polarizador<\/li>\n<\/ul>\n\n\n\n<p><\/p>\n","protected":false},"excerpt":{"rendered":"<p>Hay lugares que parecen creados para recordarte lo insignificante que eres frente a la naturaleza. Arnarstapi, en la costa sur de la pen\u00ednsula de&nbsp;Sn\u00e6fellsnes (Islandia), es uno de ellos. All\u00ed, los acantilados de basalto se levantan como una muralla negra frente al Atl\u00e1ntico, resistiendo el golpe constante de las olas y el viento. Llegu\u00e9 a [&hellip;]<\/p>\n","protected":false},"author":1,"featured_media":1097,"comment_status":"open","ping_status":"open","sticky":false,"template":"","format":"standard","meta":{"footnotes":""},"categories":[15],"tags":[1069,1064,1066,1060,531,1061,1067,1063,1065,845,71,1062,1068],"class_list":{"0":"post-1096","1":"post","2":"type-post","3":"status-publish","4":"format-standard","5":"has-post-thumbnail","7":"category-viajes-foto","8":"tag-arnarstapi","9":"tag-arnarstapi-islandia","10":"tag-basalto","11":"tag-columnas-de-basalto","12":"tag-fotografia-de-paisaje","13":"tag-fotografia-en-islandia","14":"tag-islandia","15":"tag-islandia-para-fotografos","16":"tag-lugares-fotograficos-de-islandia","17":"tag-naturaleza","18":"tag-sony-a7-iii","19":"tag-viaje-fotografico-a-islandia","20":"tag-viajes-fotograficos-2"},"yoast_head":"<!-- This site is optimized with the Yoast SEO plugin v27.4 - https:\/\/yoast.com\/product\/yoast-seo-wordpress\/ -->\n<title>Arnarstapi, Islandia: la fuerza del mar y la roca<\/title>\n<meta name=\"description\" content=\"Descubre Arnarstapi, uno de los lugares m\u00e1s impresionantes de Islandia. Te cuento la historia detr\u00e1s de mi fotograf\u00eda de las columnas de basalto y c\u00f3mo logr\u00e9 capturar la fuerza del mar en una imagen.\" \/>\n<meta name=\"robots\" content=\"index, follow, max-snippet:-1, max-image-preview:large, max-video-preview:-1\" \/>\n<link rel=\"canonical\" href=\"https:\/\/www.carloscastrofotografo.com\/blog\/arnarstapi-islandia\/\" \/>\n<meta property=\"og:locale\" content=\"es_ES\" \/>\n<meta property=\"og:type\" content=\"article\" \/>\n<meta property=\"og:title\" content=\"Arnarstapi, Islandia: la fuerza del mar y la roca\" \/>\n<meta property=\"og:description\" content=\"Descubre Arnarstapi, uno de los lugares m\u00e1s impresionantes de Islandia. Te cuento la historia detr\u00e1s de mi fotograf\u00eda de las columnas de basalto y c\u00f3mo logr\u00e9 capturar la fuerza del mar en una imagen.\" \/>\n<meta property=\"og:url\" content=\"https:\/\/www.carloscastrofotografo.com\/blog\/arnarstapi-islandia\/\" \/>\n<meta property=\"og:site_name\" content=\"Blog de Carlos Castro Fot\u00f3grafo\" \/>\n<meta property=\"article:published_time\" content=\"2025-10-09T07:59:37+00:00\" \/>\n<meta property=\"article:modified_time\" content=\"2025-10-09T08:02:09+00:00\" \/>\n<meta property=\"og:image\" content=\"https:\/\/www.carloscastrofotografo.com\/blog\/wp-content\/uploads\/2025\/10\/arnastapi-islandia.jpg\" \/>\n\t<meta property=\"og:image:width\" content=\"1080\" \/>\n\t<meta property=\"og:image:height\" content=\"1350\" \/>\n\t<meta property=\"og:image:type\" content=\"image\/jpeg\" \/>\n<meta name=\"author\" content=\"Carlos Castro\" \/>\n<meta name=\"twitter:card\" content=\"summary_large_image\" \/>\n<meta name=\"twitter:label1\" content=\"Escrito por\" \/>\n\t<meta name=\"twitter:data1\" content=\"Carlos Castro\" \/>\n\t<meta name=\"twitter:label2\" content=\"Tiempo de lectura\" \/>\n\t<meta name=\"twitter:data2\" content=\"3 minutos\" \/>\n<script type=\"application\/ld+json\" class=\"yoast-schema-graph\">{\"@context\":\"https:\\\/\\\/schema.org\",\"@graph\":[{\"@type\":\"Article\",\"@id\":\"https:\\\/\\\/www.carloscastrofotografo.com\\\/blog\\\/arnarstapi-islandia\\\/#article\",\"isPartOf\":{\"@id\":\"https:\\\/\\\/www.carloscastrofotografo.com\\\/blog\\\/arnarstapi-islandia\\\/\"},\"author\":{\"name\":\"Carlos Castro\",\"@id\":\"https:\\\/\\\/www.carloscastrofotografo.com\\\/blog\\\/#\\\/schema\\\/person\\\/f2df3dbaf3422e563228db874428292d\"},\"headline\":\"\ud83c\udf0b Arnarstapi: donde la tierra y el mar se enfrentan\",\"datePublished\":\"2025-10-09T07:59:37+00:00\",\"dateModified\":\"2025-10-09T08:02:09+00:00\",\"mainEntityOfPage\":{\"@id\":\"https:\\\/\\\/www.carloscastrofotografo.com\\\/blog\\\/arnarstapi-islandia\\\/\"},\"wordCount\":397,\"commentCount\":0,\"publisher\":{\"@id\":\"https:\\\/\\\/www.carloscastrofotografo.com\\\/blog\\\/#\\\/schema\\\/person\\\/f2df3dbaf3422e563228db874428292d\"},\"image\":{\"@id\":\"https:\\\/\\\/www.carloscastrofotografo.com\\\/blog\\\/arnarstapi-islandia\\\/#primaryimage\"},\"thumbnailUrl\":\"https:\\\/\\\/www.carloscastrofotografo.com\\\/blog\\\/wp-content\\\/uploads\\\/2025\\\/10\\\/arnastapi-islandia.jpg\",\"keywords\":[\"Arnarstapi\",\"arnarstapi islandia\",\"Basalto\",\"columnas de basalto\",\"fotograf\u00eda de paisaje\",\"fotograf\u00eda en islandia\",\"Islandia\",\"islandia para fot\u00f3grafos\",\"lugares fotogr\u00e1ficos de islandia\",\"naturaleza\",\"sony a7 iii\",\"viaje fotogr\u00e1fico a islandia\",\"Viajes fotogr\u00e1ficos\"],\"articleSection\":[\"Viajes\"],\"inLanguage\":\"es\",\"potentialAction\":[{\"@type\":\"CommentAction\",\"name\":\"Comment\",\"target\":[\"https:\\\/\\\/www.carloscastrofotografo.com\\\/blog\\\/arnarstapi-islandia\\\/#respond\"]}]},{\"@type\":\"WebPage\",\"@id\":\"https:\\\/\\\/www.carloscastrofotografo.com\\\/blog\\\/arnarstapi-islandia\\\/\",\"url\":\"https:\\\/\\\/www.carloscastrofotografo.com\\\/blog\\\/arnarstapi-islandia\\\/\",\"name\":\"Arnarstapi, Islandia: la fuerza del mar y la roca\",\"isPartOf\":{\"@id\":\"https:\\\/\\\/www.carloscastrofotografo.com\\\/blog\\\/#website\"},\"primaryImageOfPage\":{\"@id\":\"https:\\\/\\\/www.carloscastrofotografo.com\\\/blog\\\/arnarstapi-islandia\\\/#primaryimage\"},\"image\":{\"@id\":\"https:\\\/\\\/www.carloscastrofotografo.com\\\/blog\\\/arnarstapi-islandia\\\/#primaryimage\"},\"thumbnailUrl\":\"https:\\\/\\\/www.carloscastrofotografo.com\\\/blog\\\/wp-content\\\/uploads\\\/2025\\\/10\\\/arnastapi-islandia.jpg\",\"datePublished\":\"2025-10-09T07:59:37+00:00\",\"dateModified\":\"2025-10-09T08:02:09+00:00\",\"description\":\"Descubre Arnarstapi, uno de los lugares m\u00e1s impresionantes de Islandia. Te cuento la historia detr\u00e1s de mi fotograf\u00eda de las columnas de basalto y c\u00f3mo logr\u00e9 capturar la fuerza del mar en una imagen.\",\"breadcrumb\":{\"@id\":\"https:\\\/\\\/www.carloscastrofotografo.com\\\/blog\\\/arnarstapi-islandia\\\/#breadcrumb\"},\"inLanguage\":\"es\",\"potentialAction\":[{\"@type\":\"ReadAction\",\"target\":[\"https:\\\/\\\/www.carloscastrofotografo.com\\\/blog\\\/arnarstapi-islandia\\\/\"]}]},{\"@type\":\"ImageObject\",\"inLanguage\":\"es\",\"@id\":\"https:\\\/\\\/www.carloscastrofotografo.com\\\/blog\\\/arnarstapi-islandia\\\/#primaryimage\",\"url\":\"https:\\\/\\\/www.carloscastrofotografo.com\\\/blog\\\/wp-content\\\/uploads\\\/2025\\\/10\\\/arnastapi-islandia.jpg\",\"contentUrl\":\"https:\\\/\\\/www.carloscastrofotografo.com\\\/blog\\\/wp-content\\\/uploads\\\/2025\\\/10\\\/arnastapi-islandia.jpg\",\"width\":1080,\"height\":1350,\"caption\":\"arnarstapi islandia\"},{\"@type\":\"BreadcrumbList\",\"@id\":\"https:\\\/\\\/www.carloscastrofotografo.com\\\/blog\\\/arnarstapi-islandia\\\/#breadcrumb\",\"itemListElement\":[{\"@type\":\"ListItem\",\"position\":1,\"name\":\"Portada\",\"item\":\"https:\\\/\\\/www.carloscastrofotografo.com\\\/blog\\\/\"},{\"@type\":\"ListItem\",\"position\":2,\"name\":\"\ud83c\udf0b Arnarstapi: donde la tierra y el mar se enfrentan\"}]},{\"@type\":\"WebSite\",\"@id\":\"https:\\\/\\\/www.carloscastrofotografo.com\\\/blog\\\/#website\",\"url\":\"https:\\\/\\\/www.carloscastrofotografo.com\\\/blog\\\/\",\"name\":\"Blog de Carlos Castro Fot\u00f3grafo\",\"description\":\"Todo sobre Fotograf\u00eda y V\u00eddeo, para apasionados de la imagen.\",\"publisher\":{\"@id\":\"https:\\\/\\\/www.carloscastrofotografo.com\\\/blog\\\/#\\\/schema\\\/person\\\/f2df3dbaf3422e563228db874428292d\"},\"potentialAction\":[{\"@type\":\"SearchAction\",\"target\":{\"@type\":\"EntryPoint\",\"urlTemplate\":\"https:\\\/\\\/www.carloscastrofotografo.com\\\/blog\\\/?s={search_term_string}\"},\"query-input\":{\"@type\":\"PropertyValueSpecification\",\"valueRequired\":true,\"valueName\":\"search_term_string\"}}],\"inLanguage\":\"es\"},{\"@type\":[\"Person\",\"Organization\"],\"@id\":\"https:\\\/\\\/www.carloscastrofotografo.com\\\/blog\\\/#\\\/schema\\\/person\\\/f2df3dbaf3422e563228db874428292d\",\"name\":\"Carlos Castro\",\"image\":{\"@type\":\"ImageObject\",\"inLanguage\":\"es\",\"@id\":\"https:\\\/\\\/secure.gravatar.com\\\/avatar\\\/dfdb382b872c007d17784b7cf24288a868cd90f2a34825da78d451a9ddbb4dfe?s=96&d=mm&r=g\",\"url\":\"https:\\\/\\\/secure.gravatar.com\\\/avatar\\\/dfdb382b872c007d17784b7cf24288a868cd90f2a34825da78d451a9ddbb4dfe?s=96&d=mm&r=g\",\"contentUrl\":\"https:\\\/\\\/secure.gravatar.com\\\/avatar\\\/dfdb382b872c007d17784b7cf24288a868cd90f2a34825da78d451a9ddbb4dfe?s=96&d=mm&r=g\",\"caption\":\"Carlos Castro\"},\"logo\":{\"@id\":\"https:\\\/\\\/secure.gravatar.com\\\/avatar\\\/dfdb382b872c007d17784b7cf24288a868cd90f2a34825da78d451a9ddbb4dfe?s=96&d=mm&r=g\"},\"description\":\"Fot\u00f3grafo, Videografo y apasionado de la tecnolog\u00eda. Cazador de tormentas y astrofot\u00f3grafo amateur.\",\"sameAs\":[\"https:\\\/\\\/www.carloscastrofotografo.com\",\"https:\\\/\\\/www.youtube.com\\\/carloscastrofotografo\"],\"url\":\"https:\\\/\\\/www.carloscastrofotografo.com\\\/blog\\\/author\\\/admin\\\/\"}]}<\/script>\n<!-- \/ Yoast SEO plugin. -->","yoast_head_json":{"title":"Arnarstapi, Islandia: la fuerza del mar y la roca","description":"Descubre Arnarstapi, uno de los lugares m\u00e1s impresionantes de Islandia. Te cuento la historia detr\u00e1s de mi fotograf\u00eda de las columnas de basalto y c\u00f3mo logr\u00e9 capturar la fuerza del mar en una imagen.","robots":{"index":"index","follow":"follow","max-snippet":"max-snippet:-1","max-image-preview":"max-image-preview:large","max-video-preview":"max-video-preview:-1"},"canonical":"https:\/\/www.carloscastrofotografo.com\/blog\/arnarstapi-islandia\/","og_locale":"es_ES","og_type":"article","og_title":"Arnarstapi, Islandia: la fuerza del mar y la roca","og_description":"Descubre Arnarstapi, uno de los lugares m\u00e1s impresionantes de Islandia. Te cuento la historia detr\u00e1s de mi fotograf\u00eda de las columnas de basalto y c\u00f3mo logr\u00e9 capturar la fuerza del mar en una imagen.","og_url":"https:\/\/www.carloscastrofotografo.com\/blog\/arnarstapi-islandia\/","og_site_name":"Blog de Carlos Castro Fot\u00f3grafo","article_published_time":"2025-10-09T07:59:37+00:00","article_modified_time":"2025-10-09T08:02:09+00:00","og_image":[{"width":1080,"height":1350,"url":"https:\/\/www.carloscastrofotografo.com\/blog\/wp-content\/uploads\/2025\/10\/arnastapi-islandia.jpg","type":"image\/jpeg"}],"author":"Carlos Castro","twitter_card":"summary_large_image","twitter_misc":{"Escrito por":"Carlos Castro","Tiempo de lectura":"3 minutos"},"schema":{"@context":"https:\/\/schema.org","@graph":[{"@type":"Article","@id":"https:\/\/www.carloscastrofotografo.com\/blog\/arnarstapi-islandia\/#article","isPartOf":{"@id":"https:\/\/www.carloscastrofotografo.com\/blog\/arnarstapi-islandia\/"},"author":{"name":"Carlos Castro","@id":"https:\/\/www.carloscastrofotografo.com\/blog\/#\/schema\/person\/f2df3dbaf3422e563228db874428292d"},"headline":"\ud83c\udf0b Arnarstapi: donde la tierra y el mar se enfrentan","datePublished":"2025-10-09T07:59:37+00:00","dateModified":"2025-10-09T08:02:09+00:00","mainEntityOfPage":{"@id":"https:\/\/www.carloscastrofotografo.com\/blog\/arnarstapi-islandia\/"},"wordCount":397,"commentCount":0,"publisher":{"@id":"https:\/\/www.carloscastrofotografo.com\/blog\/#\/schema\/person\/f2df3dbaf3422e563228db874428292d"},"image":{"@id":"https:\/\/www.carloscastrofotografo.com\/blog\/arnarstapi-islandia\/#primaryimage"},"thumbnailUrl":"https:\/\/www.carloscastrofotografo.com\/blog\/wp-content\/uploads\/2025\/10\/arnastapi-islandia.jpg","keywords":["Arnarstapi","arnarstapi islandia","Basalto","columnas de basalto","fotograf\u00eda de paisaje","fotograf\u00eda en islandia","Islandia","islandia para fot\u00f3grafos","lugares fotogr\u00e1ficos de islandia","naturaleza","sony a7 iii","viaje fotogr\u00e1fico a islandia","Viajes fotogr\u00e1ficos"],"articleSection":["Viajes"],"inLanguage":"es","potentialAction":[{"@type":"CommentAction","name":"Comment","target":["https:\/\/www.carloscastrofotografo.com\/blog\/arnarstapi-islandia\/#respond"]}]},{"@type":"WebPage","@id":"https:\/\/www.carloscastrofotografo.com\/blog\/arnarstapi-islandia\/","url":"https:\/\/www.carloscastrofotografo.com\/blog\/arnarstapi-islandia\/","name":"Arnarstapi, Islandia: la fuerza del mar y la roca","isPartOf":{"@id":"https:\/\/www.carloscastrofotografo.com\/blog\/#website"},"primaryImageOfPage":{"@id":"https:\/\/www.carloscastrofotografo.com\/blog\/arnarstapi-islandia\/#primaryimage"},"image":{"@id":"https:\/\/www.carloscastrofotografo.com\/blog\/arnarstapi-islandia\/#primaryimage"},"thumbnailUrl":"https:\/\/www.carloscastrofotografo.com\/blog\/wp-content\/uploads\/2025\/10\/arnastapi-islandia.jpg","datePublished":"2025-10-09T07:59:37+00:00","dateModified":"2025-10-09T08:02:09+00:00","description":"Descubre Arnarstapi, uno de los lugares m\u00e1s impresionantes de Islandia. Te cuento la historia detr\u00e1s de mi fotograf\u00eda de las columnas de basalto y c\u00f3mo logr\u00e9 capturar la fuerza del mar en una imagen.","breadcrumb":{"@id":"https:\/\/www.carloscastrofotografo.com\/blog\/arnarstapi-islandia\/#breadcrumb"},"inLanguage":"es","potentialAction":[{"@type":"ReadAction","target":["https:\/\/www.carloscastrofotografo.com\/blog\/arnarstapi-islandia\/"]}]},{"@type":"ImageObject","inLanguage":"es","@id":"https:\/\/www.carloscastrofotografo.com\/blog\/arnarstapi-islandia\/#primaryimage","url":"https:\/\/www.carloscastrofotografo.com\/blog\/wp-content\/uploads\/2025\/10\/arnastapi-islandia.jpg","contentUrl":"https:\/\/www.carloscastrofotografo.com\/blog\/wp-content\/uploads\/2025\/10\/arnastapi-islandia.jpg","width":1080,"height":1350,"caption":"arnarstapi islandia"},{"@type":"BreadcrumbList","@id":"https:\/\/www.carloscastrofotografo.com\/blog\/arnarstapi-islandia\/#breadcrumb","itemListElement":[{"@type":"ListItem","position":1,"name":"Portada","item":"https:\/\/www.carloscastrofotografo.com\/blog\/"},{"@type":"ListItem","position":2,"name":"\ud83c\udf0b Arnarstapi: donde la tierra y el mar se enfrentan"}]},{"@type":"WebSite","@id":"https:\/\/www.carloscastrofotografo.com\/blog\/#website","url":"https:\/\/www.carloscastrofotografo.com\/blog\/","name":"Blog de Carlos Castro Fot\u00f3grafo","description":"Todo sobre Fotograf\u00eda y V\u00eddeo, para apasionados de la imagen.","publisher":{"@id":"https:\/\/www.carloscastrofotografo.com\/blog\/#\/schema\/person\/f2df3dbaf3422e563228db874428292d"},"potentialAction":[{"@type":"SearchAction","target":{"@type":"EntryPoint","urlTemplate":"https:\/\/www.carloscastrofotografo.com\/blog\/?s={search_term_string}"},"query-input":{"@type":"PropertyValueSpecification","valueRequired":true,"valueName":"search_term_string"}}],"inLanguage":"es"},{"@type":["Person","Organization"],"@id":"https:\/\/www.carloscastrofotografo.com\/blog\/#\/schema\/person\/f2df3dbaf3422e563228db874428292d","name":"Carlos Castro","image":{"@type":"ImageObject","inLanguage":"es","@id":"https:\/\/secure.gravatar.com\/avatar\/dfdb382b872c007d17784b7cf24288a868cd90f2a34825da78d451a9ddbb4dfe?s=96&d=mm&r=g","url":"https:\/\/secure.gravatar.com\/avatar\/dfdb382b872c007d17784b7cf24288a868cd90f2a34825da78d451a9ddbb4dfe?s=96&d=mm&r=g","contentUrl":"https:\/\/secure.gravatar.com\/avatar\/dfdb382b872c007d17784b7cf24288a868cd90f2a34825da78d451a9ddbb4dfe?s=96&d=mm&r=g","caption":"Carlos Castro"},"logo":{"@id":"https:\/\/secure.gravatar.com\/avatar\/dfdb382b872c007d17784b7cf24288a868cd90f2a34825da78d451a9ddbb4dfe?s=96&d=mm&r=g"},"description":"Fot\u00f3grafo, Videografo y apasionado de la tecnolog\u00eda. Cazador de tormentas y astrofot\u00f3grafo amateur.","sameAs":["https:\/\/www.carloscastrofotografo.com","https:\/\/www.youtube.com\/carloscastrofotografo"],"url":"https:\/\/www.carloscastrofotografo.com\/blog\/author\/admin\/"}]}},"_links":{"self":[{"href":"https:\/\/www.carloscastrofotografo.com\/blog\/wp-json\/wp\/v2\/posts\/1096","targetHints":{"allow":["GET"]}}],"collection":[{"href":"https:\/\/www.carloscastrofotografo.com\/blog\/wp-json\/wp\/v2\/posts"}],"about":[{"href":"https:\/\/www.carloscastrofotografo.com\/blog\/wp-json\/wp\/v2\/types\/post"}],"author":[{"embeddable":true,"href":"https:\/\/www.carloscastrofotografo.com\/blog\/wp-json\/wp\/v2\/users\/1"}],"replies":[{"embeddable":true,"href":"https:\/\/www.carloscastrofotografo.com\/blog\/wp-json\/wp\/v2\/comments?post=1096"}],"version-history":[{"count":2,"href":"https:\/\/www.carloscastrofotografo.com\/blog\/wp-json\/wp\/v2\/posts\/1096\/revisions"}],"predecessor-version":[{"id":1100,"href":"https:\/\/www.carloscastrofotografo.com\/blog\/wp-json\/wp\/v2\/posts\/1096\/revisions\/1100"}],"wp:featuredmedia":[{"embeddable":true,"href":"https:\/\/www.carloscastrofotografo.com\/blog\/wp-json\/wp\/v2\/media\/1097"}],"wp:attachment":[{"href":"https:\/\/www.carloscastrofotografo.com\/blog\/wp-json\/wp\/v2\/media?parent=1096"}],"wp:term":[{"taxonomy":"category","embeddable":true,"href":"https:\/\/www.carloscastrofotografo.com\/blog\/wp-json\/wp\/v2\/categories?post=1096"},{"taxonomy":"post_tag","embeddable":true,"href":"https:\/\/www.carloscastrofotografo.com\/blog\/wp-json\/wp\/v2\/tags?post=1096"}],"curies":[{"name":"wp","href":"https:\/\/api.w.org\/{rel}","templated":true}]}}