{"id":1047,"date":"2025-09-01T00:10:57","date_gmt":"2025-08-31T22:10:57","guid":{"rendered":"https:\/\/www.carloscastrofotografo.com\/blog\/?p=1047"},"modified":"2025-09-01T00:10:58","modified_gmt":"2025-08-31T22:10:58","slug":"efemerides-astronomicas-septiembre-2025","status":"publish","type":"post","link":"https:\/\/www.carloscastrofotografo.com\/blog\/efemerides-astronomicas-septiembre-2025\/","title":{"rendered":"Efem\u00e9rides astron\u00f3micas de septiembre 2025: Eclipse total de Luna, conjunciones planetarias y m\u00e1s"},"content":{"rendered":"\n<p>El mes de septiembre de 2025 viene cargado de espectaculares eventos astron\u00f3micos que no querr\u00e1s perderte. Desde un&nbsp;<strong>eclipse total de Luna<\/strong>&nbsp;visible en gran parte del mundo, hasta conjunciones cercanas con planetas como Saturno, J\u00fapiter, Venus o Marte. Tambi\u00e9n viviremos un&nbsp;<strong>eclipse parcial de Sol<\/strong>, las&nbsp;<strong>oposiciones de Saturno y Neptuno<\/strong>, y el&nbsp;<strong>equinoccio de septiembre<\/strong>, que marca el comienzo del oto\u00f1o en el hemisferio norte.<\/p>\n\n\n\n<p>En este art\u00edculo te explico, uno a uno, todos los fen\u00f3menos astron\u00f3micos destacados del mes, c\u00f3mo y cu\u00e1ndo verlos, y consejos para observarlos o fotografiarlos.<\/p>\n\n\n\n<figure class=\"wp-block-embed aligncenter is-type-video is-provider-youtube wp-block-embed-youtube wp-embed-aspect-16-9 wp-has-aspect-ratio\"><div class=\"wp-block-embed__wrapper\">\n<iframe loading=\"lazy\" title=\"\ud83d\udd3a\u00bfQUE VER en EL CIELO NOCTURNO de SEPTIEMBRE 2025? | Efemerides Astronomicas #43 | Eclipse de Luna\" width=\"696\" height=\"392\" src=\"https:\/\/www.youtube.com\/embed\/2NhYj8ZCUXo?feature=oembed\" frameborder=\"0\" allow=\"accelerometer; autoplay; clipboard-write; encrypted-media; gyroscope; picture-in-picture; web-share\" referrerpolicy=\"strict-origin-when-cross-origin\" allowfullscreen><\/iframe>\n<\/div><\/figure>\n\n\n\n<hr class=\"wp-block-separator has-alpha-channel-opacity\"\/>\n\n\n\n<h2 class=\"wp-block-heading\"><strong>\ud83c\udf15 7-8 de septiembre: Luna Llena y eclipse total de Luna<\/strong><\/h2>\n\n\n\n<p>La Luna estar\u00e1 completamente iluminada por el Sol el&nbsp;<strong>7 de septiembre<\/strong>&nbsp;a las&nbsp;<strong>18:10 UTC<\/strong>. Pero esta Luna Llena viene con un extra: un&nbsp;<strong>eclipse total de Luna<\/strong>&nbsp;que ser\u00e1 visible desde&nbsp;<strong>Europa, \u00c1frica, Asia, Ocean\u00eda y la Ant\u00e1rtida<\/strong>.<\/p>\n\n\n\n<h3 class=\"wp-block-heading\"><strong>\u23f1 Horarios clave del eclipse:<\/strong><\/h3>\n\n\n\n<ul class=\"wp-block-list\">\n<li>Inicio del eclipse:\u00a0<strong>15:29 UTC<\/strong><\/li>\n\n\n\n<li>M\u00e1ximo del eclipse:\u00a0<strong>18:12 UTC<\/strong><\/li>\n\n\n\n<li>Fin del eclipse:\u00a0<strong>20:56 UTC<\/strong><\/li>\n<\/ul>\n\n\n\n<p>Durante este fen\u00f3meno, la Luna se te\u00f1ir\u00e1 de un tono rojizo al pasar por la sombra de la Tierra. Un espect\u00e1culo visual perfecto para&nbsp;<strong>observar a simple vista, fotografiar con teleobjetivo o capturar junto al paisaje<\/strong>&nbsp;si planificas bien la escena.<\/p>\n\n\n\n<p>\ud83d\udcf1 Te recomiendo usar&nbsp;<strong>PhotoPills (secci\u00f3n 14)<\/strong>&nbsp;para saber si el eclipse ser\u00e1 visible desde tu localizaci\u00f3n exacta.<\/p>\n\n\n\n<hr class=\"wp-block-separator has-alpha-channel-opacity\"\/>\n\n\n\n<h2 class=\"wp-block-heading\"><strong>\ud83e\ude90 8 de septiembre: Oposici\u00f3n de Saturno y conjunci\u00f3n con la Luna<\/strong><\/h2>\n\n\n\n<p>Este d\u00eda est\u00e1 marcado por dos eventos relacionados con&nbsp;<strong>Saturno<\/strong>:<\/p>\n\n\n\n<h3 class=\"wp-block-heading\"><strong>\ud83d\udfe3 Oposici\u00f3n de Saturno<\/strong><\/h3>\n\n\n\n<p>A las&nbsp;<strong>05:37 UTC<\/strong>, Saturno estar\u00e1&nbsp;<strong>en oposici\u00f3n<\/strong>, es decir, alineado con la Tierra y el Sol. Estar\u00e1 en su punto m\u00e1s cercano a nosotros, con&nbsp;<strong>magnitud 0,6<\/strong>, y&nbsp;<strong>visible toda la noche<\/strong>. Es el mejor momento del a\u00f1o para&nbsp;<strong>observar los anillos de Saturno<\/strong>, que estar\u00e1n inclinados a 13\u00b0, su m\u00e1xima inclinaci\u00f3n visible en a\u00f1os.<\/p>\n\n\n\n<p>\ud83d\udd2d Aunque a simple vista se ver\u00e1 como un punto brillante, con&nbsp;<strong>un telescopio incluso peque\u00f1o<\/strong>&nbsp;puedes apreciar sus anillos con nitidez.<\/p>\n\n\n\n<h3 class=\"wp-block-heading\"><strong>\ud83c\udf15 Conjunci\u00f3n Luna-Saturno<\/strong><\/h3>\n\n\n\n<p>Esa misma noche, a las&nbsp;<strong>20:20 UTC<\/strong>, la Luna (fase 98,4%) pasar\u00e1 a solo&nbsp;<strong>3,6\u00b0 al norte de Saturno<\/strong>, ofreciendo una conjunci\u00f3n fotog\u00e9nica perfecta para capturar con teleobjetivo o binoculares.<\/p>\n\n\n\n<hr class=\"wp-block-separator has-alpha-channel-opacity\"\/>\n\n\n\n<h2 class=\"wp-block-heading\"><strong>\ud83c\udf14 16 de septiembre: Conjunci\u00f3n de la Luna y J\u00fapiter<\/strong><\/h2>\n\n\n\n<p>La&nbsp;<strong>Luna se alinear\u00e1 con J\u00fapiter<\/strong>&nbsp;a las&nbsp;<strong>11:05 UTC<\/strong>, pasando a&nbsp;<strong>4,3\u00b0 al norte<\/strong>&nbsp;del planeta. En ese momento, la Luna estar\u00e1 en fase del&nbsp;<strong>28,3%<\/strong>, y J\u00fapiter brillar\u00e1 con una magnitud de&nbsp;<strong>-2,1<\/strong>.<\/p>\n\n\n\n<p>\ud83d\udca1 Con binoculares puedes apreciar J\u00fapiter como una esfera brillante y sus lunas principales (\u00cdo, Europa, Gan\u00edmedes y Calisto) como puntos alineados a su alrededor.<\/p>\n\n\n\n<hr class=\"wp-block-separator has-alpha-channel-opacity\"\/>\n\n\n\n<h2 class=\"wp-block-heading\"><strong>\ud83c\udf18 17 de septiembre: Conjunci\u00f3n y ocultaci\u00f3n de Venus<\/strong><\/h2>\n\n\n\n<p>Uno de los eventos m\u00e1s interesantes del mes: la&nbsp;<strong>Luna pasar\u00e1 delante de Venus<\/strong>, provocando una&nbsp;<strong>ocultaci\u00f3n lunar<\/strong>, a las&nbsp;<strong>11:46 UTC<\/strong>.<\/p>\n\n\n\n<ul class=\"wp-block-list\">\n<li>Distancia angular: solo\u00a0<strong>0,5\u00b0<\/strong><\/li>\n\n\n\n<li>Magnitud de la Luna:\u00a0<strong>-9,5<\/strong><\/li>\n\n\n\n<li>Magnitud de Venus:\u00a0<strong>-3,9<\/strong><\/li>\n\n\n\n<li>Fase lunar:\u00a0<strong>5,5%<\/strong><\/li>\n<\/ul>\n\n\n\n<p>Este fen\u00f3meno ser\u00e1 visible solo desde determinadas partes del mundo, pero si ten\u00e9is suerte de poder observarlo, \u00a1no lo dud\u00e9is!<\/p>\n\n\n\n<hr class=\"wp-block-separator has-alpha-channel-opacity\"\/>\n\n\n\n<h2 class=\"wp-block-heading\"><strong>\ud83c\udf11 21 de septiembre: Eclipse parcial de Sol y Luna Nueva<\/strong><\/h2>\n\n\n\n<h3 class=\"wp-block-heading\"><strong>\ud83c\udf1e Eclipse parcial de Sol<\/strong><\/h3>\n\n\n\n<p>Ese mismo d\u00eda se producir\u00e1 un&nbsp;<strong>eclipse parcial de Sol<\/strong>, visible desde&nbsp;<strong>Ocean\u00eda y la Ant\u00e1rtida<\/strong>, entre las&nbsp;<strong>17:29 y 21:54 UTC<\/strong>. Aunque no ser\u00e1 visible desde Europa, siempre es interesante seguirlo a trav\u00e9s de retransmisiones en directo.<\/p>\n\n\n\n<h3 class=\"wp-block-heading\"><strong>\ud83c\udf11 Luna Nueva<\/strong><\/h3>\n\n\n\n<p>Coincide con la fase de&nbsp;<strong>Luna Nueva a las 19:55 UTC<\/strong>, lo que significa&nbsp;<strong>cielos oscuros ideales para fotograf\u00eda nocturna<\/strong>, observaci\u00f3n de objetos de cielo profundo y&nbsp;<strong>captura de la V\u00eda L\u00e1ctea<\/strong>&nbsp;si las condiciones acompa\u00f1an.<\/p>\n\n\n\n<p>\ud83d\udcf7 Si quieres capturar la V\u00eda L\u00e1ctea, este es el mejor momento del mes. A\u00fan es posible ver su parte m\u00e1s brillante durante las primeras horas de la noche.<\/p>\n\n\n\n<hr class=\"wp-block-separator has-alpha-channel-opacity\"\/>\n\n\n\n<h2 class=\"wp-block-heading\"><strong>\ud83c\udf42 22 de septiembre: Equinoccio de septiembre<\/strong><\/h2>\n\n\n\n<p>A las&nbsp;<strong>20:21 UTC<\/strong>, se produce el&nbsp;<strong>equinoccio de septiembre<\/strong>, marcando el comienzo del&nbsp;<strong>oto\u00f1o en el hemisferio norte<\/strong>&nbsp;y la&nbsp;<strong>primavera en el hemisferio sur<\/strong>. Este d\u00eda,&nbsp;<strong>la duraci\u00f3n del d\u00eda y la noche es pr\u00e1cticamente igual<\/strong>.<\/p>\n\n\n\n<p>Es un buen momento para&nbsp;<strong>observar salidas y puestas de Sol perfectamente alineadas<\/strong>&nbsp;en coordenadas este-oeste. Si te gusta la fotograf\u00eda de paisaje solar, \u00a1aprov\u00e9chalo!<\/p>\n\n\n\n<hr class=\"wp-block-separator has-alpha-channel-opacity\"\/>\n\n\n\n<h2 class=\"wp-block-heading\"><strong>\ud83d\udd35 23 de septiembre: Oposici\u00f3n de Neptuno<\/strong><\/h2>\n\n\n\n<p>A las&nbsp;<strong>12:45 UTC<\/strong>, Neptuno tambi\u00e9n entra en&nbsp;<strong>oposici\u00f3n<\/strong>, lo que lo hace visible durante toda la noche con una magnitud de&nbsp;<strong>7,8<\/strong>. Aunque es invisible a simple vista, con telescopio o fotograf\u00eda de larga exposici\u00f3n&nbsp;<strong>puedes detectarlo como un peque\u00f1o punto azul<\/strong>.<\/p>\n\n\n\n<hr class=\"wp-block-separator has-alpha-channel-opacity\"\/>\n\n\n\n<h2 class=\"wp-block-heading\"><strong>\ud83d\udd34 24 de septiembre: Conjunci\u00f3n de la Luna y Marte<\/strong><\/h2>\n\n\n\n<p>Cerramos el mes con una&nbsp;<strong>conjunci\u00f3n Luna &#8211; Marte<\/strong>. La Luna pasar\u00e1 a&nbsp;<strong>3,6\u00b0 al norte de Marte<\/strong>&nbsp;a las&nbsp;<strong>14:51 UTC<\/strong>, con una fase del&nbsp;<strong>7,3%<\/strong>, mientras que Marte brillar\u00e1 con&nbsp;<strong>magnitud 1,6<\/strong>. No es un evento especialmente brillante, pero s\u00ed interesante para capturar con c\u00e1mara si el cielo est\u00e1 despejado.<\/p>\n\n\n\n<hr class=\"wp-block-separator has-alpha-channel-opacity\"\/>\n\n\n\n<h2 class=\"wp-block-heading\"><strong>\ud83d\udcf8 \u00bfTienes fotos de estos eventos? \u00a1Comp\u00e1rtelas!<\/strong><\/h2>\n\n\n\n<p>Si consigues capturar alguna imagen espectacular de la&nbsp;<strong>Luna, los eclipses, Saturno o cualquier evento astron\u00f3mico<\/strong>, m\u00e1ndamela a:<\/p>\n\n\n\n<p>\ud83d\udc49&nbsp;<strong>tusfotos@carloscastrofotografo.com<\/strong><\/p>\n\n\n\n<p>Indica tu&nbsp;<strong>nombre y cuenta de Instagram<\/strong>. Algunas de las fotos podr\u00edan aparecer en pr\u00f3ximos v\u00eddeos de mi canal de YouTube.<\/p>\n\n\n\n<hr class=\"wp-block-separator has-alpha-channel-opacity\"\/>\n\n\n\n<h2 class=\"wp-block-heading\"><strong>\ud83c\udfa5 Mira el v\u00eddeo completo en YouTube<\/strong><\/h2>\n\n\n\n<p>He preparado un v\u00eddeo con todo el contenido de este art\u00edculo, en formato din\u00e1mico y visual, perfecto para quienes prefieren aprender con im\u00e1genes:<\/p>\n\n\n\n<p>\ud83d\udc49&nbsp;<strong>https:\/\/youtu.be\/2NhYj8ZCUXo<\/strong><\/p>\n\n\n\n<hr class=\"wp-block-separator has-alpha-channel-opacity\"\/>\n\n\n\n<h2 class=\"wp-block-heading\"><strong>\ud83d\udccc Conclusi\u00f3n<\/strong><\/h2>\n\n\n\n<p>Septiembre de 2025 es uno de los meses m\u00e1s intensos del a\u00f1o en cuanto a fen\u00f3menos astron\u00f3micos. Tanto si eres aficionado a la observaci\u00f3n como si te apasiona la&nbsp;<strong>fotograf\u00eda astron\u00f3mica<\/strong>, vas a tener&nbsp;<strong>muchas oportunidades para disfrutar del cielo<\/strong>. \u00a1No olvides planificar bien y aprovechar los mejores momentos!<\/p>\n","protected":false},"excerpt":{"rendered":"<p>El mes de septiembre de 2025 viene cargado de espectaculares eventos astron\u00f3micos que no querr\u00e1s perderte. Desde un&nbsp;eclipse total de Luna&nbsp;visible en gran parte del mundo, hasta conjunciones cercanas con planetas como Saturno, J\u00fapiter, Venus o Marte. Tambi\u00e9n viviremos un&nbsp;eclipse parcial de Sol, las&nbsp;oposiciones de Saturno y Neptuno, y el&nbsp;equinoccio de septiembre, que marca el [&hellip;]<\/p>\n","protected":false},"author":1,"featured_media":1048,"comment_status":"open","ping_status":"open","sticky":false,"template":"","format":"standard","meta":{"footnotes":""},"categories":[249],"tags":[514,992,893,991,989,516,761,990,499,988],"class_list":{"0":"post-1047","1":"post","2":"type-post","3":"status-publish","4":"format-standard","5":"has-post-thumbnail","7":"category-astronomia","8":"tag-carlos-castro","9":"tag-cielos-despejados","10":"tag-conjunciones-planetarias","11":"tag-eclipse-parcial-de-sol","12":"tag-eclipse-total-de-luna","13":"tag-efemerides-astronomicas","14":"tag-fotografia-astronomica","15":"tag-oposicion-de-saturno","16":"tag-photopills","17":"tag-septiembre-2025"},"yoast_head":"<!-- This site is optimized with the Yoast SEO plugin v27.4 - https:\/\/yoast.com\/product\/yoast-seo-wordpress\/ -->\n<title>Efem\u00e9rides astron\u00f3micas septiembre 2025: Eclipse total de Luna<\/title>\n<meta name=\"description\" content=\"Descubre las efem\u00e9rides astron\u00f3micas de septiembre 2025: eclipse total de Luna, conjunciones, eclipse parcial de Sol, equinoccio y m\u00e1s.\" \/>\n<meta name=\"robots\" content=\"index, follow, max-snippet:-1, max-image-preview:large, max-video-preview:-1\" \/>\n<link rel=\"canonical\" href=\"https:\/\/www.carloscastrofotografo.com\/blog\/efemerides-astronomicas-septiembre-2025\/\" \/>\n<meta property=\"og:locale\" content=\"es_ES\" \/>\n<meta property=\"og:type\" content=\"article\" \/>\n<meta property=\"og:title\" content=\"Efem\u00e9rides astron\u00f3micas septiembre 2025: Eclipse total de Luna\" \/>\n<meta property=\"og:description\" content=\"Descubre las efem\u00e9rides astron\u00f3micas de septiembre 2025: eclipse total de Luna, conjunciones, eclipse parcial de Sol, equinoccio y m\u00e1s.\" \/>\n<meta property=\"og:url\" content=\"https:\/\/www.carloscastrofotografo.com\/blog\/efemerides-astronomicas-septiembre-2025\/\" \/>\n<meta property=\"og:site_name\" content=\"Blog de Carlos Castro Fot\u00f3grafo\" \/>\n<meta property=\"article:published_time\" content=\"2025-08-31T22:10:57+00:00\" \/>\n<meta property=\"article:modified_time\" content=\"2025-08-31T22:10:58+00:00\" \/>\n<meta property=\"og:image\" content=\"https:\/\/www.carloscastrofotografo.com\/blog\/wp-content\/uploads\/2025\/09\/efemerides-astronomicas-septiembre-2025.jpg\" \/>\n\t<meta property=\"og:image:width\" content=\"1280\" \/>\n\t<meta property=\"og:image:height\" content=\"720\" \/>\n\t<meta property=\"og:image:type\" content=\"image\/jpeg\" \/>\n<meta name=\"author\" content=\"Carlos Castro\" \/>\n<meta name=\"twitter:card\" content=\"summary_large_image\" \/>\n<meta name=\"twitter:label1\" content=\"Escrito por\" \/>\n\t<meta name=\"twitter:data1\" content=\"Carlos Castro\" \/>\n\t<meta name=\"twitter:label2\" content=\"Tiempo de lectura\" \/>\n\t<meta name=\"twitter:data2\" content=\"5 minutos\" \/>\n<script type=\"application\/ld+json\" class=\"yoast-schema-graph\">{\"@context\":\"https:\\\/\\\/schema.org\",\"@graph\":[{\"@type\":\"Article\",\"@id\":\"https:\\\/\\\/www.carloscastrofotografo.com\\\/blog\\\/efemerides-astronomicas-septiembre-2025\\\/#article\",\"isPartOf\":{\"@id\":\"https:\\\/\\\/www.carloscastrofotografo.com\\\/blog\\\/efemerides-astronomicas-septiembre-2025\\\/\"},\"author\":{\"name\":\"Carlos Castro\",\"@id\":\"https:\\\/\\\/www.carloscastrofotografo.com\\\/blog\\\/#\\\/schema\\\/person\\\/f2df3dbaf3422e563228db874428292d\"},\"headline\":\"Efem\u00e9rides astron\u00f3micas de septiembre 2025: Eclipse total de Luna, conjunciones planetarias y m\u00e1s\",\"datePublished\":\"2025-08-31T22:10:57+00:00\",\"dateModified\":\"2025-08-31T22:10:58+00:00\",\"mainEntityOfPage\":{\"@id\":\"https:\\\/\\\/www.carloscastrofotografo.com\\\/blog\\\/efemerides-astronomicas-septiembre-2025\\\/\"},\"wordCount\":1058,\"commentCount\":0,\"publisher\":{\"@id\":\"https:\\\/\\\/www.carloscastrofotografo.com\\\/blog\\\/#\\\/schema\\\/person\\\/f2df3dbaf3422e563228db874428292d\"},\"image\":{\"@id\":\"https:\\\/\\\/www.carloscastrofotografo.com\\\/blog\\\/efemerides-astronomicas-septiembre-2025\\\/#primaryimage\"},\"thumbnailUrl\":\"https:\\\/\\\/www.carloscastrofotografo.com\\\/blog\\\/wp-content\\\/uploads\\\/2025\\\/09\\\/efemerides-astronomicas-septiembre-2025.jpg\",\"keywords\":[\"Carlos Castro\",\"cielos despejados\",\"conjunciones planetarias\",\"eclipse parcial de Sol\",\"eclipse total de Luna\",\"efem\u00e9rides astron\u00f3micas\",\"fotograf\u00eda astron\u00f3mica\",\"oposici\u00f3n de Saturno\",\"PhotoPills\",\"septiembre 2025\"],\"articleSection\":[\"Astronom\u00eda\"],\"inLanguage\":\"es\",\"potentialAction\":[{\"@type\":\"CommentAction\",\"name\":\"Comment\",\"target\":[\"https:\\\/\\\/www.carloscastrofotografo.com\\\/blog\\\/efemerides-astronomicas-septiembre-2025\\\/#respond\"]}]},{\"@type\":\"WebPage\",\"@id\":\"https:\\\/\\\/www.carloscastrofotografo.com\\\/blog\\\/efemerides-astronomicas-septiembre-2025\\\/\",\"url\":\"https:\\\/\\\/www.carloscastrofotografo.com\\\/blog\\\/efemerides-astronomicas-septiembre-2025\\\/\",\"name\":\"Efem\u00e9rides astron\u00f3micas septiembre 2025: Eclipse total de Luna\",\"isPartOf\":{\"@id\":\"https:\\\/\\\/www.carloscastrofotografo.com\\\/blog\\\/#website\"},\"primaryImageOfPage\":{\"@id\":\"https:\\\/\\\/www.carloscastrofotografo.com\\\/blog\\\/efemerides-astronomicas-septiembre-2025\\\/#primaryimage\"},\"image\":{\"@id\":\"https:\\\/\\\/www.carloscastrofotografo.com\\\/blog\\\/efemerides-astronomicas-septiembre-2025\\\/#primaryimage\"},\"thumbnailUrl\":\"https:\\\/\\\/www.carloscastrofotografo.com\\\/blog\\\/wp-content\\\/uploads\\\/2025\\\/09\\\/efemerides-astronomicas-septiembre-2025.jpg\",\"datePublished\":\"2025-08-31T22:10:57+00:00\",\"dateModified\":\"2025-08-31T22:10:58+00:00\",\"description\":\"Descubre las efem\u00e9rides astron\u00f3micas de septiembre 2025: eclipse total de Luna, conjunciones, eclipse parcial de Sol, equinoccio y m\u00e1s.\",\"breadcrumb\":{\"@id\":\"https:\\\/\\\/www.carloscastrofotografo.com\\\/blog\\\/efemerides-astronomicas-septiembre-2025\\\/#breadcrumb\"},\"inLanguage\":\"es\",\"potentialAction\":[{\"@type\":\"ReadAction\",\"target\":[\"https:\\\/\\\/www.carloscastrofotografo.com\\\/blog\\\/efemerides-astronomicas-septiembre-2025\\\/\"]}]},{\"@type\":\"ImageObject\",\"inLanguage\":\"es\",\"@id\":\"https:\\\/\\\/www.carloscastrofotografo.com\\\/blog\\\/efemerides-astronomicas-septiembre-2025\\\/#primaryimage\",\"url\":\"https:\\\/\\\/www.carloscastrofotografo.com\\\/blog\\\/wp-content\\\/uploads\\\/2025\\\/09\\\/efemerides-astronomicas-septiembre-2025.jpg\",\"contentUrl\":\"https:\\\/\\\/www.carloscastrofotografo.com\\\/blog\\\/wp-content\\\/uploads\\\/2025\\\/09\\\/efemerides-astronomicas-septiembre-2025.jpg\",\"width\":1280,\"height\":720,\"caption\":\"efemerides astronomicas septiembre 2025\"},{\"@type\":\"BreadcrumbList\",\"@id\":\"https:\\\/\\\/www.carloscastrofotografo.com\\\/blog\\\/efemerides-astronomicas-septiembre-2025\\\/#breadcrumb\",\"itemListElement\":[{\"@type\":\"ListItem\",\"position\":1,\"name\":\"Portada\",\"item\":\"https:\\\/\\\/www.carloscastrofotografo.com\\\/blog\\\/\"},{\"@type\":\"ListItem\",\"position\":2,\"name\":\"Efem\u00e9rides astron\u00f3micas de septiembre 2025: Eclipse total de Luna, conjunciones planetarias y m\u00e1s\"}]},{\"@type\":\"WebSite\",\"@id\":\"https:\\\/\\\/www.carloscastrofotografo.com\\\/blog\\\/#website\",\"url\":\"https:\\\/\\\/www.carloscastrofotografo.com\\\/blog\\\/\",\"name\":\"Blog de Carlos Castro Fot\u00f3grafo\",\"description\":\"Todo sobre Fotograf\u00eda y V\u00eddeo, para apasionados de la imagen.\",\"publisher\":{\"@id\":\"https:\\\/\\\/www.carloscastrofotografo.com\\\/blog\\\/#\\\/schema\\\/person\\\/f2df3dbaf3422e563228db874428292d\"},\"potentialAction\":[{\"@type\":\"SearchAction\",\"target\":{\"@type\":\"EntryPoint\",\"urlTemplate\":\"https:\\\/\\\/www.carloscastrofotografo.com\\\/blog\\\/?s={search_term_string}\"},\"query-input\":{\"@type\":\"PropertyValueSpecification\",\"valueRequired\":true,\"valueName\":\"search_term_string\"}}],\"inLanguage\":\"es\"},{\"@type\":[\"Person\",\"Organization\"],\"@id\":\"https:\\\/\\\/www.carloscastrofotografo.com\\\/blog\\\/#\\\/schema\\\/person\\\/f2df3dbaf3422e563228db874428292d\",\"name\":\"Carlos Castro\",\"image\":{\"@type\":\"ImageObject\",\"inLanguage\":\"es\",\"@id\":\"https:\\\/\\\/secure.gravatar.com\\\/avatar\\\/dfdb382b872c007d17784b7cf24288a868cd90f2a34825da78d451a9ddbb4dfe?s=96&d=mm&r=g\",\"url\":\"https:\\\/\\\/secure.gravatar.com\\\/avatar\\\/dfdb382b872c007d17784b7cf24288a868cd90f2a34825da78d451a9ddbb4dfe?s=96&d=mm&r=g\",\"contentUrl\":\"https:\\\/\\\/secure.gravatar.com\\\/avatar\\\/dfdb382b872c007d17784b7cf24288a868cd90f2a34825da78d451a9ddbb4dfe?s=96&d=mm&r=g\",\"caption\":\"Carlos Castro\"},\"logo\":{\"@id\":\"https:\\\/\\\/secure.gravatar.com\\\/avatar\\\/dfdb382b872c007d17784b7cf24288a868cd90f2a34825da78d451a9ddbb4dfe?s=96&d=mm&r=g\"},\"description\":\"Fot\u00f3grafo, Videografo y apasionado de la tecnolog\u00eda. Cazador de tormentas y astrofot\u00f3grafo amateur.\",\"sameAs\":[\"https:\\\/\\\/www.carloscastrofotografo.com\",\"https:\\\/\\\/www.youtube.com\\\/carloscastrofotografo\"],\"url\":\"https:\\\/\\\/www.carloscastrofotografo.com\\\/blog\\\/author\\\/admin\\\/\"}]}<\/script>\n<!-- \/ Yoast SEO plugin. -->","yoast_head_json":{"title":"Efem\u00e9rides astron\u00f3micas septiembre 2025: Eclipse total de Luna","description":"Descubre las efem\u00e9rides astron\u00f3micas de septiembre 2025: eclipse total de Luna, conjunciones, eclipse parcial de Sol, equinoccio y m\u00e1s.","robots":{"index":"index","follow":"follow","max-snippet":"max-snippet:-1","max-image-preview":"max-image-preview:large","max-video-preview":"max-video-preview:-1"},"canonical":"https:\/\/www.carloscastrofotografo.com\/blog\/efemerides-astronomicas-septiembre-2025\/","og_locale":"es_ES","og_type":"article","og_title":"Efem\u00e9rides astron\u00f3micas septiembre 2025: Eclipse total de Luna","og_description":"Descubre las efem\u00e9rides astron\u00f3micas de septiembre 2025: eclipse total de Luna, conjunciones, eclipse parcial de Sol, equinoccio y m\u00e1s.","og_url":"https:\/\/www.carloscastrofotografo.com\/blog\/efemerides-astronomicas-septiembre-2025\/","og_site_name":"Blog de Carlos Castro Fot\u00f3grafo","article_published_time":"2025-08-31T22:10:57+00:00","article_modified_time":"2025-08-31T22:10:58+00:00","og_image":[{"width":1280,"height":720,"url":"https:\/\/www.carloscastrofotografo.com\/blog\/wp-content\/uploads\/2025\/09\/efemerides-astronomicas-septiembre-2025.jpg","type":"image\/jpeg"}],"author":"Carlos Castro","twitter_card":"summary_large_image","twitter_misc":{"Escrito por":"Carlos Castro","Tiempo de lectura":"5 minutos"},"schema":{"@context":"https:\/\/schema.org","@graph":[{"@type":"Article","@id":"https:\/\/www.carloscastrofotografo.com\/blog\/efemerides-astronomicas-septiembre-2025\/#article","isPartOf":{"@id":"https:\/\/www.carloscastrofotografo.com\/blog\/efemerides-astronomicas-septiembre-2025\/"},"author":{"name":"Carlos Castro","@id":"https:\/\/www.carloscastrofotografo.com\/blog\/#\/schema\/person\/f2df3dbaf3422e563228db874428292d"},"headline":"Efem\u00e9rides astron\u00f3micas de septiembre 2025: Eclipse total de Luna, conjunciones planetarias y m\u00e1s","datePublished":"2025-08-31T22:10:57+00:00","dateModified":"2025-08-31T22:10:58+00:00","mainEntityOfPage":{"@id":"https:\/\/www.carloscastrofotografo.com\/blog\/efemerides-astronomicas-septiembre-2025\/"},"wordCount":1058,"commentCount":0,"publisher":{"@id":"https:\/\/www.carloscastrofotografo.com\/blog\/#\/schema\/person\/f2df3dbaf3422e563228db874428292d"},"image":{"@id":"https:\/\/www.carloscastrofotografo.com\/blog\/efemerides-astronomicas-septiembre-2025\/#primaryimage"},"thumbnailUrl":"https:\/\/www.carloscastrofotografo.com\/blog\/wp-content\/uploads\/2025\/09\/efemerides-astronomicas-septiembre-2025.jpg","keywords":["Carlos Castro","cielos despejados","conjunciones planetarias","eclipse parcial de Sol","eclipse total de Luna","efem\u00e9rides astron\u00f3micas","fotograf\u00eda astron\u00f3mica","oposici\u00f3n de Saturno","PhotoPills","septiembre 2025"],"articleSection":["Astronom\u00eda"],"inLanguage":"es","potentialAction":[{"@type":"CommentAction","name":"Comment","target":["https:\/\/www.carloscastrofotografo.com\/blog\/efemerides-astronomicas-septiembre-2025\/#respond"]}]},{"@type":"WebPage","@id":"https:\/\/www.carloscastrofotografo.com\/blog\/efemerides-astronomicas-septiembre-2025\/","url":"https:\/\/www.carloscastrofotografo.com\/blog\/efemerides-astronomicas-septiembre-2025\/","name":"Efem\u00e9rides astron\u00f3micas septiembre 2025: Eclipse total de Luna","isPartOf":{"@id":"https:\/\/www.carloscastrofotografo.com\/blog\/#website"},"primaryImageOfPage":{"@id":"https:\/\/www.carloscastrofotografo.com\/blog\/efemerides-astronomicas-septiembre-2025\/#primaryimage"},"image":{"@id":"https:\/\/www.carloscastrofotografo.com\/blog\/efemerides-astronomicas-septiembre-2025\/#primaryimage"},"thumbnailUrl":"https:\/\/www.carloscastrofotografo.com\/blog\/wp-content\/uploads\/2025\/09\/efemerides-astronomicas-septiembre-2025.jpg","datePublished":"2025-08-31T22:10:57+00:00","dateModified":"2025-08-31T22:10:58+00:00","description":"Descubre las efem\u00e9rides astron\u00f3micas de septiembre 2025: eclipse total de Luna, conjunciones, eclipse parcial de Sol, equinoccio y m\u00e1s.","breadcrumb":{"@id":"https:\/\/www.carloscastrofotografo.com\/blog\/efemerides-astronomicas-septiembre-2025\/#breadcrumb"},"inLanguage":"es","potentialAction":[{"@type":"ReadAction","target":["https:\/\/www.carloscastrofotografo.com\/blog\/efemerides-astronomicas-septiembre-2025\/"]}]},{"@type":"ImageObject","inLanguage":"es","@id":"https:\/\/www.carloscastrofotografo.com\/blog\/efemerides-astronomicas-septiembre-2025\/#primaryimage","url":"https:\/\/www.carloscastrofotografo.com\/blog\/wp-content\/uploads\/2025\/09\/efemerides-astronomicas-septiembre-2025.jpg","contentUrl":"https:\/\/www.carloscastrofotografo.com\/blog\/wp-content\/uploads\/2025\/09\/efemerides-astronomicas-septiembre-2025.jpg","width":1280,"height":720,"caption":"efemerides astronomicas septiembre 2025"},{"@type":"BreadcrumbList","@id":"https:\/\/www.carloscastrofotografo.com\/blog\/efemerides-astronomicas-septiembre-2025\/#breadcrumb","itemListElement":[{"@type":"ListItem","position":1,"name":"Portada","item":"https:\/\/www.carloscastrofotografo.com\/blog\/"},{"@type":"ListItem","position":2,"name":"Efem\u00e9rides astron\u00f3micas de septiembre 2025: Eclipse total de Luna, conjunciones planetarias y m\u00e1s"}]},{"@type":"WebSite","@id":"https:\/\/www.carloscastrofotografo.com\/blog\/#website","url":"https:\/\/www.carloscastrofotografo.com\/blog\/","name":"Blog de Carlos Castro Fot\u00f3grafo","description":"Todo sobre Fotograf\u00eda y V\u00eddeo, para apasionados de la imagen.","publisher":{"@id":"https:\/\/www.carloscastrofotografo.com\/blog\/#\/schema\/person\/f2df3dbaf3422e563228db874428292d"},"potentialAction":[{"@type":"SearchAction","target":{"@type":"EntryPoint","urlTemplate":"https:\/\/www.carloscastrofotografo.com\/blog\/?s={search_term_string}"},"query-input":{"@type":"PropertyValueSpecification","valueRequired":true,"valueName":"search_term_string"}}],"inLanguage":"es"},{"@type":["Person","Organization"],"@id":"https:\/\/www.carloscastrofotografo.com\/blog\/#\/schema\/person\/f2df3dbaf3422e563228db874428292d","name":"Carlos Castro","image":{"@type":"ImageObject","inLanguage":"es","@id":"https:\/\/secure.gravatar.com\/avatar\/dfdb382b872c007d17784b7cf24288a868cd90f2a34825da78d451a9ddbb4dfe?s=96&d=mm&r=g","url":"https:\/\/secure.gravatar.com\/avatar\/dfdb382b872c007d17784b7cf24288a868cd90f2a34825da78d451a9ddbb4dfe?s=96&d=mm&r=g","contentUrl":"https:\/\/secure.gravatar.com\/avatar\/dfdb382b872c007d17784b7cf24288a868cd90f2a34825da78d451a9ddbb4dfe?s=96&d=mm&r=g","caption":"Carlos Castro"},"logo":{"@id":"https:\/\/secure.gravatar.com\/avatar\/dfdb382b872c007d17784b7cf24288a868cd90f2a34825da78d451a9ddbb4dfe?s=96&d=mm&r=g"},"description":"Fot\u00f3grafo, Videografo y apasionado de la tecnolog\u00eda. Cazador de tormentas y astrofot\u00f3grafo amateur.","sameAs":["https:\/\/www.carloscastrofotografo.com","https:\/\/www.youtube.com\/carloscastrofotografo"],"url":"https:\/\/www.carloscastrofotografo.com\/blog\/author\/admin\/"}]}},"_links":{"self":[{"href":"https:\/\/www.carloscastrofotografo.com\/blog\/wp-json\/wp\/v2\/posts\/1047","targetHints":{"allow":["GET"]}}],"collection":[{"href":"https:\/\/www.carloscastrofotografo.com\/blog\/wp-json\/wp\/v2\/posts"}],"about":[{"href":"https:\/\/www.carloscastrofotografo.com\/blog\/wp-json\/wp\/v2\/types\/post"}],"author":[{"embeddable":true,"href":"https:\/\/www.carloscastrofotografo.com\/blog\/wp-json\/wp\/v2\/users\/1"}],"replies":[{"embeddable":true,"href":"https:\/\/www.carloscastrofotografo.com\/blog\/wp-json\/wp\/v2\/comments?post=1047"}],"version-history":[{"count":1,"href":"https:\/\/www.carloscastrofotografo.com\/blog\/wp-json\/wp\/v2\/posts\/1047\/revisions"}],"predecessor-version":[{"id":1049,"href":"https:\/\/www.carloscastrofotografo.com\/blog\/wp-json\/wp\/v2\/posts\/1047\/revisions\/1049"}],"wp:featuredmedia":[{"embeddable":true,"href":"https:\/\/www.carloscastrofotografo.com\/blog\/wp-json\/wp\/v2\/media\/1048"}],"wp:attachment":[{"href":"https:\/\/www.carloscastrofotografo.com\/blog\/wp-json\/wp\/v2\/media?parent=1047"}],"wp:term":[{"taxonomy":"category","embeddable":true,"href":"https:\/\/www.carloscastrofotografo.com\/blog\/wp-json\/wp\/v2\/categories?post=1047"},{"taxonomy":"post_tag","embeddable":true,"href":"https:\/\/www.carloscastrofotografo.com\/blog\/wp-json\/wp\/v2\/tags?post=1047"}],"curies":[{"name":"wp","href":"https:\/\/api.w.org\/{rel}","templated":true}]}}