{"id":1039,"date":"2025-08-28T14:47:03","date_gmt":"2025-08-28T12:47:03","guid":{"rendered":"https:\/\/www.carloscastrofotografo.com\/blog\/?p=1039"},"modified":"2025-08-28T14:52:21","modified_gmt":"2025-08-28T12:52:21","slug":"dji-mic-3-microfono-inalambrico","status":"publish","type":"post","link":"https:\/\/www.carloscastrofotografo.com\/blog\/dji-mic-3-microfono-inalambrico\/","title":{"rendered":"DJI Mic 3: el micr\u00f3fono inal\u00e1mbrico definitivo para creadores de contenido"},"content":{"rendered":"\n<p>El\u00a0<strong>DJI Mic 3<\/strong>\u00a0llega al mercado para revolucionar la forma en que grabamos audio profesional en exteriores, estudios o eventos en vivo. Compacto, potente y con funciones que marcan la diferencia, se presenta como la herramienta ideal para creadores de contenido, filmmakers, podcasters y periodistas que buscan calidad de sonido sin complicaciones.<\/p>\n\n\n\n<p>\ud83d\udc49&nbsp;<a href=\"https:\/\/bit.ly\/3HxTwYd\">Descubre aqu\u00ed el DJI Mic 3 o c\u00f3mpralo ahora con todas sus ventajas<\/a><\/p>\n\n\n\n<h2 class=\"wp-block-heading\"><strong>Dise\u00f1o ligero y listo para usar<\/strong><\/h2>\n\n\n\n<p>El sistema es&nbsp;<strong>todo en uno<\/strong>, con un estuche de carga que mantiene transmisores, receptor y accesorios siempre organizados. Gracias a su tama\u00f1o compacto y a la posibilidad de usarse tanto con clip como con im\u00e1n, el DJI Mic 3 se adapta a cualquier situaci\u00f3n.<\/p>\n\n\n\n<h2 class=\"wp-block-heading\"><strong>Capacidad 4TX + 8RX y grabaci\u00f3n multicanal<\/strong><\/h2>\n\n\n\n<p>Con soporte para&nbsp;<strong>hasta 4 transmisores y 8 receptores<\/strong>&nbsp;de manera simult\u00e1nea, el DJI Mic 3 permite configuraciones con varias personas y c\u00e1maras. Adem\u00e1s, ofrece salida de&nbsp;<strong>cuatro canales independientes<\/strong>, lo que facilita una edici\u00f3n mucho m\u00e1s detallada en la posproducci\u00f3n.<\/p>\n\n\n\n<h2 class=\"wp-block-heading\"><strong>Audio impecable con control de ganancia inteligente<\/strong><\/h2>\n\n\n\n<p>El&nbsp;<strong>control de ganancia adaptativo<\/strong>&nbsp;asegura un volumen equilibrado en cualquier situaci\u00f3n:<\/p>\n\n\n\n<ul class=\"wp-block-list\">\n<li><strong>Modo Autom\u00e1tico<\/strong>: evita la distorsi\u00f3n en escenas din\u00e1micas como conciertos o deportes.<\/li>\n\n\n\n<li><strong>Modo Din\u00e1mico<\/strong>: mantiene un volumen constante en interiores o estudios.<\/li>\n<\/ul>\n\n\n\n<h2 class=\"wp-block-heading\"><strong>Sonido personalizado y reducci\u00f3n de ruido<\/strong><\/h2>\n\n\n\n<p>El DJI Mic 3 cuenta con&nbsp;<strong>tres preajustes de tono de voz<\/strong>&nbsp;(Regular, Sonoro y Brillante) y&nbsp;<strong>cancelaci\u00f3n de ruido de dos niveles<\/strong>, para que tu voz se escuche clara incluso en entornos con mucho ruido.<\/p>\n\n\n\n<h2 class=\"wp-block-heading\"><strong>Conectividad avanzada y transmisi\u00f3n sin p\u00e9rdidas<\/strong><\/h2>\n\n\n\n<p>Gracias a su sistema de&nbsp;<strong>doble banda 2.4 GHz y 5 GHz<\/strong>, ofrece una resistencia sobresaliente a interferencias y una transmisi\u00f3n estable de hasta&nbsp;<strong>400 metros<\/strong>. Adem\u00e1s, graba en&nbsp;<strong>48 kHz\/24 bits sin p\u00e9rdidas<\/strong>, logrando una fidelidad profesional.<\/p>\n\n\n\n<h2 class=\"wp-block-heading\"><strong>Grabaci\u00f3n interna flotante de 32 bits<\/strong><\/h2>\n\n\n\n<p>Un extra que encantar\u00e1 a los profesionales: la grabaci\u00f3n interna de doble archivo en&nbsp;<strong>32 bits flotantes<\/strong>, que guarda tanto la pista original como una mejorada por algoritmo. As\u00ed tendr\u00e1s flexibilidad total en la edici\u00f3n y no perder\u00e1s detalles ni en los susurros ni en los picos m\u00e1s fuertes.<\/p>\n\n\n\n<h2 class=\"wp-block-heading\"><strong>Autonom\u00eda y carga r\u00e1pida para todo el d\u00eda<\/strong><\/h2>\n\n\n\n<p>El DJI Mic 3 ofrece una duraci\u00f3n de&nbsp;<strong>8 horas en transmisores<\/strong>,&nbsp;<strong>10 horas en el receptor<\/strong>&nbsp;y hasta&nbsp;<strong>28 horas con el estuche de carga<\/strong>. Adem\u00e1s, con solo&nbsp;<strong>5 minutos de carga consigues 2 horas de uso<\/strong>, ideal para grabaciones improvisadas.<\/p>\n\n\n\n<p>\ud83d\udc49 No te quedes sin \u00e9l:&nbsp;<a href=\"https:\/\/bit.ly\/3HxTwYd\">Compra el DJI Mic 3 aqu\u00ed y lleva tu audio al siguiente nivel<\/a><\/p>\n\n\n<div class=\"wp-block-image\">\n<figure class=\"aligncenter size-large td-caption-align-https:\/\/www.carloscastrofotografo.com\/blog\/wp-content\/uploads\/2025\/08\/caracteristicas-dji-mic-3-1.png\"><img loading=\"lazy\" decoding=\"async\" width=\"1024\" height=\"983\" src=\"https:\/\/www.carloscastrofotografo.com\/blog\/wp-content\/uploads\/2025\/08\/caracteristicas-dji-mic-3-1-1024x983.png\" alt=\"\" class=\"wp-image-1041\" srcset=\"https:\/\/www.carloscastrofotografo.com\/blog\/wp-content\/uploads\/2025\/08\/caracteristicas-dji-mic-3-1-1024x983.png 1024w, https:\/\/www.carloscastrofotografo.com\/blog\/wp-content\/uploads\/2025\/08\/caracteristicas-dji-mic-3-1-300x288.png 300w, https:\/\/www.carloscastrofotografo.com\/blog\/wp-content\/uploads\/2025\/08\/caracteristicas-dji-mic-3-1-768x738.png 768w, https:\/\/www.carloscastrofotografo.com\/blog\/wp-content\/uploads\/2025\/08\/caracteristicas-dji-mic-3-1-1536x1475.png 1536w, https:\/\/www.carloscastrofotografo.com\/blog\/wp-content\/uploads\/2025\/08\/caracteristicas-dji-mic-3-1-696x668.png 696w, https:\/\/www.carloscastrofotografo.com\/blog\/wp-content\/uploads\/2025\/08\/caracteristicas-dji-mic-3-1-1068x1026.png 1068w, https:\/\/www.carloscastrofotografo.com\/blog\/wp-content\/uploads\/2025\/08\/caracteristicas-dji-mic-3-1-437x420.png 437w, https:\/\/www.carloscastrofotografo.com\/blog\/wp-content\/uploads\/2025\/08\/caracteristicas-dji-mic-3-1.png 1814w\" sizes=\"auto, (max-width: 1024px) 100vw, 1024px\" \/><\/figure>\n<\/div>\n\n\n<h3 class=\"wp-block-heading\">Qu\u00e9 incluye la caja: <\/h3>\n\n\n\n<p>El precio del DJI Mic es de&nbsp;<strong>309 \u20ac<\/strong>&nbsp;para el kit completo, que incluir\u00eda:<\/p>\n\n\n\n<ul class=\"wp-block-list\">\n<li>1x Receptor DJI Mic 3<\/li>\n\n\n\n<li>2x Transmisores DJI Mic 3<\/li>\n\n\n\n<li>1x Estuche de carga<\/li>\n\n\n\n<li>1x Adaptador USB-C<\/li>\n\n\n\n<li>Varios paravientos<\/li>\n\n\n\n<li>1x Cable TRS a TRS de 3.5 mm<\/li>\n\n\n\n<li>1x Malet\u00edn de transporte<\/li>\n\n\n\n<li>Imanes y clips magn\u00e9ticos<\/li>\n\n\n\n<li>1x Cable USB-C a USB-C<\/li>\n<\/ul>\n\n\n\n<p>El adaptador Lightning para iPhone se vender\u00eda por separado.<\/p>\n\n\n\n<hr class=\"wp-block-separator has-alpha-channel-opacity\"\/>\n\n\n\n<h2 class=\"wp-block-heading\"><strong>Conclusi\u00f3n<\/strong><\/h2>\n\n\n\n<p>El&nbsp;<strong>DJI Mic 3<\/strong>&nbsp;no es solo un sistema de micr\u00f3fonos inal\u00e1mbricos, es una soluci\u00f3n completa para quienes buscan audio impecable, facilidad de uso y m\u00e1xima versatilidad. Ya sea para grabar entrevistas, directos, clases online o producciones audiovisuales, este dispositivo se posiciona como el mejor aliado de los creadores en 2025.<\/p>\n\n\n\n<p>Si quieres ver los anteriores DJI Mic en acci\u00f3n:<\/p>\n\n\n\n<figure class=\"wp-block-embed aligncenter is-type-video is-provider-youtube wp-block-embed-youtube wp-embed-aspect-16-9 wp-has-aspect-ratio\"><div class=\"wp-block-embed__wrapper\">\n<iframe loading=\"lazy\" title=\"La c\u00e1mara que graba sola: DJI Osmo Pocket 3 en acci\u00f3n \ud83c\udfa5\ud83d\udd25\" width=\"696\" height=\"392\" src=\"https:\/\/www.youtube.com\/embed\/8bMop85rXPI?feature=oembed\" frameborder=\"0\" allow=\"accelerometer; autoplay; clipboard-write; encrypted-media; gyroscope; picture-in-picture; web-share\" referrerpolicy=\"strict-origin-when-cross-origin\" allowfullscreen><\/iframe>\n<\/div><\/figure>\n","protected":false},"excerpt":{"rendered":"<p>El\u00a0DJI Mic 3\u00a0llega al mercado para revolucionar la forma en que grabamos audio profesional en exteriores, estudios o eventos en vivo. Compacto, potente y con funciones que marcan la diferencia, se presenta como la herramienta ideal para creadores de contenido, filmmakers, podcasters y periodistas que buscan calidad de sonido sin complicaciones. \ud83d\udc49&nbsp;Descubre aqu\u00ed el DJI [&hellip;]<\/p>\n","protected":false},"author":1,"featured_media":1042,"comment_status":"open","ping_status":"open","sticky":false,"template":"","format":"standard","meta":{"footnotes":""},"categories":[68,200,25],"tags":[984,985,954,987,952,983,667,986,982,671],"class_list":{"0":"post-1039","1":"post","2":"type-post","3":"status-publish","4":"format-standard","5":"has-post-thumbnail","7":"category-compras-y-ofertas","8":"category-equipo-audiovisual","9":"category-noticias-actualidad","10":"tag-audio-profesional","11":"tag-dji-audio","12":"tag-dji-mic-3","13":"tag-microfono-con-cancelacion-de-ruido","14":"tag-microfono-inalambrico-dji","15":"tag-microfono-para-creadores-de-contenido","16":"tag-microfono-para-entrevistas","17":"tag-microfono-para-grabacion","18":"tag-microfono-para-vlog","19":"tag-microfono-para-youtube"},"yoast_head":"<!-- This site is optimized with the Yoast SEO plugin v27.4 - https:\/\/yoast.com\/product\/yoast-seo-wordpress\/ -->\n<title>DJI Mic 3: el micr\u00f3fono inal\u00e1mbrico definitivo para creadores<\/title>\n<meta name=\"description\" content=\"Descubre el nuevo DJI Mic 3: audio profesional, grabaci\u00f3n interna de 32 bits, hasta 400 m de alcance y 28 h de autonom\u00eda.\" \/>\n<meta name=\"robots\" content=\"index, follow, max-snippet:-1, max-image-preview:large, max-video-preview:-1\" \/>\n<link rel=\"canonical\" href=\"https:\/\/www.carloscastrofotografo.com\/blog\/dji-mic-3-microfono-inalambrico\/\" \/>\n<meta property=\"og:locale\" content=\"es_ES\" \/>\n<meta property=\"og:type\" content=\"article\" \/>\n<meta property=\"og:title\" content=\"DJI Mic 3: el micr\u00f3fono inal\u00e1mbrico definitivo para creadores\" \/>\n<meta property=\"og:description\" content=\"Descubre el nuevo DJI Mic 3: audio profesional, grabaci\u00f3n interna de 32 bits, hasta 400 m de alcance y 28 h de autonom\u00eda.\" \/>\n<meta property=\"og:url\" content=\"https:\/\/www.carloscastrofotografo.com\/blog\/dji-mic-3-microfono-inalambrico\/\" \/>\n<meta property=\"og:site_name\" content=\"Blog de Carlos Castro Fot\u00f3grafo\" \/>\n<meta property=\"article:published_time\" content=\"2025-08-28T12:47:03+00:00\" \/>\n<meta property=\"article:modified_time\" content=\"2025-08-28T12:52:21+00:00\" \/>\n<meta property=\"og:image\" content=\"https:\/\/www.carloscastrofotografo.com\/blog\/wp-content\/uploads\/2025\/08\/dji-mic-3.jpg\" \/>\n\t<meta property=\"og:image:width\" content=\"2419\" \/>\n\t<meta property=\"og:image:height\" content=\"1416\" \/>\n\t<meta property=\"og:image:type\" content=\"image\/jpeg\" \/>\n<meta name=\"author\" content=\"Carlos Castro\" \/>\n<meta name=\"twitter:card\" content=\"summary_large_image\" \/>\n<meta name=\"twitter:label1\" content=\"Escrito por\" \/>\n\t<meta name=\"twitter:data1\" content=\"Carlos Castro\" \/>\n\t<meta name=\"twitter:label2\" content=\"Tiempo de lectura\" \/>\n\t<meta name=\"twitter:data2\" content=\"3 minutos\" \/>\n<script type=\"application\/ld+json\" class=\"yoast-schema-graph\">{\"@context\":\"https:\\\/\\\/schema.org\",\"@graph\":[{\"@type\":\"Article\",\"@id\":\"https:\\\/\\\/www.carloscastrofotografo.com\\\/blog\\\/dji-mic-3-microfono-inalambrico\\\/#article\",\"isPartOf\":{\"@id\":\"https:\\\/\\\/www.carloscastrofotografo.com\\\/blog\\\/dji-mic-3-microfono-inalambrico\\\/\"},\"author\":{\"name\":\"Carlos Castro\",\"@id\":\"https:\\\/\\\/www.carloscastrofotografo.com\\\/blog\\\/#\\\/schema\\\/person\\\/f2df3dbaf3422e563228db874428292d\"},\"headline\":\"DJI Mic 3: el micr\u00f3fono inal\u00e1mbrico definitivo para creadores de contenido\",\"datePublished\":\"2025-08-28T12:47:03+00:00\",\"dateModified\":\"2025-08-28T12:52:21+00:00\",\"mainEntityOfPage\":{\"@id\":\"https:\\\/\\\/www.carloscastrofotografo.com\\\/blog\\\/dji-mic-3-microfono-inalambrico\\\/\"},\"wordCount\":605,\"commentCount\":0,\"publisher\":{\"@id\":\"https:\\\/\\\/www.carloscastrofotografo.com\\\/blog\\\/#\\\/schema\\\/person\\\/f2df3dbaf3422e563228db874428292d\"},\"image\":{\"@id\":\"https:\\\/\\\/www.carloscastrofotografo.com\\\/blog\\\/dji-mic-3-microfono-inalambrico\\\/#primaryimage\"},\"thumbnailUrl\":\"https:\\\/\\\/www.carloscastrofotografo.com\\\/blog\\\/wp-content\\\/uploads\\\/2025\\\/08\\\/dji-mic-3.jpg\",\"keywords\":[\"audio profesional\",\"DJI audio\",\"DJI Mic 3\",\"micr\u00f3fono con cancelaci\u00f3n de ruido\",\"micr\u00f3fono inal\u00e1mbrico DJI\",\"micr\u00f3fono para creadores de contenido\",\"micr\u00f3fono para entrevistas\",\"micr\u00f3fono para grabaci\u00f3n\",\"micr\u00f3fono para vlog\",\"micr\u00f3fono para YouTube\"],\"articleSection\":[\"Consejos de Compras y Ofertas\",\"Equipo Audiovisual\",\"Noticias y Actualidad\"],\"inLanguage\":\"es\",\"potentialAction\":[{\"@type\":\"CommentAction\",\"name\":\"Comment\",\"target\":[\"https:\\\/\\\/www.carloscastrofotografo.com\\\/blog\\\/dji-mic-3-microfono-inalambrico\\\/#respond\"]}]},{\"@type\":\"WebPage\",\"@id\":\"https:\\\/\\\/www.carloscastrofotografo.com\\\/blog\\\/dji-mic-3-microfono-inalambrico\\\/\",\"url\":\"https:\\\/\\\/www.carloscastrofotografo.com\\\/blog\\\/dji-mic-3-microfono-inalambrico\\\/\",\"name\":\"DJI Mic 3: el micr\u00f3fono inal\u00e1mbrico definitivo para creadores\",\"isPartOf\":{\"@id\":\"https:\\\/\\\/www.carloscastrofotografo.com\\\/blog\\\/#website\"},\"primaryImageOfPage\":{\"@id\":\"https:\\\/\\\/www.carloscastrofotografo.com\\\/blog\\\/dji-mic-3-microfono-inalambrico\\\/#primaryimage\"},\"image\":{\"@id\":\"https:\\\/\\\/www.carloscastrofotografo.com\\\/blog\\\/dji-mic-3-microfono-inalambrico\\\/#primaryimage\"},\"thumbnailUrl\":\"https:\\\/\\\/www.carloscastrofotografo.com\\\/blog\\\/wp-content\\\/uploads\\\/2025\\\/08\\\/dji-mic-3.jpg\",\"datePublished\":\"2025-08-28T12:47:03+00:00\",\"dateModified\":\"2025-08-28T12:52:21+00:00\",\"description\":\"Descubre el nuevo DJI Mic 3: audio profesional, grabaci\u00f3n interna de 32 bits, hasta 400 m de alcance y 28 h de autonom\u00eda.\",\"breadcrumb\":{\"@id\":\"https:\\\/\\\/www.carloscastrofotografo.com\\\/blog\\\/dji-mic-3-microfono-inalambrico\\\/#breadcrumb\"},\"inLanguage\":\"es\",\"potentialAction\":[{\"@type\":\"ReadAction\",\"target\":[\"https:\\\/\\\/www.carloscastrofotografo.com\\\/blog\\\/dji-mic-3-microfono-inalambrico\\\/\"]}]},{\"@type\":\"ImageObject\",\"inLanguage\":\"es\",\"@id\":\"https:\\\/\\\/www.carloscastrofotografo.com\\\/blog\\\/dji-mic-3-microfono-inalambrico\\\/#primaryimage\",\"url\":\"https:\\\/\\\/www.carloscastrofotografo.com\\\/blog\\\/wp-content\\\/uploads\\\/2025\\\/08\\\/dji-mic-3.jpg\",\"contentUrl\":\"https:\\\/\\\/www.carloscastrofotografo.com\\\/blog\\\/wp-content\\\/uploads\\\/2025\\\/08\\\/dji-mic-3.jpg\",\"width\":2419,\"height\":1416,\"caption\":\"dji mic 3\"},{\"@type\":\"BreadcrumbList\",\"@id\":\"https:\\\/\\\/www.carloscastrofotografo.com\\\/blog\\\/dji-mic-3-microfono-inalambrico\\\/#breadcrumb\",\"itemListElement\":[{\"@type\":\"ListItem\",\"position\":1,\"name\":\"Portada\",\"item\":\"https:\\\/\\\/www.carloscastrofotografo.com\\\/blog\\\/\"},{\"@type\":\"ListItem\",\"position\":2,\"name\":\"DJI Mic 3: el micr\u00f3fono inal\u00e1mbrico definitivo para creadores de contenido\"}]},{\"@type\":\"WebSite\",\"@id\":\"https:\\\/\\\/www.carloscastrofotografo.com\\\/blog\\\/#website\",\"url\":\"https:\\\/\\\/www.carloscastrofotografo.com\\\/blog\\\/\",\"name\":\"Blog de Carlos Castro Fot\u00f3grafo\",\"description\":\"Todo sobre Fotograf\u00eda y V\u00eddeo, para apasionados de la imagen.\",\"publisher\":{\"@id\":\"https:\\\/\\\/www.carloscastrofotografo.com\\\/blog\\\/#\\\/schema\\\/person\\\/f2df3dbaf3422e563228db874428292d\"},\"potentialAction\":[{\"@type\":\"SearchAction\",\"target\":{\"@type\":\"EntryPoint\",\"urlTemplate\":\"https:\\\/\\\/www.carloscastrofotografo.com\\\/blog\\\/?s={search_term_string}\"},\"query-input\":{\"@type\":\"PropertyValueSpecification\",\"valueRequired\":true,\"valueName\":\"search_term_string\"}}],\"inLanguage\":\"es\"},{\"@type\":[\"Person\",\"Organization\"],\"@id\":\"https:\\\/\\\/www.carloscastrofotografo.com\\\/blog\\\/#\\\/schema\\\/person\\\/f2df3dbaf3422e563228db874428292d\",\"name\":\"Carlos Castro\",\"image\":{\"@type\":\"ImageObject\",\"inLanguage\":\"es\",\"@id\":\"https:\\\/\\\/secure.gravatar.com\\\/avatar\\\/dfdb382b872c007d17784b7cf24288a868cd90f2a34825da78d451a9ddbb4dfe?s=96&d=mm&r=g\",\"url\":\"https:\\\/\\\/secure.gravatar.com\\\/avatar\\\/dfdb382b872c007d17784b7cf24288a868cd90f2a34825da78d451a9ddbb4dfe?s=96&d=mm&r=g\",\"contentUrl\":\"https:\\\/\\\/secure.gravatar.com\\\/avatar\\\/dfdb382b872c007d17784b7cf24288a868cd90f2a34825da78d451a9ddbb4dfe?s=96&d=mm&r=g\",\"caption\":\"Carlos Castro\"},\"logo\":{\"@id\":\"https:\\\/\\\/secure.gravatar.com\\\/avatar\\\/dfdb382b872c007d17784b7cf24288a868cd90f2a34825da78d451a9ddbb4dfe?s=96&d=mm&r=g\"},\"description\":\"Fot\u00f3grafo, Videografo y apasionado de la tecnolog\u00eda. Cazador de tormentas y astrofot\u00f3grafo amateur.\",\"sameAs\":[\"https:\\\/\\\/www.carloscastrofotografo.com\",\"https:\\\/\\\/www.youtube.com\\\/carloscastrofotografo\"],\"url\":\"https:\\\/\\\/www.carloscastrofotografo.com\\\/blog\\\/author\\\/admin\\\/\"}]}<\/script>\n<!-- \/ Yoast SEO plugin. -->","yoast_head_json":{"title":"DJI Mic 3: el micr\u00f3fono inal\u00e1mbrico definitivo para creadores","description":"Descubre el nuevo DJI Mic 3: audio profesional, grabaci\u00f3n interna de 32 bits, hasta 400 m de alcance y 28 h de autonom\u00eda.","robots":{"index":"index","follow":"follow","max-snippet":"max-snippet:-1","max-image-preview":"max-image-preview:large","max-video-preview":"max-video-preview:-1"},"canonical":"https:\/\/www.carloscastrofotografo.com\/blog\/dji-mic-3-microfono-inalambrico\/","og_locale":"es_ES","og_type":"article","og_title":"DJI Mic 3: el micr\u00f3fono inal\u00e1mbrico definitivo para creadores","og_description":"Descubre el nuevo DJI Mic 3: audio profesional, grabaci\u00f3n interna de 32 bits, hasta 400 m de alcance y 28 h de autonom\u00eda.","og_url":"https:\/\/www.carloscastrofotografo.com\/blog\/dji-mic-3-microfono-inalambrico\/","og_site_name":"Blog de Carlos Castro Fot\u00f3grafo","article_published_time":"2025-08-28T12:47:03+00:00","article_modified_time":"2025-08-28T12:52:21+00:00","og_image":[{"width":2419,"height":1416,"url":"https:\/\/www.carloscastrofotografo.com\/blog\/wp-content\/uploads\/2025\/08\/dji-mic-3.jpg","type":"image\/jpeg"}],"author":"Carlos Castro","twitter_card":"summary_large_image","twitter_misc":{"Escrito por":"Carlos Castro","Tiempo de lectura":"3 minutos"},"schema":{"@context":"https:\/\/schema.org","@graph":[{"@type":"Article","@id":"https:\/\/www.carloscastrofotografo.com\/blog\/dji-mic-3-microfono-inalambrico\/#article","isPartOf":{"@id":"https:\/\/www.carloscastrofotografo.com\/blog\/dji-mic-3-microfono-inalambrico\/"},"author":{"name":"Carlos Castro","@id":"https:\/\/www.carloscastrofotografo.com\/blog\/#\/schema\/person\/f2df3dbaf3422e563228db874428292d"},"headline":"DJI Mic 3: el micr\u00f3fono inal\u00e1mbrico definitivo para creadores de contenido","datePublished":"2025-08-28T12:47:03+00:00","dateModified":"2025-08-28T12:52:21+00:00","mainEntityOfPage":{"@id":"https:\/\/www.carloscastrofotografo.com\/blog\/dji-mic-3-microfono-inalambrico\/"},"wordCount":605,"commentCount":0,"publisher":{"@id":"https:\/\/www.carloscastrofotografo.com\/blog\/#\/schema\/person\/f2df3dbaf3422e563228db874428292d"},"image":{"@id":"https:\/\/www.carloscastrofotografo.com\/blog\/dji-mic-3-microfono-inalambrico\/#primaryimage"},"thumbnailUrl":"https:\/\/www.carloscastrofotografo.com\/blog\/wp-content\/uploads\/2025\/08\/dji-mic-3.jpg","keywords":["audio profesional","DJI audio","DJI Mic 3","micr\u00f3fono con cancelaci\u00f3n de ruido","micr\u00f3fono inal\u00e1mbrico DJI","micr\u00f3fono para creadores de contenido","micr\u00f3fono para entrevistas","micr\u00f3fono para grabaci\u00f3n","micr\u00f3fono para vlog","micr\u00f3fono para YouTube"],"articleSection":["Consejos de Compras y Ofertas","Equipo Audiovisual","Noticias y Actualidad"],"inLanguage":"es","potentialAction":[{"@type":"CommentAction","name":"Comment","target":["https:\/\/www.carloscastrofotografo.com\/blog\/dji-mic-3-microfono-inalambrico\/#respond"]}]},{"@type":"WebPage","@id":"https:\/\/www.carloscastrofotografo.com\/blog\/dji-mic-3-microfono-inalambrico\/","url":"https:\/\/www.carloscastrofotografo.com\/blog\/dji-mic-3-microfono-inalambrico\/","name":"DJI Mic 3: el micr\u00f3fono inal\u00e1mbrico definitivo para creadores","isPartOf":{"@id":"https:\/\/www.carloscastrofotografo.com\/blog\/#website"},"primaryImageOfPage":{"@id":"https:\/\/www.carloscastrofotografo.com\/blog\/dji-mic-3-microfono-inalambrico\/#primaryimage"},"image":{"@id":"https:\/\/www.carloscastrofotografo.com\/blog\/dji-mic-3-microfono-inalambrico\/#primaryimage"},"thumbnailUrl":"https:\/\/www.carloscastrofotografo.com\/blog\/wp-content\/uploads\/2025\/08\/dji-mic-3.jpg","datePublished":"2025-08-28T12:47:03+00:00","dateModified":"2025-08-28T12:52:21+00:00","description":"Descubre el nuevo DJI Mic 3: audio profesional, grabaci\u00f3n interna de 32 bits, hasta 400 m de alcance y 28 h de autonom\u00eda.","breadcrumb":{"@id":"https:\/\/www.carloscastrofotografo.com\/blog\/dji-mic-3-microfono-inalambrico\/#breadcrumb"},"inLanguage":"es","potentialAction":[{"@type":"ReadAction","target":["https:\/\/www.carloscastrofotografo.com\/blog\/dji-mic-3-microfono-inalambrico\/"]}]},{"@type":"ImageObject","inLanguage":"es","@id":"https:\/\/www.carloscastrofotografo.com\/blog\/dji-mic-3-microfono-inalambrico\/#primaryimage","url":"https:\/\/www.carloscastrofotografo.com\/blog\/wp-content\/uploads\/2025\/08\/dji-mic-3.jpg","contentUrl":"https:\/\/www.carloscastrofotografo.com\/blog\/wp-content\/uploads\/2025\/08\/dji-mic-3.jpg","width":2419,"height":1416,"caption":"dji mic 3"},{"@type":"BreadcrumbList","@id":"https:\/\/www.carloscastrofotografo.com\/blog\/dji-mic-3-microfono-inalambrico\/#breadcrumb","itemListElement":[{"@type":"ListItem","position":1,"name":"Portada","item":"https:\/\/www.carloscastrofotografo.com\/blog\/"},{"@type":"ListItem","position":2,"name":"DJI Mic 3: el micr\u00f3fono inal\u00e1mbrico definitivo para creadores de contenido"}]},{"@type":"WebSite","@id":"https:\/\/www.carloscastrofotografo.com\/blog\/#website","url":"https:\/\/www.carloscastrofotografo.com\/blog\/","name":"Blog de Carlos Castro Fot\u00f3grafo","description":"Todo sobre Fotograf\u00eda y V\u00eddeo, para apasionados de la imagen.","publisher":{"@id":"https:\/\/www.carloscastrofotografo.com\/blog\/#\/schema\/person\/f2df3dbaf3422e563228db874428292d"},"potentialAction":[{"@type":"SearchAction","target":{"@type":"EntryPoint","urlTemplate":"https:\/\/www.carloscastrofotografo.com\/blog\/?s={search_term_string}"},"query-input":{"@type":"PropertyValueSpecification","valueRequired":true,"valueName":"search_term_string"}}],"inLanguage":"es"},{"@type":["Person","Organization"],"@id":"https:\/\/www.carloscastrofotografo.com\/blog\/#\/schema\/person\/f2df3dbaf3422e563228db874428292d","name":"Carlos Castro","image":{"@type":"ImageObject","inLanguage":"es","@id":"https:\/\/secure.gravatar.com\/avatar\/dfdb382b872c007d17784b7cf24288a868cd90f2a34825da78d451a9ddbb4dfe?s=96&d=mm&r=g","url":"https:\/\/secure.gravatar.com\/avatar\/dfdb382b872c007d17784b7cf24288a868cd90f2a34825da78d451a9ddbb4dfe?s=96&d=mm&r=g","contentUrl":"https:\/\/secure.gravatar.com\/avatar\/dfdb382b872c007d17784b7cf24288a868cd90f2a34825da78d451a9ddbb4dfe?s=96&d=mm&r=g","caption":"Carlos Castro"},"logo":{"@id":"https:\/\/secure.gravatar.com\/avatar\/dfdb382b872c007d17784b7cf24288a868cd90f2a34825da78d451a9ddbb4dfe?s=96&d=mm&r=g"},"description":"Fot\u00f3grafo, Videografo y apasionado de la tecnolog\u00eda. Cazador de tormentas y astrofot\u00f3grafo amateur.","sameAs":["https:\/\/www.carloscastrofotografo.com","https:\/\/www.youtube.com\/carloscastrofotografo"],"url":"https:\/\/www.carloscastrofotografo.com\/blog\/author\/admin\/"}]}},"_links":{"self":[{"href":"https:\/\/www.carloscastrofotografo.com\/blog\/wp-json\/wp\/v2\/posts\/1039","targetHints":{"allow":["GET"]}}],"collection":[{"href":"https:\/\/www.carloscastrofotografo.com\/blog\/wp-json\/wp\/v2\/posts"}],"about":[{"href":"https:\/\/www.carloscastrofotografo.com\/blog\/wp-json\/wp\/v2\/types\/post"}],"author":[{"embeddable":true,"href":"https:\/\/www.carloscastrofotografo.com\/blog\/wp-json\/wp\/v2\/users\/1"}],"replies":[{"embeddable":true,"href":"https:\/\/www.carloscastrofotografo.com\/blog\/wp-json\/wp\/v2\/comments?post=1039"}],"version-history":[{"count":2,"href":"https:\/\/www.carloscastrofotografo.com\/blog\/wp-json\/wp\/v2\/posts\/1039\/revisions"}],"predecessor-version":[{"id":1044,"href":"https:\/\/www.carloscastrofotografo.com\/blog\/wp-json\/wp\/v2\/posts\/1039\/revisions\/1044"}],"wp:featuredmedia":[{"embeddable":true,"href":"https:\/\/www.carloscastrofotografo.com\/blog\/wp-json\/wp\/v2\/media\/1042"}],"wp:attachment":[{"href":"https:\/\/www.carloscastrofotografo.com\/blog\/wp-json\/wp\/v2\/media?parent=1039"}],"wp:term":[{"taxonomy":"category","embeddable":true,"href":"https:\/\/www.carloscastrofotografo.com\/blog\/wp-json\/wp\/v2\/categories?post=1039"},{"taxonomy":"post_tag","embeddable":true,"href":"https:\/\/www.carloscastrofotografo.com\/blog\/wp-json\/wp\/v2\/tags?post=1039"}],"curies":[{"name":"wp","href":"https:\/\/api.w.org\/{rel}","templated":true}]}}