{"id":1035,"date":"2025-08-27T12:56:06","date_gmt":"2025-08-27T10:56:06","guid":{"rendered":"https:\/\/www.carloscastrofotografo.com\/blog\/?p=1035"},"modified":"2025-08-27T12:56:07","modified_gmt":"2025-08-27T10:56:07","slug":"parallels-desktop-26-novedades-descuento","status":"publish","type":"post","link":"https:\/\/www.carloscastrofotografo.com\/blog\/parallels-desktop-26-novedades-descuento\/","title":{"rendered":"Parallels Desktop 26: la nueva era de la virtualizaci\u00f3n en Mac con un 35% de descuento"},"content":{"rendered":"\n<p><strong>\u00a1Ya est\u00e1 aqu\u00ed Parallels Desktop 26!<\/strong>&nbsp;La popular soluci\u00f3n de virtualizaci\u00f3n para Mac acaba de lanzar su nueva versi\u00f3n, totalmente optimizada para&nbsp;<strong>macOS 26 Tahoe<\/strong>, ofreciendo compatibilidad mejorada, nuevas funciones para empresas y un rendimiento m\u00e1s fluido para todo tipo de usuarios: desde estudiantes hasta desarrolladores y administradores de TI.<\/p>\n\n\n\n<p>\ud83d\udc49\u00a0<strong>Oferta especial de lanzamiento:<\/strong>\u00a0Consigue\u00a0<strong>35% de descuento<\/strong>\u00a0en <a href=\"https:\/\/bit.ly\/4fypNJi\">Parallels Desktop 26<\/a> con el c\u00f3digo\u00a0<strong>NEW35<\/strong> hasta el\u00a0<strong>21 de septiembre de 2025<\/strong>.<\/p>\n\n\n\n<hr class=\"wp-block-separator has-alpha-channel-opacity\"\/>\n\n\n\n<h2 class=\"wp-block-heading\"><strong>\u00bfQu\u00e9 hay de nuevo en Parallels Desktop 26?<\/strong><\/h2>\n\n\n\n<p>Esta versi\u00f3n marca un antes y un despu\u00e9s al&nbsp;<strong>alinear su numeraci\u00f3n con macOS<\/strong>: Parallels Desktop 26 = macOS 26 Tahoe. As\u00ed, los usuarios tendr\u00e1n m\u00e1s claridad y seguridad al actualizar.<\/p>\n\n\n\n<p>Entre las novedades m\u00e1s destacadas encontramos:<\/p>\n\n\n\n<ul class=\"wp-block-list\">\n<li>\ud83d\udd39\u00a0<strong>Compatibilidad total con macOS 26 Tahoe<\/strong>, garantizando que tus flujos de trabajo sigan funcionando sin interrupciones.<\/li>\n\n\n\n<li>\ud83d\udd39\u00a0<strong>Nuevas reglas para procesos en segundo plano<\/strong>, asegurando que funciones como la configuraci\u00f3n o el modo Coherence se ejecuten sin problemas.<\/li>\n\n\n\n<li>\ud83d\udd39\u00a0<strong>Interfaz refinada<\/strong>, con iconos actualizados en la barra de men\u00fas y el Dock para integrarse mejor con el dise\u00f1o de macOS.<\/li>\n\n\n\n<li>\ud83d\udd39\u00a0<strong>Visibilidad real del espacio en disco desde Windows<\/strong>, evitando bloqueos o ralentizaciones por instalaciones pesadas.<\/li>\n\n\n\n<li>\ud83d\udd39\u00a0<strong>Actualizaciones continuas<\/strong>, adapt\u00e1ndose a cada mejora que Apple lance durante el ciclo de vida de macOS 26.<\/li>\n<\/ul>\n\n\n\n<hr class=\"wp-block-separator has-alpha-channel-opacity\"\/>\n\n\n\n<h2 class=\"wp-block-heading\"><strong>Parallels Desktop 26 para empresas y administradores de TI<\/strong><\/h2>\n\n\n\n<p>No solo los usuarios individuales se benefician. Parallels Desktop 26 incluye mejoras espec\u00edficas para entornos corporativos:<\/p>\n\n\n\n<ul class=\"wp-block-list\">\n<li>\u2705\u00a0<strong>Certificaci\u00f3n SOC 2 Type II renovada<\/strong>, reforzando la confianza en seguridad y cumplimiento normativo.<\/li>\n\n\n\n<li>\u2705\u00a0<strong>Gu\u00eda de despliegue de aplicaciones individuales de Windows en Mac<\/strong>, simplificando la administraci\u00f3n de software sin necesidad de exponer a los usuarios al sistema completo.<\/li>\n\n\n\n<li>\u2705\u00a0<strong>Gesti\u00f3n de actualizaciones de Windows con Jamf y MDM<\/strong>, permitiendo iniciar escaneos e instalaciones directamente desde Jamf Pro.<\/li>\n\n\n\n<li>\u2705\u00a0<strong>Control granular de pol\u00edticas en m\u00e1quinas virtuales<\/strong>\u00a0<em>(pr\u00f3ximamente)<\/em>, asegurando cumplimiento de requisitos de seguridad organizacionales.<\/li>\n<\/ul>\n\n\n\n<hr class=\"wp-block-separator has-alpha-channel-opacity\"\/>\n\n\n\n<figure class=\"wp-block-embed aligncenter is-type-video is-provider-youtube wp-block-embed-youtube wp-embed-aspect-16-9 wp-has-aspect-ratio\"><div class=\"wp-block-embed__wrapper\">\n<iframe loading=\"lazy\" title=\"\u00a1WINDOWS en tu MAC Apple Silicon! La gu\u00eda F\u00c1CIL paso a paso (2025)\" width=\"696\" height=\"392\" src=\"https:\/\/www.youtube.com\/embed\/9gjqNB9rrBM?feature=oembed\" frameborder=\"0\" allow=\"accelerometer; autoplay; clipboard-write; encrypted-media; gyroscope; picture-in-picture; web-share\" referrerpolicy=\"strict-origin-when-cross-origin\" allowfullscreen><\/iframe>\n<\/div><figcaption class=\"wp-element-caption\">Como usar Parallels paso a paso &#8211; Tutorial<\/figcaption><\/figure>\n\n\n\n<h2 class=\"wp-block-heading\"><strong>Casos de uso de Parallels Desktop 26<\/strong><\/h2>\n\n\n\n<p>Parallels es vers\u00e1til y se adapta a diferentes perfiles de usuario:<\/p>\n\n\n\n<ul class=\"wp-block-list\">\n<li>\ud83d\udc69\u200d\ud83d\udcbb\u00a0<strong>Usuarios de apps Windows<\/strong>: Ejecuta m\u00e1s de\u00a0<strong>200.000 aplicaciones de Windows 11<\/strong>\u00a0en tu Mac sin necesidad de otro equipo.<\/li>\n\n\n\n<li>\ud83c\udfae\u00a0<strong>Gamers<\/strong>: Juega t\u00edtulos como GTA V, Age of Empires, FIFA o Counter-Strike 2 directamente en macOS gracias al\u00a0<strong>soporte de DirectX y OpenGL<\/strong>.<\/li>\n\n\n\n<li>\ud83c\udf93\u00a0<strong>Estudiantes y educadores<\/strong>: Accede a software esencial como AutoCAD, SolidWorks, ArcGIS o Visual Studio en tu Mac con integraci\u00f3n completa.<\/li>\n\n\n\n<li>\ud83e\uddd1\u200d\ud83d\udcbb\u00a0<strong>Desarrolladores<\/strong>: Aprovecha las nuevas herramientas de integraci\u00f3n con\u00a0<strong>Visual Studio Code y GitHub Actions<\/strong>, control de VMs con\u00a0<strong>Microsoft Copilot<\/strong>\u00a0y compatibilidad para entornos de desarrollo multiplataforma.<\/li>\n\n\n\n<li>\ud83d\udda5\ufe0f\u00a0<strong>Administradores de TI<\/strong>: Simplifica despliegues, configura pol\u00edticas centralizadas y gestiona entornos virtuales a gran escala.<\/li>\n<\/ul>\n\n\n\n<hr class=\"wp-block-separator has-alpha-channel-opacity\"\/>\n\n\n\n<h2 class=\"wp-block-heading\"><strong>Ediciones disponibles: Standard vs Pro<\/strong><\/h2>\n\n\n\n<ul class=\"wp-block-list\">\n<li><strong>Parallels Desktop Standard Edition<\/strong>\u00a0\ud83d\udc49 Pensada para usuarios que solo necesitan ejecutar apps de Windows en Mac de forma sencilla.<\/li>\n\n\n\n<li><strong>Parallels Desktop Pro Edition<\/strong>\u00a0\ud83d\udc49 Dise\u00f1ada para profesionales, gamers, desarrolladores y empresas que requieren mayor rendimiento, soporte avanzado y herramientas de integraci\u00f3n.<\/li>\n<\/ul>\n\n\n\n<hr class=\"wp-block-separator has-alpha-channel-opacity\"\/>\n\n\n\n<h2 class=\"wp-block-heading\"><strong>Oferta de lanzamiento: 35% de descuento<\/strong><\/h2>\n\n\n\n<p>Aprovecha esta promoci\u00f3n mundial disponible hasta el&nbsp;<strong>21 de septiembre de 2025<\/strong>&nbsp;(excepto en CN y HK, donde el descuento es del 30%):<\/p>\n\n\n\n<p>\ud83c\udf81&nbsp;<strong>Cup\u00f3n exclusivo:<\/strong>&nbsp;NEW35<\/p>\n\n\n\n<p>\ud83d\udccc&nbsp;<strong>Descuento:<\/strong>&nbsp;35%<\/p>\n\n\n\n<p>\ud83d\udce6&nbsp;<strong>Ediciones aplicables:<\/strong>&nbsp;Standard 1 a\u00f1o, Pro 1 a\u00f1o y Business 1 a\u00f1o<\/p>\n\n\n\n<p><a href=\"https:\/\/www.parallels.com\/products\/desktop\/\">\ud83d\udc49 <\/a><a href=\"https:\/\/bit.ly\/4fypNJi\">Descubre Parallels Desktop 26 aqu\u00ed<\/a><\/p>\n\n\n\n<hr class=\"wp-block-separator has-alpha-channel-opacity\"\/>\n\n\n\n<h2 class=\"wp-block-heading\"><strong>Conclusi\u00f3n<\/strong><\/h2>\n\n\n\n<p><strong>Parallels Desktop 26<\/strong>&nbsp;llega como la herramienta definitiva para ejecutar&nbsp;<strong>Windows, Linux y macOS en un solo Mac<\/strong>. Con mayor compatibilidad, control para empresas, rendimiento mejorado y una oferta de lanzamiento irresistible, esta es la versi\u00f3n ideal para usuarios individuales y corporativos que buscan productividad sin l\u00edmites.<\/p>\n\n\n\n<p>Tu Mac, cualquier sistema operativo:&nbsp;<strong>\u00a1crea sin l\u00edmites con Parallels Desktop 26!<\/strong>&nbsp;\ud83d\ude80<\/p>\n","protected":false},"excerpt":{"rendered":"<p>\u00a1Ya est\u00e1 aqu\u00ed Parallels Desktop 26!&nbsp;La popular soluci\u00f3n de virtualizaci\u00f3n para Mac acaba de lanzar su nueva versi\u00f3n, totalmente optimizada para&nbsp;macOS 26 Tahoe, ofreciendo compatibilidad mejorada, nuevas funciones para empresas y un rendimiento m\u00e1s fluido para todo tipo de usuarios: desde estudiantes hasta desarrolladores y administradores de TI. \ud83d\udc49\u00a0Oferta especial de lanzamiento:\u00a0Consigue\u00a035% de descuento\u00a0en Parallels [&hellip;]<\/p>\n","protected":false},"author":1,"featured_media":1036,"comment_status":"open","ping_status":"open","sticky":false,"template":"","format":"standard","meta":{"footnotes":""},"categories":[68,25],"tags":[981,977,978,973,976,971,974,980,979,975,972],"class_list":{"0":"post-1035","1":"post","2":"type-post","3":"status-publish","4":"format-standard","5":"has-post-thumbnail","7":"category-compras-y-ofertas","8":"category-noticias-actualidad","9":"tag-ejecutar-windows-en-mac","10":"tag-macos-26-tahoe","11":"tag-parallels-desktop-2025","12":"tag-parallels-desktop-26","13":"tag-parallels-desktop-descuento","14":"tag-parallels-desktop-mac","15":"tag-parallels-pro","16":"tag-parallels-standard","17":"tag-software-para-mac","18":"tag-virtualizacion-mac","19":"tag-windows-en-mac"},"yoast_head":"<!-- This site is optimized with the Yoast SEO plugin v27.4 - https:\/\/yoast.com\/product\/yoast-seo-wordpress\/ -->\n<title>Parallels Desktop 26: novedades, compatibilidad y 35% de DTO.<\/title>\n<meta name=\"description\" content=\"Descubre Parallels Desktop 26, optimizado para macOS 26 Tahoe. Novedades, mejoras para empresas y oferta especial del 35% de descuento.\" \/>\n<meta name=\"robots\" content=\"index, follow, max-snippet:-1, max-image-preview:large, max-video-preview:-1\" \/>\n<link rel=\"canonical\" href=\"https:\/\/www.carloscastrofotografo.com\/blog\/parallels-desktop-26-novedades-descuento\/\" \/>\n<meta property=\"og:locale\" content=\"es_ES\" \/>\n<meta property=\"og:type\" content=\"article\" \/>\n<meta property=\"og:title\" content=\"Parallels Desktop 26: novedades, compatibilidad y 35% de DTO.\" \/>\n<meta property=\"og:description\" content=\"Descubre Parallels Desktop 26, optimizado para macOS 26 Tahoe. Novedades, mejoras para empresas y oferta especial del 35% de descuento.\" \/>\n<meta property=\"og:url\" content=\"https:\/\/www.carloscastrofotografo.com\/blog\/parallels-desktop-26-novedades-descuento\/\" \/>\n<meta property=\"og:site_name\" content=\"Blog de Carlos Castro Fot\u00f3grafo\" \/>\n<meta property=\"article:published_time\" content=\"2025-08-27T10:56:06+00:00\" \/>\n<meta property=\"article:modified_time\" content=\"2025-08-27T10:56:07+00:00\" \/>\n<meta property=\"og:image\" content=\"https:\/\/www.carloscastrofotografo.com\/blog\/wp-content\/uploads\/2025\/08\/parallels-26.jpeg\" \/>\n\t<meta property=\"og:image:width\" content=\"1200\" \/>\n\t<meta property=\"og:image:height\" content=\"718\" \/>\n\t<meta property=\"og:image:type\" content=\"image\/jpeg\" \/>\n<meta name=\"author\" content=\"Carlos Castro\" \/>\n<meta name=\"twitter:card\" content=\"summary_large_image\" \/>\n<meta name=\"twitter:label1\" content=\"Escrito por\" \/>\n\t<meta name=\"twitter:data1\" content=\"Carlos Castro\" \/>\n\t<meta name=\"twitter:label2\" content=\"Tiempo de lectura\" \/>\n\t<meta name=\"twitter:data2\" content=\"4 minutos\" \/>\n<script type=\"application\/ld+json\" class=\"yoast-schema-graph\">{\"@context\":\"https:\\\/\\\/schema.org\",\"@graph\":[{\"@type\":\"Article\",\"@id\":\"https:\\\/\\\/www.carloscastrofotografo.com\\\/blog\\\/parallels-desktop-26-novedades-descuento\\\/#article\",\"isPartOf\":{\"@id\":\"https:\\\/\\\/www.carloscastrofotografo.com\\\/blog\\\/parallels-desktop-26-novedades-descuento\\\/\"},\"author\":{\"name\":\"Carlos Castro\",\"@id\":\"https:\\\/\\\/www.carloscastrofotografo.com\\\/blog\\\/#\\\/schema\\\/person\\\/f2df3dbaf3422e563228db874428292d\"},\"headline\":\"Parallels Desktop 26: la nueva era de la virtualizaci\u00f3n en Mac con un 35% de descuento\",\"datePublished\":\"2025-08-27T10:56:06+00:00\",\"dateModified\":\"2025-08-27T10:56:07+00:00\",\"mainEntityOfPage\":{\"@id\":\"https:\\\/\\\/www.carloscastrofotografo.com\\\/blog\\\/parallels-desktop-26-novedades-descuento\\\/\"},\"wordCount\":637,\"commentCount\":0,\"publisher\":{\"@id\":\"https:\\\/\\\/www.carloscastrofotografo.com\\\/blog\\\/#\\\/schema\\\/person\\\/f2df3dbaf3422e563228db874428292d\"},\"image\":{\"@id\":\"https:\\\/\\\/www.carloscastrofotografo.com\\\/blog\\\/parallels-desktop-26-novedades-descuento\\\/#primaryimage\"},\"thumbnailUrl\":\"https:\\\/\\\/www.carloscastrofotografo.com\\\/blog\\\/wp-content\\\/uploads\\\/2025\\\/08\\\/parallels-26.jpeg\",\"keywords\":[\"ejecutar Windows en Mac\",\"macOS 26 Tahoe\",\"Parallels Desktop 2025\",\"Parallels Desktop 26\",\"Parallels Desktop descuento\",\"Parallels Desktop Mac\",\"Parallels Pro\",\"Parallels Standard\",\"software para Mac\",\"virtualizaci\u00f3n Mac\",\"Windows en Mac\"],\"articleSection\":[\"Consejos de Compras y Ofertas\",\"Noticias y Actualidad\"],\"inLanguage\":\"es\",\"potentialAction\":[{\"@type\":\"CommentAction\",\"name\":\"Comment\",\"target\":[\"https:\\\/\\\/www.carloscastrofotografo.com\\\/blog\\\/parallels-desktop-26-novedades-descuento\\\/#respond\"]}]},{\"@type\":\"WebPage\",\"@id\":\"https:\\\/\\\/www.carloscastrofotografo.com\\\/blog\\\/parallels-desktop-26-novedades-descuento\\\/\",\"url\":\"https:\\\/\\\/www.carloscastrofotografo.com\\\/blog\\\/parallels-desktop-26-novedades-descuento\\\/\",\"name\":\"Parallels Desktop 26: novedades, compatibilidad y 35% de DTO.\",\"isPartOf\":{\"@id\":\"https:\\\/\\\/www.carloscastrofotografo.com\\\/blog\\\/#website\"},\"primaryImageOfPage\":{\"@id\":\"https:\\\/\\\/www.carloscastrofotografo.com\\\/blog\\\/parallels-desktop-26-novedades-descuento\\\/#primaryimage\"},\"image\":{\"@id\":\"https:\\\/\\\/www.carloscastrofotografo.com\\\/blog\\\/parallels-desktop-26-novedades-descuento\\\/#primaryimage\"},\"thumbnailUrl\":\"https:\\\/\\\/www.carloscastrofotografo.com\\\/blog\\\/wp-content\\\/uploads\\\/2025\\\/08\\\/parallels-26.jpeg\",\"datePublished\":\"2025-08-27T10:56:06+00:00\",\"dateModified\":\"2025-08-27T10:56:07+00:00\",\"description\":\"Descubre Parallels Desktop 26, optimizado para macOS 26 Tahoe. Novedades, mejoras para empresas y oferta especial del 35% de descuento.\",\"breadcrumb\":{\"@id\":\"https:\\\/\\\/www.carloscastrofotografo.com\\\/blog\\\/parallels-desktop-26-novedades-descuento\\\/#breadcrumb\"},\"inLanguage\":\"es\",\"potentialAction\":[{\"@type\":\"ReadAction\",\"target\":[\"https:\\\/\\\/www.carloscastrofotografo.com\\\/blog\\\/parallels-desktop-26-novedades-descuento\\\/\"]}]},{\"@type\":\"ImageObject\",\"inLanguage\":\"es\",\"@id\":\"https:\\\/\\\/www.carloscastrofotografo.com\\\/blog\\\/parallels-desktop-26-novedades-descuento\\\/#primaryimage\",\"url\":\"https:\\\/\\\/www.carloscastrofotografo.com\\\/blog\\\/wp-content\\\/uploads\\\/2025\\\/08\\\/parallels-26.jpeg\",\"contentUrl\":\"https:\\\/\\\/www.carloscastrofotografo.com\\\/blog\\\/wp-content\\\/uploads\\\/2025\\\/08\\\/parallels-26.jpeg\",\"width\":1200,\"height\":718,\"caption\":\"parallels 26\"},{\"@type\":\"BreadcrumbList\",\"@id\":\"https:\\\/\\\/www.carloscastrofotografo.com\\\/blog\\\/parallels-desktop-26-novedades-descuento\\\/#breadcrumb\",\"itemListElement\":[{\"@type\":\"ListItem\",\"position\":1,\"name\":\"Portada\",\"item\":\"https:\\\/\\\/www.carloscastrofotografo.com\\\/blog\\\/\"},{\"@type\":\"ListItem\",\"position\":2,\"name\":\"Parallels Desktop 26: la nueva era de la virtualizaci\u00f3n en Mac con un 35% de descuento\"}]},{\"@type\":\"WebSite\",\"@id\":\"https:\\\/\\\/www.carloscastrofotografo.com\\\/blog\\\/#website\",\"url\":\"https:\\\/\\\/www.carloscastrofotografo.com\\\/blog\\\/\",\"name\":\"Blog de Carlos Castro Fot\u00f3grafo\",\"description\":\"Todo sobre Fotograf\u00eda y V\u00eddeo, para apasionados de la imagen.\",\"publisher\":{\"@id\":\"https:\\\/\\\/www.carloscastrofotografo.com\\\/blog\\\/#\\\/schema\\\/person\\\/f2df3dbaf3422e563228db874428292d\"},\"potentialAction\":[{\"@type\":\"SearchAction\",\"target\":{\"@type\":\"EntryPoint\",\"urlTemplate\":\"https:\\\/\\\/www.carloscastrofotografo.com\\\/blog\\\/?s={search_term_string}\"},\"query-input\":{\"@type\":\"PropertyValueSpecification\",\"valueRequired\":true,\"valueName\":\"search_term_string\"}}],\"inLanguage\":\"es\"},{\"@type\":[\"Person\",\"Organization\"],\"@id\":\"https:\\\/\\\/www.carloscastrofotografo.com\\\/blog\\\/#\\\/schema\\\/person\\\/f2df3dbaf3422e563228db874428292d\",\"name\":\"Carlos Castro\",\"image\":{\"@type\":\"ImageObject\",\"inLanguage\":\"es\",\"@id\":\"https:\\\/\\\/secure.gravatar.com\\\/avatar\\\/dfdb382b872c007d17784b7cf24288a868cd90f2a34825da78d451a9ddbb4dfe?s=96&d=mm&r=g\",\"url\":\"https:\\\/\\\/secure.gravatar.com\\\/avatar\\\/dfdb382b872c007d17784b7cf24288a868cd90f2a34825da78d451a9ddbb4dfe?s=96&d=mm&r=g\",\"contentUrl\":\"https:\\\/\\\/secure.gravatar.com\\\/avatar\\\/dfdb382b872c007d17784b7cf24288a868cd90f2a34825da78d451a9ddbb4dfe?s=96&d=mm&r=g\",\"caption\":\"Carlos Castro\"},\"logo\":{\"@id\":\"https:\\\/\\\/secure.gravatar.com\\\/avatar\\\/dfdb382b872c007d17784b7cf24288a868cd90f2a34825da78d451a9ddbb4dfe?s=96&d=mm&r=g\"},\"description\":\"Fot\u00f3grafo, Videografo y apasionado de la tecnolog\u00eda. Cazador de tormentas y astrofot\u00f3grafo amateur.\",\"sameAs\":[\"https:\\\/\\\/www.carloscastrofotografo.com\",\"https:\\\/\\\/www.youtube.com\\\/carloscastrofotografo\"],\"url\":\"https:\\\/\\\/www.carloscastrofotografo.com\\\/blog\\\/author\\\/admin\\\/\"}]}<\/script>\n<!-- \/ Yoast SEO plugin. -->","yoast_head_json":{"title":"Parallels Desktop 26: novedades, compatibilidad y 35% de DTO.","description":"Descubre Parallels Desktop 26, optimizado para macOS 26 Tahoe. Novedades, mejoras para empresas y oferta especial del 35% de descuento.","robots":{"index":"index","follow":"follow","max-snippet":"max-snippet:-1","max-image-preview":"max-image-preview:large","max-video-preview":"max-video-preview:-1"},"canonical":"https:\/\/www.carloscastrofotografo.com\/blog\/parallels-desktop-26-novedades-descuento\/","og_locale":"es_ES","og_type":"article","og_title":"Parallels Desktop 26: novedades, compatibilidad y 35% de DTO.","og_description":"Descubre Parallels Desktop 26, optimizado para macOS 26 Tahoe. Novedades, mejoras para empresas y oferta especial del 35% de descuento.","og_url":"https:\/\/www.carloscastrofotografo.com\/blog\/parallels-desktop-26-novedades-descuento\/","og_site_name":"Blog de Carlos Castro Fot\u00f3grafo","article_published_time":"2025-08-27T10:56:06+00:00","article_modified_time":"2025-08-27T10:56:07+00:00","og_image":[{"width":1200,"height":718,"url":"https:\/\/www.carloscastrofotografo.com\/blog\/wp-content\/uploads\/2025\/08\/parallels-26.jpeg","type":"image\/jpeg"}],"author":"Carlos Castro","twitter_card":"summary_large_image","twitter_misc":{"Escrito por":"Carlos Castro","Tiempo de lectura":"4 minutos"},"schema":{"@context":"https:\/\/schema.org","@graph":[{"@type":"Article","@id":"https:\/\/www.carloscastrofotografo.com\/blog\/parallels-desktop-26-novedades-descuento\/#article","isPartOf":{"@id":"https:\/\/www.carloscastrofotografo.com\/blog\/parallels-desktop-26-novedades-descuento\/"},"author":{"name":"Carlos Castro","@id":"https:\/\/www.carloscastrofotografo.com\/blog\/#\/schema\/person\/f2df3dbaf3422e563228db874428292d"},"headline":"Parallels Desktop 26: la nueva era de la virtualizaci\u00f3n en Mac con un 35% de descuento","datePublished":"2025-08-27T10:56:06+00:00","dateModified":"2025-08-27T10:56:07+00:00","mainEntityOfPage":{"@id":"https:\/\/www.carloscastrofotografo.com\/blog\/parallels-desktop-26-novedades-descuento\/"},"wordCount":637,"commentCount":0,"publisher":{"@id":"https:\/\/www.carloscastrofotografo.com\/blog\/#\/schema\/person\/f2df3dbaf3422e563228db874428292d"},"image":{"@id":"https:\/\/www.carloscastrofotografo.com\/blog\/parallels-desktop-26-novedades-descuento\/#primaryimage"},"thumbnailUrl":"https:\/\/www.carloscastrofotografo.com\/blog\/wp-content\/uploads\/2025\/08\/parallels-26.jpeg","keywords":["ejecutar Windows en Mac","macOS 26 Tahoe","Parallels Desktop 2025","Parallels Desktop 26","Parallels Desktop descuento","Parallels Desktop Mac","Parallels Pro","Parallels Standard","software para Mac","virtualizaci\u00f3n Mac","Windows en Mac"],"articleSection":["Consejos de Compras y Ofertas","Noticias y Actualidad"],"inLanguage":"es","potentialAction":[{"@type":"CommentAction","name":"Comment","target":["https:\/\/www.carloscastrofotografo.com\/blog\/parallels-desktop-26-novedades-descuento\/#respond"]}]},{"@type":"WebPage","@id":"https:\/\/www.carloscastrofotografo.com\/blog\/parallels-desktop-26-novedades-descuento\/","url":"https:\/\/www.carloscastrofotografo.com\/blog\/parallels-desktop-26-novedades-descuento\/","name":"Parallels Desktop 26: novedades, compatibilidad y 35% de DTO.","isPartOf":{"@id":"https:\/\/www.carloscastrofotografo.com\/blog\/#website"},"primaryImageOfPage":{"@id":"https:\/\/www.carloscastrofotografo.com\/blog\/parallels-desktop-26-novedades-descuento\/#primaryimage"},"image":{"@id":"https:\/\/www.carloscastrofotografo.com\/blog\/parallels-desktop-26-novedades-descuento\/#primaryimage"},"thumbnailUrl":"https:\/\/www.carloscastrofotografo.com\/blog\/wp-content\/uploads\/2025\/08\/parallels-26.jpeg","datePublished":"2025-08-27T10:56:06+00:00","dateModified":"2025-08-27T10:56:07+00:00","description":"Descubre Parallels Desktop 26, optimizado para macOS 26 Tahoe. Novedades, mejoras para empresas y oferta especial del 35% de descuento.","breadcrumb":{"@id":"https:\/\/www.carloscastrofotografo.com\/blog\/parallels-desktop-26-novedades-descuento\/#breadcrumb"},"inLanguage":"es","potentialAction":[{"@type":"ReadAction","target":["https:\/\/www.carloscastrofotografo.com\/blog\/parallels-desktop-26-novedades-descuento\/"]}]},{"@type":"ImageObject","inLanguage":"es","@id":"https:\/\/www.carloscastrofotografo.com\/blog\/parallels-desktop-26-novedades-descuento\/#primaryimage","url":"https:\/\/www.carloscastrofotografo.com\/blog\/wp-content\/uploads\/2025\/08\/parallels-26.jpeg","contentUrl":"https:\/\/www.carloscastrofotografo.com\/blog\/wp-content\/uploads\/2025\/08\/parallels-26.jpeg","width":1200,"height":718,"caption":"parallels 26"},{"@type":"BreadcrumbList","@id":"https:\/\/www.carloscastrofotografo.com\/blog\/parallels-desktop-26-novedades-descuento\/#breadcrumb","itemListElement":[{"@type":"ListItem","position":1,"name":"Portada","item":"https:\/\/www.carloscastrofotografo.com\/blog\/"},{"@type":"ListItem","position":2,"name":"Parallels Desktop 26: la nueva era de la virtualizaci\u00f3n en Mac con un 35% de descuento"}]},{"@type":"WebSite","@id":"https:\/\/www.carloscastrofotografo.com\/blog\/#website","url":"https:\/\/www.carloscastrofotografo.com\/blog\/","name":"Blog de Carlos Castro Fot\u00f3grafo","description":"Todo sobre Fotograf\u00eda y V\u00eddeo, para apasionados de la imagen.","publisher":{"@id":"https:\/\/www.carloscastrofotografo.com\/blog\/#\/schema\/person\/f2df3dbaf3422e563228db874428292d"},"potentialAction":[{"@type":"SearchAction","target":{"@type":"EntryPoint","urlTemplate":"https:\/\/www.carloscastrofotografo.com\/blog\/?s={search_term_string}"},"query-input":{"@type":"PropertyValueSpecification","valueRequired":true,"valueName":"search_term_string"}}],"inLanguage":"es"},{"@type":["Person","Organization"],"@id":"https:\/\/www.carloscastrofotografo.com\/blog\/#\/schema\/person\/f2df3dbaf3422e563228db874428292d","name":"Carlos Castro","image":{"@type":"ImageObject","inLanguage":"es","@id":"https:\/\/secure.gravatar.com\/avatar\/dfdb382b872c007d17784b7cf24288a868cd90f2a34825da78d451a9ddbb4dfe?s=96&d=mm&r=g","url":"https:\/\/secure.gravatar.com\/avatar\/dfdb382b872c007d17784b7cf24288a868cd90f2a34825da78d451a9ddbb4dfe?s=96&d=mm&r=g","contentUrl":"https:\/\/secure.gravatar.com\/avatar\/dfdb382b872c007d17784b7cf24288a868cd90f2a34825da78d451a9ddbb4dfe?s=96&d=mm&r=g","caption":"Carlos Castro"},"logo":{"@id":"https:\/\/secure.gravatar.com\/avatar\/dfdb382b872c007d17784b7cf24288a868cd90f2a34825da78d451a9ddbb4dfe?s=96&d=mm&r=g"},"description":"Fot\u00f3grafo, Videografo y apasionado de la tecnolog\u00eda. Cazador de tormentas y astrofot\u00f3grafo amateur.","sameAs":["https:\/\/www.carloscastrofotografo.com","https:\/\/www.youtube.com\/carloscastrofotografo"],"url":"https:\/\/www.carloscastrofotografo.com\/blog\/author\/admin\/"}]}},"_links":{"self":[{"href":"https:\/\/www.carloscastrofotografo.com\/blog\/wp-json\/wp\/v2\/posts\/1035","targetHints":{"allow":["GET"]}}],"collection":[{"href":"https:\/\/www.carloscastrofotografo.com\/blog\/wp-json\/wp\/v2\/posts"}],"about":[{"href":"https:\/\/www.carloscastrofotografo.com\/blog\/wp-json\/wp\/v2\/types\/post"}],"author":[{"embeddable":true,"href":"https:\/\/www.carloscastrofotografo.com\/blog\/wp-json\/wp\/v2\/users\/1"}],"replies":[{"embeddable":true,"href":"https:\/\/www.carloscastrofotografo.com\/blog\/wp-json\/wp\/v2\/comments?post=1035"}],"version-history":[{"count":1,"href":"https:\/\/www.carloscastrofotografo.com\/blog\/wp-json\/wp\/v2\/posts\/1035\/revisions"}],"predecessor-version":[{"id":1037,"href":"https:\/\/www.carloscastrofotografo.com\/blog\/wp-json\/wp\/v2\/posts\/1035\/revisions\/1037"}],"wp:featuredmedia":[{"embeddable":true,"href":"https:\/\/www.carloscastrofotografo.com\/blog\/wp-json\/wp\/v2\/media\/1036"}],"wp:attachment":[{"href":"https:\/\/www.carloscastrofotografo.com\/blog\/wp-json\/wp\/v2\/media?parent=1035"}],"wp:term":[{"taxonomy":"category","embeddable":true,"href":"https:\/\/www.carloscastrofotografo.com\/blog\/wp-json\/wp\/v2\/categories?post=1035"},{"taxonomy":"post_tag","embeddable":true,"href":"https:\/\/www.carloscastrofotografo.com\/blog\/wp-json\/wp\/v2\/tags?post=1035"}],"curies":[{"name":"wp","href":"https:\/\/api.w.org\/{rel}","templated":true}]}}