{"id":1021,"date":"2025-08-23T15:55:46","date_gmt":"2025-08-23T13:55:46","guid":{"rendered":"https:\/\/www.carloscastrofotografo.com\/blog\/?p=1021"},"modified":"2025-08-28T14:34:27","modified_gmt":"2025-08-28T12:34:27","slug":"dji-mic-3-lanzamiento-2025","status":"publish","type":"post","link":"https:\/\/www.carloscastrofotografo.com\/blog\/dji-mic-3-lanzamiento-2025\/","title":{"rendered":"DJI Mic 3: Todo lo que sabemos sobre el lanzamiento del 28 de agosto de 2025"},"content":{"rendered":"\n<p>La cuenta atr\u00e1s ha comenzado. DJI, reconocida por revolucionar la tecnolog\u00eda de drones y estabilizadores, ha confirmado que el esperado&nbsp;<strong>DJI Mic 3<\/strong>&nbsp;ver\u00e1 la luz el&nbsp;<strong>28 de agosto de 2025<\/strong>. Este nuevo sistema de micr\u00f3fonos inal\u00e1mbricos promete marcar un antes y un despu\u00e9s en la grabaci\u00f3n de audio para creadores de contenido, cineastas y vloggers.<\/p>\n\n\n\n<p>Durante meses, rumores y filtraciones han dibujado el perfil de un dispositivo que apunta a convertirse en referente en el sector. En este art\u00edculo repasamos las principales novedades, filtraciones y caracter\u00edsticas que podr\u00edan convertir al DJI Mic 3 en el mejor micr\u00f3fono inal\u00e1mbrico para creadores.<\/p>\n\n\n\n<hr class=\"wp-block-separator has-alpha-channel-opacity\"\/>\n\n\n\n<h2 class=\"wp-block-heading\"><strong>Caracter\u00edsticas clave del DJI Mic 3<\/strong><\/h2>\n\n\n\n<h3 class=\"wp-block-heading\"><strong>Grabaci\u00f3n m\u00faltiple para producciones profesionales<\/strong><\/h3>\n\n\n\n<p>Una de las grandes novedades es la posibilidad de&nbsp;<strong>grabar hasta cuatro transmisores simult\u00e1neamente<\/strong>, duplicando la capacidad del DJI Mic 2. Adem\u00e1s, el receptor podr\u00e1&nbsp;<strong>sincronizar hasta 4 micr\u00f3fonos a la vez<\/strong>, lo que lo convierte en una herramienta perfecta para entrevistas grupales, podcasts y producciones multic\u00e1mara.<\/p>\n\n\n\n<h3 class=\"wp-block-heading\"><strong>Audio de calidad superior con 32-bit flotante<\/strong><\/h3>\n\n\n\n<p>El DJI Mic 3 mantendr\u00e1 la&nbsp;<strong>grabaci\u00f3n interna a 32-bit flotante<\/strong>, ofreciendo un rango din\u00e1mico excepcional y evitando problemas de distorsi\u00f3n por picos o niveles demasiado bajos. Esto da a los creadores una flexibilidad sin precedentes en postproducci\u00f3n.<\/p>\n\n\n\n<h3 class=\"wp-block-heading\"><strong>Inteligencia aplicada al sonido<\/strong><\/h3>\n\n\n\n<p>Se espera la incorporaci\u00f3n de dos nuevas funciones estrella:<\/p>\n\n\n\n<ul class=\"wp-block-list\">\n<li><strong>Ganancia Adaptativa (Adaptive Gain):<\/strong>&nbsp;ajusta autom\u00e1ticamente los niveles en entornos cambiantes.<\/li>\n\n\n\n<li><strong>Reducci\u00f3n de Ruido de Doble Nivel:<\/strong>&nbsp;filtra el ruido ambiental de forma avanzada desde el receptor.<\/li>\n<\/ul>\n\n\n\n<h3 class=\"wp-block-heading\"><strong>Mayor alcance y transmisi\u00f3n estable<\/strong><\/h3>\n\n\n\n<p>El nuevo sistema podr\u00eda alcanzar hasta&nbsp;<strong>400 metros de transmisi\u00f3n<\/strong>, frente a los 250 metros de su antecesor. Esto ser\u00eda posible gracias al uso combinado de las bandas 2.4 GHz y 5 GHz, conmutando autom\u00e1ticamente seg\u00fan el entorno.<\/p>\n\n\n\n<h3 class=\"wp-block-heading\"><strong>Sincronizaci\u00f3n de c\u00f3digo de tiempo<\/strong><\/h3>\n\n\n\n<p>Otra funci\u00f3n clave ser\u00eda la&nbsp;<strong>sincronizaci\u00f3n de c\u00f3digo de tiempo<\/strong>, pensada para flujos de trabajo profesionales donde se requiere una perfecta alineaci\u00f3n entre audio y video.<\/p>\n\n\n\n<p>Aqu\u00ed os dejo una review del Osmo Pocket 3, para recordar el buen funcionamiento del DJI Mic 2 que incluye:<\/p>\n\n\n\n<figure class=\"wp-block-embed aligncenter is-type-video is-provider-youtube wp-block-embed-youtube wp-embed-aspect-16-9 wp-has-aspect-ratio\"><div class=\"wp-block-embed__wrapper\">\n<iframe loading=\"lazy\" title=\"La c\u00e1mara que graba sola: DJI Osmo Pocket 3 en acci\u00f3n \ud83c\udfa5\ud83d\udd25\" width=\"696\" height=\"392\" src=\"https:\/\/www.youtube.com\/embed\/8bMop85rXPI?feature=oembed\" frameborder=\"0\" allow=\"accelerometer; autoplay; clipboard-write; encrypted-media; gyroscope; picture-in-picture; web-share\" referrerpolicy=\"strict-origin-when-cross-origin\" allowfullscreen><\/iframe>\n<\/div><\/figure>\n\n\n\n<hr class=\"wp-block-separator has-alpha-channel-opacity\"\/>\n\n\n\n<h2 class=\"wp-block-heading\"><strong>Dise\u00f1o y ergonom\u00eda: m\u00e1s compacto y ligero<\/strong><\/h2>\n\n\n\n<p>Las im\u00e1genes filtradas apuntan a que los transmisores ser\u00e1n m\u00e1s peque\u00f1os y discretos, inspirados en el&nbsp;<strong>DJI Mic Mini<\/strong>. Esto facilitar\u00eda su colocaci\u00f3n en la ropa sin resultar intrusivo.<\/p>\n\n\n\n<p>El receptor tambi\u00e9n se habr\u00eda redise\u00f1ado, manteniendo la pantalla para monitorizaci\u00f3n de niveles. El estuche de carga, completamente renovado, ser\u00e1 compacto y port\u00e1til, ideal para transportarlo en cualquier situaci\u00f3n.<\/p>\n\n\n\n<hr class=\"wp-block-separator has-alpha-channel-opacity\"\/>\n\n\n<div class=\"wp-block-image\">\n<figure class=\"aligncenter size-large td-caption-align-https:\/\/www.carloscastrofotografo.com\/blog\/wp-content\/uploads\/2025\/08\/anuncio-dji-mic-3-1.png\"><img loading=\"lazy\" decoding=\"async\" width=\"834\" height=\"1024\" src=\"https:\/\/www.carloscastrofotografo.com\/blog\/wp-content\/uploads\/2025\/08\/anuncio-dji-mic-3-1-834x1024.png\" alt=\"\" class=\"wp-image-1024\" srcset=\"https:\/\/www.carloscastrofotografo.com\/blog\/wp-content\/uploads\/2025\/08\/anuncio-dji-mic-3-1-834x1024.png 834w, https:\/\/www.carloscastrofotografo.com\/blog\/wp-content\/uploads\/2025\/08\/anuncio-dji-mic-3-1-244x300.png 244w, https:\/\/www.carloscastrofotografo.com\/blog\/wp-content\/uploads\/2025\/08\/anuncio-dji-mic-3-1-768x943.png 768w, https:\/\/www.carloscastrofotografo.com\/blog\/wp-content\/uploads\/2025\/08\/anuncio-dji-mic-3-1-1251x1536.png 1251w, https:\/\/www.carloscastrofotografo.com\/blog\/wp-content\/uploads\/2025\/08\/anuncio-dji-mic-3-1-696x854.png 696w, https:\/\/www.carloscastrofotografo.com\/blog\/wp-content\/uploads\/2025\/08\/anuncio-dji-mic-3-1-1068x1311.png 1068w, https:\/\/www.carloscastrofotografo.com\/blog\/wp-content\/uploads\/2025\/08\/anuncio-dji-mic-3-1-342x420.png 342w, https:\/\/www.carloscastrofotografo.com\/blog\/wp-content\/uploads\/2025\/08\/anuncio-dji-mic-3-1.png 1300w\" sizes=\"auto, (max-width: 834px) 100vw, 834px\" \/><figcaption class=\"wp-element-caption\">As\u00ed anuncia DJI el pr\u00f3ximo lanzamiento de los DJI Mic 3<\/figcaption><\/figure>\n<\/div>\n\n\n<h2 class=\"wp-block-heading\"><strong>Precio y contenido del kit<\/strong><\/h2>\n\n\n\n<p>Seg\u00fan filtraciones de minoristas europeos, el precio del DJI Mic 3 rondar\u00e1 los&nbsp;<strong>309 \u20ac<\/strong>&nbsp;para el kit completo, que incluir\u00eda:<\/p>\n\n\n\n<ul class=\"wp-block-list\">\n<li>1x Receptor DJI Mic 3<\/li>\n\n\n\n<li>2x Transmisores DJI Mic 3<\/li>\n\n\n\n<li>1x Estuche de carga<\/li>\n\n\n\n<li>1x Adaptador USB-C<\/li>\n\n\n\n<li>Varios paravientos<\/li>\n\n\n\n<li>1x Cable TRS a TRS de 3.5 mm<\/li>\n\n\n\n<li>1x Malet\u00edn de transporte<\/li>\n\n\n\n<li>Imanes y clips magn\u00e9ticos<\/li>\n\n\n\n<li>1x Cable USB-C a USB-C<\/li>\n<\/ul>\n\n\n\n<p>El adaptador Lightning para iPhone se vender\u00eda por separado.<\/p>\n\n\n\n<hr class=\"wp-block-separator has-alpha-channel-opacity\"\/>\n\n\n\n<h2 class=\"wp-block-heading\"><strong>Conclusi\u00f3n: un salto adelante para los creadores<\/strong><\/h2>\n\n\n\n<p>El&nbsp;<strong>DJI Mic 3<\/strong>&nbsp;re\u00fane todo lo que los creadores de contenido demandan hoy: grabaci\u00f3n m\u00faltiple, sincronizaci\u00f3n de hasta 4 micr\u00f3fonos, calidad de audio profesional, funciones inteligentes, mayor alcance y un dise\u00f1o m\u00e1s pr\u00e1ctico.<\/p>\n\n\n\n<p>Las mejoras que incorpora lo convierten en uno de los lanzamientos m\u00e1s esperados del a\u00f1o en el mundo audiovisual. El&nbsp;<strong>28 de agosto de 2025<\/strong>&nbsp;sabremos con certeza si DJI vuelve a revolucionar la grabaci\u00f3n de audio port\u00e1til con este nuevo micr\u00f3fono inal\u00e1mbrico.<\/p>\n\n\n\n<p>M\u00e1s info Web DJI:<a href=\" https:\/\/bit.ly\/3HxTwYd\"> https:\/\/bit.ly\/3HxTwYd<\/a> <\/p>\n\n\n\n<p><\/p>\n","protected":false},"excerpt":{"rendered":"<p>La cuenta atr\u00e1s ha comenzado. DJI, reconocida por revolucionar la tecnolog\u00eda de drones y estabilizadores, ha confirmado que el esperado&nbsp;DJI Mic 3&nbsp;ver\u00e1 la luz el&nbsp;28 de agosto de 2025. Este nuevo sistema de micr\u00f3fonos inal\u00e1mbricos promete marcar un antes y un despu\u00e9s en la grabaci\u00f3n de audio para creadores de contenido, cineastas y vloggers. Durante [&hellip;]<\/p>\n","protected":false},"author":1,"featured_media":1022,"comment_status":"open","ping_status":"open","sticky":false,"template":"","format":"standard","meta":{"footnotes":""},"categories":[68,200,138,25],"tags":[669,957,954,951,955,953,956,950,952,958],"class_list":{"0":"post-1021","1":"post","2":"type-post","3":"status-publish","4":"format-standard","5":"has-post-thumbnail","7":"category-compras-y-ofertas","8":"category-equipo-audiovisual","9":"category-gadgets","10":"category-noticias-actualidad","11":"tag-audio-profesional-portatil","12":"tag-dji-agosto-2025","13":"tag-dji-mic-3","14":"tag-dji-mic-3-caracteristicas","15":"tag-dji-mic-3-grabacion-32-bit","16":"tag-dji-mic-3-precio","17":"tag-dji-mic-3-review","18":"tag-lanzamiento-dji-mic-3","19":"tag-microfono-inalambrico-dji","20":"tag-microfonos-para-creadores"},"yoast_head":"<!-- This site is optimized with the Yoast SEO plugin v27.4 - https:\/\/yoast.com\/product\/yoast-seo-wordpress\/ -->\n<title>DJI Mic 3: caracter\u00edsticas, precio y lanzamiento el 28 de agosto<\/title>\n<meta name=\"description\" content=\"Descubre todo sobre el nuevo DJI Mic 3: lanzamiento, caracter\u00edsticas filtradas, precio y novedades para creadores. Disponible el 28 de agosto\" \/>\n<meta name=\"robots\" content=\"index, follow, max-snippet:-1, max-image-preview:large, max-video-preview:-1\" \/>\n<link rel=\"canonical\" href=\"https:\/\/www.carloscastrofotografo.com\/blog\/dji-mic-3-lanzamiento-2025\/\" \/>\n<meta property=\"og:locale\" content=\"es_ES\" \/>\n<meta property=\"og:type\" content=\"article\" \/>\n<meta property=\"og:title\" content=\"DJI Mic 3: caracter\u00edsticas, precio y lanzamiento el 28 de agosto\" \/>\n<meta property=\"og:description\" content=\"Descubre todo sobre el nuevo DJI Mic 3: lanzamiento, caracter\u00edsticas filtradas, precio y novedades para creadores. Disponible el 28 de agosto\" \/>\n<meta property=\"og:url\" content=\"https:\/\/www.carloscastrofotografo.com\/blog\/dji-mic-3-lanzamiento-2025\/\" \/>\n<meta property=\"og:site_name\" content=\"Blog de Carlos Castro Fot\u00f3grafo\" \/>\n<meta property=\"article:published_time\" content=\"2025-08-23T13:55:46+00:00\" \/>\n<meta property=\"article:modified_time\" content=\"2025-08-28T12:34:27+00:00\" \/>\n<meta property=\"og:image\" content=\"https:\/\/www.carloscastrofotografo.com\/blog\/wp-content\/uploads\/2025\/08\/dji-mic-3.png\" \/>\n\t<meta property=\"og:image:width\" content=\"1294\" \/>\n\t<meta property=\"og:image:height\" content=\"692\" \/>\n\t<meta property=\"og:image:type\" content=\"image\/png\" \/>\n<meta name=\"author\" content=\"Carlos Castro\" \/>\n<meta name=\"twitter:card\" content=\"summary_large_image\" \/>\n<meta name=\"twitter:label1\" content=\"Escrito por\" \/>\n\t<meta name=\"twitter:data1\" content=\"Carlos Castro\" \/>\n\t<meta name=\"twitter:label2\" content=\"Tiempo de lectura\" \/>\n\t<meta name=\"twitter:data2\" content=\"3 minutos\" \/>\n<script type=\"application\/ld+json\" class=\"yoast-schema-graph\">{\"@context\":\"https:\\\/\\\/schema.org\",\"@graph\":[{\"@type\":\"Article\",\"@id\":\"https:\\\/\\\/www.carloscastrofotografo.com\\\/blog\\\/dji-mic-3-lanzamiento-2025\\\/#article\",\"isPartOf\":{\"@id\":\"https:\\\/\\\/www.carloscastrofotografo.com\\\/blog\\\/dji-mic-3-lanzamiento-2025\\\/\"},\"author\":{\"name\":\"Carlos Castro\",\"@id\":\"https:\\\/\\\/www.carloscastrofotografo.com\\\/blog\\\/#\\\/schema\\\/person\\\/f2df3dbaf3422e563228db874428292d\"},\"headline\":\"DJI Mic 3: Todo lo que sabemos sobre el lanzamiento del 28 de agosto de 2025\",\"datePublished\":\"2025-08-23T13:55:46+00:00\",\"dateModified\":\"2025-08-28T12:34:27+00:00\",\"mainEntityOfPage\":{\"@id\":\"https:\\\/\\\/www.carloscastrofotografo.com\\\/blog\\\/dji-mic-3-lanzamiento-2025\\\/\"},\"wordCount\":667,\"commentCount\":2,\"publisher\":{\"@id\":\"https:\\\/\\\/www.carloscastrofotografo.com\\\/blog\\\/#\\\/schema\\\/person\\\/f2df3dbaf3422e563228db874428292d\"},\"image\":{\"@id\":\"https:\\\/\\\/www.carloscastrofotografo.com\\\/blog\\\/dji-mic-3-lanzamiento-2025\\\/#primaryimage\"},\"thumbnailUrl\":\"https:\\\/\\\/www.carloscastrofotografo.com\\\/blog\\\/wp-content\\\/uploads\\\/2025\\\/08\\\/dji-mic-3.png\",\"keywords\":[\"audio profesional port\u00e1til\",\"DJI agosto 2025\",\"DJI Mic 3\",\"DJI Mic 3 caracter\u00edsticas\",\"DJI Mic 3 grabaci\u00f3n 32-bit\",\"DJI Mic 3 precio\",\"DJI Mic 3 review\",\"lanzamiento DJI Mic 3\",\"micr\u00f3fono inal\u00e1mbrico DJI\",\"micr\u00f3fonos para creadores\"],\"articleSection\":[\"Consejos de Compras y Ofertas\",\"Equipo Audiovisual\",\"Gadgets\",\"Noticias y Actualidad\"],\"inLanguage\":\"es\",\"potentialAction\":[{\"@type\":\"CommentAction\",\"name\":\"Comment\",\"target\":[\"https:\\\/\\\/www.carloscastrofotografo.com\\\/blog\\\/dji-mic-3-lanzamiento-2025\\\/#respond\"]}]},{\"@type\":\"WebPage\",\"@id\":\"https:\\\/\\\/www.carloscastrofotografo.com\\\/blog\\\/dji-mic-3-lanzamiento-2025\\\/\",\"url\":\"https:\\\/\\\/www.carloscastrofotografo.com\\\/blog\\\/dji-mic-3-lanzamiento-2025\\\/\",\"name\":\"DJI Mic 3: caracter\u00edsticas, precio y lanzamiento el 28 de agosto\",\"isPartOf\":{\"@id\":\"https:\\\/\\\/www.carloscastrofotografo.com\\\/blog\\\/#website\"},\"primaryImageOfPage\":{\"@id\":\"https:\\\/\\\/www.carloscastrofotografo.com\\\/blog\\\/dji-mic-3-lanzamiento-2025\\\/#primaryimage\"},\"image\":{\"@id\":\"https:\\\/\\\/www.carloscastrofotografo.com\\\/blog\\\/dji-mic-3-lanzamiento-2025\\\/#primaryimage\"},\"thumbnailUrl\":\"https:\\\/\\\/www.carloscastrofotografo.com\\\/blog\\\/wp-content\\\/uploads\\\/2025\\\/08\\\/dji-mic-3.png\",\"datePublished\":\"2025-08-23T13:55:46+00:00\",\"dateModified\":\"2025-08-28T12:34:27+00:00\",\"description\":\"Descubre todo sobre el nuevo DJI Mic 3: lanzamiento, caracter\u00edsticas filtradas, precio y novedades para creadores. Disponible el 28 de agosto\",\"breadcrumb\":{\"@id\":\"https:\\\/\\\/www.carloscastrofotografo.com\\\/blog\\\/dji-mic-3-lanzamiento-2025\\\/#breadcrumb\"},\"inLanguage\":\"es\",\"potentialAction\":[{\"@type\":\"ReadAction\",\"target\":[\"https:\\\/\\\/www.carloscastrofotografo.com\\\/blog\\\/dji-mic-3-lanzamiento-2025\\\/\"]}]},{\"@type\":\"ImageObject\",\"inLanguage\":\"es\",\"@id\":\"https:\\\/\\\/www.carloscastrofotografo.com\\\/blog\\\/dji-mic-3-lanzamiento-2025\\\/#primaryimage\",\"url\":\"https:\\\/\\\/www.carloscastrofotografo.com\\\/blog\\\/wp-content\\\/uploads\\\/2025\\\/08\\\/dji-mic-3.png\",\"contentUrl\":\"https:\\\/\\\/www.carloscastrofotografo.com\\\/blog\\\/wp-content\\\/uploads\\\/2025\\\/08\\\/dji-mic-3.png\",\"width\":1294,\"height\":692,\"caption\":\"dji mic 3\"},{\"@type\":\"BreadcrumbList\",\"@id\":\"https:\\\/\\\/www.carloscastrofotografo.com\\\/blog\\\/dji-mic-3-lanzamiento-2025\\\/#breadcrumb\",\"itemListElement\":[{\"@type\":\"ListItem\",\"position\":1,\"name\":\"Portada\",\"item\":\"https:\\\/\\\/www.carloscastrofotografo.com\\\/blog\\\/\"},{\"@type\":\"ListItem\",\"position\":2,\"name\":\"DJI Mic 3: Todo lo que sabemos sobre el lanzamiento del 28 de agosto de 2025\"}]},{\"@type\":\"WebSite\",\"@id\":\"https:\\\/\\\/www.carloscastrofotografo.com\\\/blog\\\/#website\",\"url\":\"https:\\\/\\\/www.carloscastrofotografo.com\\\/blog\\\/\",\"name\":\"Blog de Carlos Castro Fot\u00f3grafo\",\"description\":\"Todo sobre Fotograf\u00eda y V\u00eddeo, para apasionados de la imagen.\",\"publisher\":{\"@id\":\"https:\\\/\\\/www.carloscastrofotografo.com\\\/blog\\\/#\\\/schema\\\/person\\\/f2df3dbaf3422e563228db874428292d\"},\"potentialAction\":[{\"@type\":\"SearchAction\",\"target\":{\"@type\":\"EntryPoint\",\"urlTemplate\":\"https:\\\/\\\/www.carloscastrofotografo.com\\\/blog\\\/?s={search_term_string}\"},\"query-input\":{\"@type\":\"PropertyValueSpecification\",\"valueRequired\":true,\"valueName\":\"search_term_string\"}}],\"inLanguage\":\"es\"},{\"@type\":[\"Person\",\"Organization\"],\"@id\":\"https:\\\/\\\/www.carloscastrofotografo.com\\\/blog\\\/#\\\/schema\\\/person\\\/f2df3dbaf3422e563228db874428292d\",\"name\":\"Carlos Castro\",\"image\":{\"@type\":\"ImageObject\",\"inLanguage\":\"es\",\"@id\":\"https:\\\/\\\/secure.gravatar.com\\\/avatar\\\/dfdb382b872c007d17784b7cf24288a868cd90f2a34825da78d451a9ddbb4dfe?s=96&d=mm&r=g\",\"url\":\"https:\\\/\\\/secure.gravatar.com\\\/avatar\\\/dfdb382b872c007d17784b7cf24288a868cd90f2a34825da78d451a9ddbb4dfe?s=96&d=mm&r=g\",\"contentUrl\":\"https:\\\/\\\/secure.gravatar.com\\\/avatar\\\/dfdb382b872c007d17784b7cf24288a868cd90f2a34825da78d451a9ddbb4dfe?s=96&d=mm&r=g\",\"caption\":\"Carlos Castro\"},\"logo\":{\"@id\":\"https:\\\/\\\/secure.gravatar.com\\\/avatar\\\/dfdb382b872c007d17784b7cf24288a868cd90f2a34825da78d451a9ddbb4dfe?s=96&d=mm&r=g\"},\"description\":\"Fot\u00f3grafo, Videografo y apasionado de la tecnolog\u00eda. Cazador de tormentas y astrofot\u00f3grafo amateur.\",\"sameAs\":[\"https:\\\/\\\/www.carloscastrofotografo.com\",\"https:\\\/\\\/www.youtube.com\\\/carloscastrofotografo\"],\"url\":\"https:\\\/\\\/www.carloscastrofotografo.com\\\/blog\\\/author\\\/admin\\\/\"}]}<\/script>\n<!-- \/ Yoast SEO plugin. -->","yoast_head_json":{"title":"DJI Mic 3: caracter\u00edsticas, precio y lanzamiento el 28 de agosto","description":"Descubre todo sobre el nuevo DJI Mic 3: lanzamiento, caracter\u00edsticas filtradas, precio y novedades para creadores. Disponible el 28 de agosto","robots":{"index":"index","follow":"follow","max-snippet":"max-snippet:-1","max-image-preview":"max-image-preview:large","max-video-preview":"max-video-preview:-1"},"canonical":"https:\/\/www.carloscastrofotografo.com\/blog\/dji-mic-3-lanzamiento-2025\/","og_locale":"es_ES","og_type":"article","og_title":"DJI Mic 3: caracter\u00edsticas, precio y lanzamiento el 28 de agosto","og_description":"Descubre todo sobre el nuevo DJI Mic 3: lanzamiento, caracter\u00edsticas filtradas, precio y novedades para creadores. Disponible el 28 de agosto","og_url":"https:\/\/www.carloscastrofotografo.com\/blog\/dji-mic-3-lanzamiento-2025\/","og_site_name":"Blog de Carlos Castro Fot\u00f3grafo","article_published_time":"2025-08-23T13:55:46+00:00","article_modified_time":"2025-08-28T12:34:27+00:00","og_image":[{"width":1294,"height":692,"url":"https:\/\/www.carloscastrofotografo.com\/blog\/wp-content\/uploads\/2025\/08\/dji-mic-3.png","type":"image\/png"}],"author":"Carlos Castro","twitter_card":"summary_large_image","twitter_misc":{"Escrito por":"Carlos Castro","Tiempo de lectura":"3 minutos"},"schema":{"@context":"https:\/\/schema.org","@graph":[{"@type":"Article","@id":"https:\/\/www.carloscastrofotografo.com\/blog\/dji-mic-3-lanzamiento-2025\/#article","isPartOf":{"@id":"https:\/\/www.carloscastrofotografo.com\/blog\/dji-mic-3-lanzamiento-2025\/"},"author":{"name":"Carlos Castro","@id":"https:\/\/www.carloscastrofotografo.com\/blog\/#\/schema\/person\/f2df3dbaf3422e563228db874428292d"},"headline":"DJI Mic 3: Todo lo que sabemos sobre el lanzamiento del 28 de agosto de 2025","datePublished":"2025-08-23T13:55:46+00:00","dateModified":"2025-08-28T12:34:27+00:00","mainEntityOfPage":{"@id":"https:\/\/www.carloscastrofotografo.com\/blog\/dji-mic-3-lanzamiento-2025\/"},"wordCount":667,"commentCount":2,"publisher":{"@id":"https:\/\/www.carloscastrofotografo.com\/blog\/#\/schema\/person\/f2df3dbaf3422e563228db874428292d"},"image":{"@id":"https:\/\/www.carloscastrofotografo.com\/blog\/dji-mic-3-lanzamiento-2025\/#primaryimage"},"thumbnailUrl":"https:\/\/www.carloscastrofotografo.com\/blog\/wp-content\/uploads\/2025\/08\/dji-mic-3.png","keywords":["audio profesional port\u00e1til","DJI agosto 2025","DJI Mic 3","DJI Mic 3 caracter\u00edsticas","DJI Mic 3 grabaci\u00f3n 32-bit","DJI Mic 3 precio","DJI Mic 3 review","lanzamiento DJI Mic 3","micr\u00f3fono inal\u00e1mbrico DJI","micr\u00f3fonos para creadores"],"articleSection":["Consejos de Compras y Ofertas","Equipo Audiovisual","Gadgets","Noticias y Actualidad"],"inLanguage":"es","potentialAction":[{"@type":"CommentAction","name":"Comment","target":["https:\/\/www.carloscastrofotografo.com\/blog\/dji-mic-3-lanzamiento-2025\/#respond"]}]},{"@type":"WebPage","@id":"https:\/\/www.carloscastrofotografo.com\/blog\/dji-mic-3-lanzamiento-2025\/","url":"https:\/\/www.carloscastrofotografo.com\/blog\/dji-mic-3-lanzamiento-2025\/","name":"DJI Mic 3: caracter\u00edsticas, precio y lanzamiento el 28 de agosto","isPartOf":{"@id":"https:\/\/www.carloscastrofotografo.com\/blog\/#website"},"primaryImageOfPage":{"@id":"https:\/\/www.carloscastrofotografo.com\/blog\/dji-mic-3-lanzamiento-2025\/#primaryimage"},"image":{"@id":"https:\/\/www.carloscastrofotografo.com\/blog\/dji-mic-3-lanzamiento-2025\/#primaryimage"},"thumbnailUrl":"https:\/\/www.carloscastrofotografo.com\/blog\/wp-content\/uploads\/2025\/08\/dji-mic-3.png","datePublished":"2025-08-23T13:55:46+00:00","dateModified":"2025-08-28T12:34:27+00:00","description":"Descubre todo sobre el nuevo DJI Mic 3: lanzamiento, caracter\u00edsticas filtradas, precio y novedades para creadores. Disponible el 28 de agosto","breadcrumb":{"@id":"https:\/\/www.carloscastrofotografo.com\/blog\/dji-mic-3-lanzamiento-2025\/#breadcrumb"},"inLanguage":"es","potentialAction":[{"@type":"ReadAction","target":["https:\/\/www.carloscastrofotografo.com\/blog\/dji-mic-3-lanzamiento-2025\/"]}]},{"@type":"ImageObject","inLanguage":"es","@id":"https:\/\/www.carloscastrofotografo.com\/blog\/dji-mic-3-lanzamiento-2025\/#primaryimage","url":"https:\/\/www.carloscastrofotografo.com\/blog\/wp-content\/uploads\/2025\/08\/dji-mic-3.png","contentUrl":"https:\/\/www.carloscastrofotografo.com\/blog\/wp-content\/uploads\/2025\/08\/dji-mic-3.png","width":1294,"height":692,"caption":"dji mic 3"},{"@type":"BreadcrumbList","@id":"https:\/\/www.carloscastrofotografo.com\/blog\/dji-mic-3-lanzamiento-2025\/#breadcrumb","itemListElement":[{"@type":"ListItem","position":1,"name":"Portada","item":"https:\/\/www.carloscastrofotografo.com\/blog\/"},{"@type":"ListItem","position":2,"name":"DJI Mic 3: Todo lo que sabemos sobre el lanzamiento del 28 de agosto de 2025"}]},{"@type":"WebSite","@id":"https:\/\/www.carloscastrofotografo.com\/blog\/#website","url":"https:\/\/www.carloscastrofotografo.com\/blog\/","name":"Blog de Carlos Castro Fot\u00f3grafo","description":"Todo sobre Fotograf\u00eda y V\u00eddeo, para apasionados de la imagen.","publisher":{"@id":"https:\/\/www.carloscastrofotografo.com\/blog\/#\/schema\/person\/f2df3dbaf3422e563228db874428292d"},"potentialAction":[{"@type":"SearchAction","target":{"@type":"EntryPoint","urlTemplate":"https:\/\/www.carloscastrofotografo.com\/blog\/?s={search_term_string}"},"query-input":{"@type":"PropertyValueSpecification","valueRequired":true,"valueName":"search_term_string"}}],"inLanguage":"es"},{"@type":["Person","Organization"],"@id":"https:\/\/www.carloscastrofotografo.com\/blog\/#\/schema\/person\/f2df3dbaf3422e563228db874428292d","name":"Carlos Castro","image":{"@type":"ImageObject","inLanguage":"es","@id":"https:\/\/secure.gravatar.com\/avatar\/dfdb382b872c007d17784b7cf24288a868cd90f2a34825da78d451a9ddbb4dfe?s=96&d=mm&r=g","url":"https:\/\/secure.gravatar.com\/avatar\/dfdb382b872c007d17784b7cf24288a868cd90f2a34825da78d451a9ddbb4dfe?s=96&d=mm&r=g","contentUrl":"https:\/\/secure.gravatar.com\/avatar\/dfdb382b872c007d17784b7cf24288a868cd90f2a34825da78d451a9ddbb4dfe?s=96&d=mm&r=g","caption":"Carlos Castro"},"logo":{"@id":"https:\/\/secure.gravatar.com\/avatar\/dfdb382b872c007d17784b7cf24288a868cd90f2a34825da78d451a9ddbb4dfe?s=96&d=mm&r=g"},"description":"Fot\u00f3grafo, Videografo y apasionado de la tecnolog\u00eda. Cazador de tormentas y astrofot\u00f3grafo amateur.","sameAs":["https:\/\/www.carloscastrofotografo.com","https:\/\/www.youtube.com\/carloscastrofotografo"],"url":"https:\/\/www.carloscastrofotografo.com\/blog\/author\/admin\/"}]}},"_links":{"self":[{"href":"https:\/\/www.carloscastrofotografo.com\/blog\/wp-json\/wp\/v2\/posts\/1021","targetHints":{"allow":["GET"]}}],"collection":[{"href":"https:\/\/www.carloscastrofotografo.com\/blog\/wp-json\/wp\/v2\/posts"}],"about":[{"href":"https:\/\/www.carloscastrofotografo.com\/blog\/wp-json\/wp\/v2\/types\/post"}],"author":[{"embeddable":true,"href":"https:\/\/www.carloscastrofotografo.com\/blog\/wp-json\/wp\/v2\/users\/1"}],"replies":[{"embeddable":true,"href":"https:\/\/www.carloscastrofotografo.com\/blog\/wp-json\/wp\/v2\/comments?post=1021"}],"version-history":[{"count":2,"href":"https:\/\/www.carloscastrofotografo.com\/blog\/wp-json\/wp\/v2\/posts\/1021\/revisions"}],"predecessor-version":[{"id":1038,"href":"https:\/\/www.carloscastrofotografo.com\/blog\/wp-json\/wp\/v2\/posts\/1021\/revisions\/1038"}],"wp:featuredmedia":[{"embeddable":true,"href":"https:\/\/www.carloscastrofotografo.com\/blog\/wp-json\/wp\/v2\/media\/1022"}],"wp:attachment":[{"href":"https:\/\/www.carloscastrofotografo.com\/blog\/wp-json\/wp\/v2\/media?parent=1021"}],"wp:term":[{"taxonomy":"category","embeddable":true,"href":"https:\/\/www.carloscastrofotografo.com\/blog\/wp-json\/wp\/v2\/categories?post=1021"},{"taxonomy":"post_tag","embeddable":true,"href":"https:\/\/www.carloscastrofotografo.com\/blog\/wp-json\/wp\/v2\/tags?post=1021"}],"curies":[{"name":"wp","href":"https:\/\/api.w.org\/{rel}","templated":true}]}}