{"id":1016,"date":"2025-08-22T18:34:44","date_gmt":"2025-08-22T16:34:44","guid":{"rendered":"https:\/\/www.carloscastrofotografo.com\/blog\/?p=1016"},"modified":"2025-08-22T18:34:46","modified_gmt":"2025-08-22T16:34:46","slug":"neewer-z2-pro-qpro-s-review","status":"publish","type":"post","link":"https:\/\/www.carloscastrofotografo.com\/blog\/neewer-z2-pro-qpro-s-review\/","title":{"rendered":"Flash NEEWER Z2 Pro + QPRO\u2011S | Review completa en espa\u00f1ol"},"content":{"rendered":"\n<p>El\u00a0<strong>NEEWER Z2 Pro<\/strong>\u00a0es un <strong>flash<\/strong> de\u00a0<strong>76\u202fWs<\/strong>\u00a0con\u00a0<strong>cabeza redonda<\/strong>\u00a0que ofrece una calidad de luz muy agradable y un manejo moderno con pantalla a color. Junto al\u00a0<strong>disparador QPRO\u2011S<\/strong>\u00a0(Sony), puedes controlarlo\u00a0<strong>fuera de c\u00e1mara<\/strong>\u00a0con TTL, Manual y\u00a0<strong>HSS<\/strong>, creando esquemas de iluminaci\u00f3n m\u00e1s creativos y flexibles.<\/p>\n\n\n\n<h2 class=\"wp-block-heading\"><strong>V\u00eddeo de la review<\/strong><\/h2>\n\n\n\n<figure class=\"wp-block-embed aligncenter is-type-video is-provider-youtube wp-block-embed-youtube wp-embed-aspect-16-9 wp-has-aspect-ratio\"><div class=\"wp-block-embed__wrapper\">\n<iframe loading=\"lazy\" title=\"Review NEEWER Z2 Pro + QPRO-S | El mejor flash redondo calidad-precio\" width=\"696\" height=\"392\" src=\"https:\/\/www.youtube.com\/embed\/NHgUwko_X-8?feature=oembed\" frameborder=\"0\" allow=\"accelerometer; autoplay; clipboard-write; encrypted-media; gyroscope; picture-in-picture; web-share\" referrerpolicy=\"strict-origin-when-cross-origin\" allowfullscreen><\/iframe>\n<\/div><\/figure>\n\n\n\n<hr class=\"wp-block-separator has-alpha-channel-opacity\"\/>\n\n\n\n<h2 class=\"wp-block-heading\"><strong>\u00cdndice<\/strong><\/h2>\n\n\n\n<ol start=\"1\" class=\"wp-block-list\">\n<li><a href=\"#paraquien\">\u00bfPara qui\u00e9n es el NEEWER Z2 Pro?<\/a><\/li>\n\n\n\n<li><a href=\"#dise\u00f1o\">Dise\u00f1o, manejo y experiencia de uso<\/a><\/li>\n\n\n\n<li><a href=\"#calidad\">Calidad de luz: por qu\u00e9 la cabeza redonda importa<\/a><\/li>\n\n\n\n<li><a href=\"#control\">QPRO\u2011S: control fuera de c\u00e1mara (TTL, HSS, grupos)<\/a><\/li>\n\n\n\n<li><a href=\"#ajustes\">Ajustes recomendados (3 escenarios reales)<\/a><\/li>\n\n\n\n<li><a href=\"#proscontras\">Pros y Contras<\/a><\/li>\n\n\n\n<li><a href=\"#alternativas\">Alternativas a considerar<\/a><\/li>\n\n\n\n<li><a href=\"#conclusion\">Conclusi\u00f3n y enlace de compra<\/a><\/li>\n\n\n\n<li><a href=\"#FAQ\">Preguntas frecuentes (FAQ)<\/a><\/li>\n<\/ol>\n\n\n\n<hr class=\"wp-block-separator has-alpha-channel-opacity\"\/>\n\n\n\n<h2 class=\"wp-block-heading\" id=\"paraquien\"><strong>1) \u00bfPara qui\u00e9n es el NEEWER Z2 Pro?<\/strong><\/h2>\n\n\n\n<p>Si haces&nbsp;<strong>retrato<\/strong>,&nbsp;<strong>producto<\/strong>&nbsp;o&nbsp;<strong>eventos<\/strong>&nbsp;y buscas un flash&nbsp;<strong>compacto pero potente<\/strong>, con una luz m\u00e1s&nbsp;<strong>suave y natural<\/strong>&nbsp;que la de los cabezales rectangulares, este modelo encaja muy bien. Con el&nbsp;<strong>QPRO\u2011S<\/strong>&nbsp;tendr\u00e1s el control en remoto que necesitas para montar esquemas sencillos o complejos sin desplazarte del visor.<\/p>\n\n\n\n<h2 class=\"wp-block-heading\" id=\"dise\u00f1o\"><strong>2) Dise\u00f1o, manejo y experiencia de uso<\/strong><\/h2>\n\n\n\n<ul class=\"wp-block-list\">\n<li><strong>Potencia<\/strong>: 76\u202fWs, suficiente para interior y exteriores controlados.<\/li>\n\n\n\n<li><strong>Interfaz<\/strong>: pantalla a color\u00a0<strong>t\u00e1ctil<\/strong>, men\u00fas claros y cambios r\u00e1pidos de modo (TTL\/Manual\/Multi).<\/li>\n\n\n\n<li><strong>Autonom\u00eda<\/strong>: bater\u00eda recargable pensada para sesiones largas (la duraci\u00f3n real depender\u00e1 de la potencia y el ritmo de disparo).<\/li>\n\n\n\n<li><strong>Cabeza<\/strong>: redonda y\u00a0<strong>magn\u00e9tica<\/strong>; admite accesorios tipo difusor, grid, etc.<\/li>\n\n\n\n<li><strong>Construcci\u00f3n<\/strong>: robusta, con buen ajuste en zapata y bloqueo s\u00f3lido.<\/li>\n<\/ul>\n\n\n\n<p><strong>En uso<\/strong>: la respuesta es \u00e1gil y la navegaci\u00f3n por men\u00fas es intuitiva; se nota pensado para trabajar&nbsp;<strong>r\u00e1pido<\/strong>&nbsp;en sesi\u00f3n, sin fricci\u00f3n.<\/p>\n\n\n\n<h2 class=\"wp-block-heading\" id=\"calidad\"><strong>3) Calidad de luz: por qu\u00e9 la cabeza redonda importa<\/strong><\/h2>\n\n\n\n<p>La&nbsp;<strong>transici\u00f3n<\/strong>&nbsp;entre luces y sombras es m\u00e1s&nbsp;<strong>suave<\/strong>&nbsp;y la ca\u00edda de luz m\u00e1s&nbsp;<strong>natural<\/strong>, algo que se aprecia en&nbsp;<strong>pieles<\/strong>&nbsp;y en producto con superficies reflectantes. Con modificadores (paraguas\/softbox) el car\u00e1cter sigue siendo muy agradable, evitando hotspots marcados.<\/p>\n\n\n\n<h2 class=\"wp-block-heading\" id=\"control\"><strong>4) QPRO\u2011S: control fuera de c\u00e1mara (TTL, HSS, grupos)<\/strong><\/h2>\n\n\n\n<p>El&nbsp;<strong>QPRO\u2011S<\/strong>&nbsp;es el \u201ccerebro\u201d cuando trabajas&nbsp;<strong>off\u2011camera<\/strong>:<\/p>\n\n\n\n<ul class=\"wp-block-list\">\n<li>Control\u00a0<strong>TTL<\/strong>\u00a0y\u00a0<strong>Manual<\/strong>\u00a0desde c\u00e1mara.<\/li>\n\n\n\n<li><strong>HSS<\/strong>\u00a0para congelar acci\u00f3n o compensar contraluces a velocidades altas.<\/li>\n\n\n\n<li>Gesti\u00f3n por\u00a0<strong>grupos<\/strong>\u00a0y\u00a0<strong>canales<\/strong>\u00a0para varios flashes.<\/li>\n\n\n\n<li>Interfaz clara, con\u00a0<strong>botones dedicados<\/strong>\u00a0y rueda para ajustar potencia sin tocar el flash.<\/li>\n<\/ul>\n\n\n\n<p>En la pr\u00e1ctica: colocas el Z2 Pro en un&nbsp;<strong>pie<\/strong>&nbsp;con modificador, apuntas, ajustas desde el QPRO\u2011S y disparas. Es justo el flujo que necesitas cuando quieres&nbsp;<strong>crear volumen<\/strong>&nbsp;y&nbsp;<strong>separar sujeto y fondo<\/strong>.<\/p>\n\n\n\n<h2 class=\"wp-block-heading\" id=\"ajustes\"><strong>5) Ajustes recomendados (3 escenarios reales)<\/strong><\/h2>\n\n\n\n<h3 class=\"wp-block-heading\"><strong>A) Retrato interior (clave suave)<\/strong><\/h3>\n\n\n\n<ul class=\"wp-block-list\">\n<li><strong>Colocaci\u00f3n<\/strong>: Z2 Pro a 45\u00b0 del sujeto, ligeramente por encima de los ojos.<\/li>\n\n\n\n<li><strong>Modificador<\/strong>: softbox o paraguas transl\u00facido.<\/li>\n\n\n\n<li><strong>Modo<\/strong>: Manual ~ 1\/16 \u2013 1\/8 (ajusta a tu distancia) o TTL con comp. de +0.3 a +0.7.<\/li>\n\n\n\n<li><strong>Consejo<\/strong>: a\u00f1ade\u00a0<strong>reflector<\/strong>\u00a0en el lado opuesto para abrir sombras.<\/li>\n<\/ul>\n\n\n\n<h3 class=\"wp-block-heading\"><strong>B) Exterior con HSS (contraluz)<\/strong><\/h3>\n\n\n\n<ul class=\"wp-block-list\">\n<li><strong>Objetivo<\/strong>: mantener cielo con textura.<\/li>\n\n\n\n<li><strong>C\u00e1mara<\/strong>: 1\/1000\u20131\/4000\u202fs, f\/1.8\u2013f\/2.8, ISO bajo.<\/li>\n\n\n\n<li><strong>Flash<\/strong>: HSS activado; comienza en 1\/2 y ajusta seg\u00fan distancia.<\/li>\n\n\n\n<li><strong>Tip<\/strong>: acerca el modificador para no perder demasiada potencia en HSS.<\/li>\n<\/ul>\n\n\n\n<h3 class=\"wp-block-heading\"><strong>C) Producto peque\u00f1o (contraste controlado)<\/strong><\/h3>\n\n\n\n<ul class=\"wp-block-list\">\n<li><strong>Esquema<\/strong>: Z2 Pro lateral con difusor;\u00a0<strong>cartulina blanca<\/strong>\u00a0del lado opuesto.<\/li>\n\n\n\n<li><strong>Modo<\/strong>: Manual 1\/32\u20131\/8 seg\u00fan tama\u00f1o y brillo.<\/li>\n\n\n\n<li><strong>Detalle<\/strong>: la cabeza redonda ayuda a\u00a0<strong>transiciones<\/strong>\u00a0m\u00e1s limpias en superficies curvas.<\/li>\n<\/ul>\n\n\n<div class=\"wp-block-image\">\n<figure class=\"aligncenter size-large td-caption-align-https:\/\/www.carloscastrofotografo.com\/blog\/wp-content\/uploads\/2025\/08\/NEEWER-Z2-PRO.-CARACTERISTICAS-1.jpeg\"><img loading=\"lazy\" decoding=\"async\" width=\"1024\" height=\"1024\" src=\"https:\/\/www.carloscastrofotografo.com\/blog\/wp-content\/uploads\/2025\/08\/NEEWER-Z2-PRO.-CARACTERISTICAS-1-1024x1024.jpeg\" alt=\"\" class=\"wp-image-1018\" srcset=\"https:\/\/www.carloscastrofotografo.com\/blog\/wp-content\/uploads\/2025\/08\/NEEWER-Z2-PRO.-CARACTERISTICAS-1-1024x1024.jpeg 1024w, https:\/\/www.carloscastrofotografo.com\/blog\/wp-content\/uploads\/2025\/08\/NEEWER-Z2-PRO.-CARACTERISTICAS-1-300x300.jpeg 300w, https:\/\/www.carloscastrofotografo.com\/blog\/wp-content\/uploads\/2025\/08\/NEEWER-Z2-PRO.-CARACTERISTICAS-1-150x150.jpeg 150w, https:\/\/www.carloscastrofotografo.com\/blog\/wp-content\/uploads\/2025\/08\/NEEWER-Z2-PRO.-CARACTERISTICAS-1-768x768.jpeg 768w, https:\/\/www.carloscastrofotografo.com\/blog\/wp-content\/uploads\/2025\/08\/NEEWER-Z2-PRO.-CARACTERISTICAS-1-1536x1536.jpeg 1536w, https:\/\/www.carloscastrofotografo.com\/blog\/wp-content\/uploads\/2025\/08\/NEEWER-Z2-PRO.-CARACTERISTICAS-1-696x696.jpeg 696w, https:\/\/www.carloscastrofotografo.com\/blog\/wp-content\/uploads\/2025\/08\/NEEWER-Z2-PRO.-CARACTERISTICAS-1-1068x1068.jpeg 1068w, https:\/\/www.carloscastrofotografo.com\/blog\/wp-content\/uploads\/2025\/08\/NEEWER-Z2-PRO.-CARACTERISTICAS-1-420x420.jpeg 420w, https:\/\/www.carloscastrofotografo.com\/blog\/wp-content\/uploads\/2025\/08\/NEEWER-Z2-PRO.-CARACTERISTICAS-1.jpeg 1600w\" sizes=\"auto, (max-width: 1024px) 100vw, 1024px\" \/><\/figure>\n<\/div>\n\n\n<h2 class=\"wp-block-heading\" id=\"proscontras\"><strong>6) Pros y Contras<\/strong><\/h2>\n\n\n\n<p><strong>Pros<\/strong><\/p>\n\n\n\n<ul class=\"wp-block-list\">\n<li>Luz\u00a0<strong>suave<\/strong>, agradable y f\u00e1cil de moldear.<\/li>\n\n\n\n<li><strong>76\u202fWs<\/strong>\u00a0pr\u00e1cticos para la mayor\u00eda de escenarios.<\/li>\n\n\n\n<li>Interfaz\u00a0<strong>t\u00e1ctil<\/strong>\u00a0moderna y r\u00e1pida.<\/li>\n\n\n\n<li>Ecosistema de\u00a0<strong>accesorios magn\u00e9ticos<\/strong>.<\/li>\n\n\n\n<li>Con\u00a0<strong>QPRO\u2011S<\/strong>: control total fuera de c\u00e1mara (TTL\/HSS\/grupos).<\/li>\n<\/ul>\n\n\n\n<p><strong>Contras<\/strong><\/p>\n\n\n\n<ul class=\"wp-block-list\">\n<li>En\u00a0<strong>HSS<\/strong>\u00a0la potencia efectiva cae (como en todos los speedlights).<\/li>\n\n\n\n<li>Mejor llevar\u00a0<strong>bater\u00eda extra<\/strong>\u00a0para jornadas maratonianas.<\/li>\n\n\n\n<li>Requiere transmisor dedicado por sistema (en este caso,\u00a0<strong>QPRO\u2011S<\/strong>\u00a0para Sony).<\/li>\n<\/ul>\n\n\n\n<h2 class=\"wp-block-heading\" id=\"alternativas\"><strong>7) Alternativas a considerar<\/strong><\/h2>\n\n\n\n<p>Si ya trabajas con otro sistema de radio, mira la&nbsp;<strong>compatibilidad<\/strong>&nbsp;de emisores. Si prefieres cabezal rectangular por tus modificadores actuales, hay opciones equivalentes en potencia, pero perder\u00edas el&nbsp;<strong>look<\/strong>&nbsp;de la cabeza redonda. Si haces exteriores extremos a pleno sol constantemente, quiz\u00e1 necesites dar el salto a&nbsp;<strong>flashes de estudio port\u00e1tiles<\/strong>&nbsp;de &gt;200\u202fWs.<\/p>\n\n\n\n<h2 class=\"wp-block-heading\" id=\"conclusion\"><strong>8) Conclusi\u00f3n y enlace de compra<\/strong><\/h2>\n\n\n\n<p>El&nbsp;<strong>NEEWER Z2 Pro<\/strong>&nbsp;es una opci\u00f3n&nbsp;<strong>muy equilibrada<\/strong>&nbsp;para fot\u00f3grafos que quieren subir el nivel de su iluminaci\u00f3n sin complicarse. La combinaci\u00f3n con el&nbsp;<strong>QPRO\u2011S<\/strong>&nbsp;te abre la puerta a trabajar&nbsp;<strong>off\u2011camera<\/strong>&nbsp;con comodidad, que es donde de verdad&nbsp;<strong>brilla<\/strong>.<\/p>\n\n\n\n<p><strong>\u27a1\ufe0f Enlace de compra (afiliado):<\/strong>\u00a0<a href=\"https:\/\/eaststonetechnologycolimited.sjv.io\/2a9orG\">https:\/\/eaststonetechnologycolimited.sjv.io\/2a9orG<\/a> <\/p>\n\n\n\n<p><strong>\u27a1\ufe0f Suscr\u00edbete al canal para m\u00e1s reviews:<\/strong>\u00a0<a href=\"https:\/\/bit.ly\/2XdM2OS\">https:\/\/bit.ly\/2XdM2OS<\/a><\/p>\n\n\n\n<hr class=\"wp-block-separator has-alpha-channel-opacity\"\/>\n\n\n\n<h2 class=\"wp-block-heading\" id=\"FAQ\"><strong>9) Preguntas frecuentes (FAQ)<\/strong><\/h2>\n\n\n\n<p><strong>\u00bfNecesito el QPRO\u2011S s\u00ed o s\u00ed?<\/strong><\/p>\n\n\n\n<p>Para usar el flash&nbsp;<strong>sobre la c\u00e1mara<\/strong>, no. Para&nbsp;<strong>esquemas creativos fuera de c\u00e1mara<\/strong>&nbsp;y controlar potencia\/TTL\/HSS sin tocar el flash,&nbsp;<strong>s\u00ed es muy recomendable<\/strong>.<\/p>\n\n\n\n<p><strong>\u00bfEl HSS resta potencia?<\/strong><\/p>\n\n\n\n<p>S\u00ed. Es normal en todos los speedlights. Comp\u00e9nsalo acercando el modificador, subiendo ISO un paso o bajando un poco la velocidad si el look lo permite.<\/p>\n\n\n\n<p><strong>\u00bfSirve para eventos?<\/strong><\/p>\n\n\n\n<p>S\u00ed. La&nbsp;<strong>interfaz r\u00e1pida<\/strong>&nbsp;y la&nbsp;<strong>luz agradable<\/strong>&nbsp;ayudan. Lleva&nbsp;<strong>bater\u00eda extra<\/strong>&nbsp;por seguridad.<\/p>\n\n\n\n<p><strong>\u00bfHay accesorios magn\u00e9ticos?<\/strong><\/p>\n\n\n\n<p>S\u00ed. Difusores, grids, snoots\u2026 Se colocan&nbsp;<strong>en segundos<\/strong>&nbsp;gracias al sistema magn\u00e9tico de la&nbsp;<strong>cabeza redonda<\/strong>.<\/p>\n","protected":false},"excerpt":{"rendered":"<p>El\u00a0NEEWER Z2 Pro\u00a0es un flash de\u00a076\u202fWs\u00a0con\u00a0cabeza redonda\u00a0que ofrece una calidad de luz muy agradable y un manejo moderno con pantalla a color. Junto al\u00a0disparador QPRO\u2011S\u00a0(Sony), puedes controlarlo\u00a0fuera de c\u00e1mara\u00a0con TTL, Manual y\u00a0HSS, creando esquemas de iluminaci\u00f3n m\u00e1s creativos y flexibles. V\u00eddeo de la review \u00cdndice 1) \u00bfPara qui\u00e9n es el NEEWER Z2 Pro? Si haces&nbsp;retrato,&nbsp;producto&nbsp;o&nbsp;eventos&nbsp;y [&hellip;]<\/p>\n","protected":false},"author":1,"featured_media":1019,"comment_status":"open","ping_status":"open","sticky":false,"template":"","format":"standard","meta":{"footnotes":""},"categories":[68,200],"tags":[940,948,941,943,942,947,946,939,945,949,944],"class_list":{"0":"post-1016","1":"post","2":"type-post","3":"status-publish","4":"format-standard","5":"has-post-thumbnail","7":"category-compras-y-ofertas","8":"category-equipo-audiovisual","9":"tag-flash-redondo","10":"tag-fotografia-con-flash","11":"tag-hss","12":"tag-neewer","13":"tag-neewer-z2-pro","14":"tag-offcamera","15":"tag-producto","16":"tag-qpro-s","18":"tag-review-en-espanol","19":"tag-ttl"},"yoast_head":"<!-- This site is optimized with the Yoast SEO plugin v27.4 - https:\/\/yoast.com\/product\/yoast-seo-wordpress\/ -->\n<title>Flash NEEWER Z2 Pro + QPRO\u2011S | Review completa en espa\u00f1ol<\/title>\n<meta name=\"description\" content=\"Probamos el NEEWER Z2 Pro (76\u202fWs) con cabeza redonda y el disparador QPRO\u2011S. Calidad de luz, TTL, HSS y mucho m\u00e1s.\" \/>\n<meta name=\"robots\" content=\"index, follow, max-snippet:-1, max-image-preview:large, max-video-preview:-1\" \/>\n<link rel=\"canonical\" href=\"https:\/\/www.carloscastrofotografo.com\/blog\/neewer-z2-pro-qpro-s-review\/\" \/>\n<meta property=\"og:locale\" content=\"es_ES\" \/>\n<meta property=\"og:type\" content=\"article\" \/>\n<meta property=\"og:title\" content=\"Flash NEEWER Z2 Pro + QPRO\u2011S | Review completa en espa\u00f1ol\" \/>\n<meta property=\"og:description\" content=\"Probamos el NEEWER Z2 Pro (76\u202fWs) con cabeza redonda y el disparador QPRO\u2011S. Calidad de luz, TTL, HSS y mucho m\u00e1s.\" \/>\n<meta property=\"og:url\" content=\"https:\/\/www.carloscastrofotografo.com\/blog\/neewer-z2-pro-qpro-s-review\/\" \/>\n<meta property=\"og:site_name\" content=\"Blog de Carlos Castro Fot\u00f3grafo\" \/>\n<meta property=\"article:published_time\" content=\"2025-08-22T16:34:44+00:00\" \/>\n<meta property=\"article:modified_time\" content=\"2025-08-22T16:34:46+00:00\" \/>\n<meta property=\"og:image\" content=\"https:\/\/www.carloscastrofotografo.com\/blog\/wp-content\/uploads\/2025\/08\/NEEWER-Z2-PRO-scaled.jpg\" \/>\n\t<meta property=\"og:image:width\" content=\"2560\" \/>\n\t<meta property=\"og:image:height\" content=\"1344\" \/>\n\t<meta property=\"og:image:type\" content=\"image\/jpeg\" \/>\n<meta name=\"author\" content=\"Carlos Castro\" \/>\n<meta name=\"twitter:card\" content=\"summary_large_image\" \/>\n<meta name=\"twitter:label1\" content=\"Escrito por\" \/>\n\t<meta name=\"twitter:data1\" content=\"Carlos Castro\" \/>\n\t<meta name=\"twitter:label2\" content=\"Tiempo de lectura\" \/>\n\t<meta name=\"twitter:data2\" content=\"4 minutos\" \/>\n<script type=\"application\/ld+json\" class=\"yoast-schema-graph\">{\"@context\":\"https:\\\/\\\/schema.org\",\"@graph\":[{\"@type\":\"Article\",\"@id\":\"https:\\\/\\\/www.carloscastrofotografo.com\\\/blog\\\/neewer-z2-pro-qpro-s-review\\\/#article\",\"isPartOf\":{\"@id\":\"https:\\\/\\\/www.carloscastrofotografo.com\\\/blog\\\/neewer-z2-pro-qpro-s-review\\\/\"},\"author\":{\"name\":\"Carlos Castro\",\"@id\":\"https:\\\/\\\/www.carloscastrofotografo.com\\\/blog\\\/#\\\/schema\\\/person\\\/f2df3dbaf3422e563228db874428292d\"},\"headline\":\"Flash NEEWER Z2 Pro + QPRO\u2011S | Review completa en espa\u00f1ol\",\"datePublished\":\"2025-08-22T16:34:44+00:00\",\"dateModified\":\"2025-08-22T16:34:46+00:00\",\"mainEntityOfPage\":{\"@id\":\"https:\\\/\\\/www.carloscastrofotografo.com\\\/blog\\\/neewer-z2-pro-qpro-s-review\\\/\"},\"wordCount\":955,\"commentCount\":0,\"publisher\":{\"@id\":\"https:\\\/\\\/www.carloscastrofotografo.com\\\/blog\\\/#\\\/schema\\\/person\\\/f2df3dbaf3422e563228db874428292d\"},\"image\":{\"@id\":\"https:\\\/\\\/www.carloscastrofotografo.com\\\/blog\\\/neewer-z2-pro-qpro-s-review\\\/#primaryimage\"},\"thumbnailUrl\":\"https:\\\/\\\/www.carloscastrofotografo.com\\\/blog\\\/wp-content\\\/uploads\\\/2025\\\/08\\\/NEEWER-Z2-PRO-scaled.jpg\",\"keywords\":[\"flash redondo\",\"fotograf\u00eda con flash\",\"hss\",\"neewer\",\"neewer z2 pro\",\"off\u2011camera\",\"producto\",\"qpro-s\",\"retrato\",\"review en espa\u00f1ol\",\"ttl\"],\"articleSection\":[\"Consejos de Compras y Ofertas\",\"Equipo Audiovisual\"],\"inLanguage\":\"es\",\"potentialAction\":[{\"@type\":\"CommentAction\",\"name\":\"Comment\",\"target\":[\"https:\\\/\\\/www.carloscastrofotografo.com\\\/blog\\\/neewer-z2-pro-qpro-s-review\\\/#respond\"]}]},{\"@type\":\"WebPage\",\"@id\":\"https:\\\/\\\/www.carloscastrofotografo.com\\\/blog\\\/neewer-z2-pro-qpro-s-review\\\/\",\"url\":\"https:\\\/\\\/www.carloscastrofotografo.com\\\/blog\\\/neewer-z2-pro-qpro-s-review\\\/\",\"name\":\"Flash NEEWER Z2 Pro + QPRO\u2011S | Review completa en espa\u00f1ol\",\"isPartOf\":{\"@id\":\"https:\\\/\\\/www.carloscastrofotografo.com\\\/blog\\\/#website\"},\"primaryImageOfPage\":{\"@id\":\"https:\\\/\\\/www.carloscastrofotografo.com\\\/blog\\\/neewer-z2-pro-qpro-s-review\\\/#primaryimage\"},\"image\":{\"@id\":\"https:\\\/\\\/www.carloscastrofotografo.com\\\/blog\\\/neewer-z2-pro-qpro-s-review\\\/#primaryimage\"},\"thumbnailUrl\":\"https:\\\/\\\/www.carloscastrofotografo.com\\\/blog\\\/wp-content\\\/uploads\\\/2025\\\/08\\\/NEEWER-Z2-PRO-scaled.jpg\",\"datePublished\":\"2025-08-22T16:34:44+00:00\",\"dateModified\":\"2025-08-22T16:34:46+00:00\",\"description\":\"Probamos el NEEWER Z2 Pro (76\u202fWs) con cabeza redonda y el disparador QPRO\u2011S. Calidad de luz, TTL, HSS y mucho m\u00e1s.\",\"breadcrumb\":{\"@id\":\"https:\\\/\\\/www.carloscastrofotografo.com\\\/blog\\\/neewer-z2-pro-qpro-s-review\\\/#breadcrumb\"},\"inLanguage\":\"es\",\"potentialAction\":[{\"@type\":\"ReadAction\",\"target\":[\"https:\\\/\\\/www.carloscastrofotografo.com\\\/blog\\\/neewer-z2-pro-qpro-s-review\\\/\"]}]},{\"@type\":\"ImageObject\",\"inLanguage\":\"es\",\"@id\":\"https:\\\/\\\/www.carloscastrofotografo.com\\\/blog\\\/neewer-z2-pro-qpro-s-review\\\/#primaryimage\",\"url\":\"https:\\\/\\\/www.carloscastrofotografo.com\\\/blog\\\/wp-content\\\/uploads\\\/2025\\\/08\\\/NEEWER-Z2-PRO-scaled.jpg\",\"contentUrl\":\"https:\\\/\\\/www.carloscastrofotografo.com\\\/blog\\\/wp-content\\\/uploads\\\/2025\\\/08\\\/NEEWER-Z2-PRO-scaled.jpg\",\"width\":2560,\"height\":1344,\"caption\":\"NEEWER Z2 PRO\"},{\"@type\":\"BreadcrumbList\",\"@id\":\"https:\\\/\\\/www.carloscastrofotografo.com\\\/blog\\\/neewer-z2-pro-qpro-s-review\\\/#breadcrumb\",\"itemListElement\":[{\"@type\":\"ListItem\",\"position\":1,\"name\":\"Portada\",\"item\":\"https:\\\/\\\/www.carloscastrofotografo.com\\\/blog\\\/\"},{\"@type\":\"ListItem\",\"position\":2,\"name\":\"Flash NEEWER Z2 Pro + QPRO\u2011S | Review completa en espa\u00f1ol\"}]},{\"@type\":\"WebSite\",\"@id\":\"https:\\\/\\\/www.carloscastrofotografo.com\\\/blog\\\/#website\",\"url\":\"https:\\\/\\\/www.carloscastrofotografo.com\\\/blog\\\/\",\"name\":\"Blog de Carlos Castro Fot\u00f3grafo\",\"description\":\"Todo sobre Fotograf\u00eda y V\u00eddeo, para apasionados de la imagen.\",\"publisher\":{\"@id\":\"https:\\\/\\\/www.carloscastrofotografo.com\\\/blog\\\/#\\\/schema\\\/person\\\/f2df3dbaf3422e563228db874428292d\"},\"potentialAction\":[{\"@type\":\"SearchAction\",\"target\":{\"@type\":\"EntryPoint\",\"urlTemplate\":\"https:\\\/\\\/www.carloscastrofotografo.com\\\/blog\\\/?s={search_term_string}\"},\"query-input\":{\"@type\":\"PropertyValueSpecification\",\"valueRequired\":true,\"valueName\":\"search_term_string\"}}],\"inLanguage\":\"es\"},{\"@type\":[\"Person\",\"Organization\"],\"@id\":\"https:\\\/\\\/www.carloscastrofotografo.com\\\/blog\\\/#\\\/schema\\\/person\\\/f2df3dbaf3422e563228db874428292d\",\"name\":\"Carlos Castro\",\"image\":{\"@type\":\"ImageObject\",\"inLanguage\":\"es\",\"@id\":\"https:\\\/\\\/secure.gravatar.com\\\/avatar\\\/dfdb382b872c007d17784b7cf24288a868cd90f2a34825da78d451a9ddbb4dfe?s=96&d=mm&r=g\",\"url\":\"https:\\\/\\\/secure.gravatar.com\\\/avatar\\\/dfdb382b872c007d17784b7cf24288a868cd90f2a34825da78d451a9ddbb4dfe?s=96&d=mm&r=g\",\"contentUrl\":\"https:\\\/\\\/secure.gravatar.com\\\/avatar\\\/dfdb382b872c007d17784b7cf24288a868cd90f2a34825da78d451a9ddbb4dfe?s=96&d=mm&r=g\",\"caption\":\"Carlos Castro\"},\"logo\":{\"@id\":\"https:\\\/\\\/secure.gravatar.com\\\/avatar\\\/dfdb382b872c007d17784b7cf24288a868cd90f2a34825da78d451a9ddbb4dfe?s=96&d=mm&r=g\"},\"description\":\"Fot\u00f3grafo, Videografo y apasionado de la tecnolog\u00eda. Cazador de tormentas y astrofot\u00f3grafo amateur.\",\"sameAs\":[\"https:\\\/\\\/www.carloscastrofotografo.com\",\"https:\\\/\\\/www.youtube.com\\\/carloscastrofotografo\"],\"url\":\"https:\\\/\\\/www.carloscastrofotografo.com\\\/blog\\\/author\\\/admin\\\/\"}]}<\/script>\n<!-- \/ Yoast SEO plugin. -->","yoast_head_json":{"title":"Flash NEEWER Z2 Pro + QPRO\u2011S | Review completa en espa\u00f1ol","description":"Probamos el NEEWER Z2 Pro (76\u202fWs) con cabeza redonda y el disparador QPRO\u2011S. Calidad de luz, TTL, HSS y mucho m\u00e1s.","robots":{"index":"index","follow":"follow","max-snippet":"max-snippet:-1","max-image-preview":"max-image-preview:large","max-video-preview":"max-video-preview:-1"},"canonical":"https:\/\/www.carloscastrofotografo.com\/blog\/neewer-z2-pro-qpro-s-review\/","og_locale":"es_ES","og_type":"article","og_title":"Flash NEEWER Z2 Pro + QPRO\u2011S | Review completa en espa\u00f1ol","og_description":"Probamos el NEEWER Z2 Pro (76\u202fWs) con cabeza redonda y el disparador QPRO\u2011S. Calidad de luz, TTL, HSS y mucho m\u00e1s.","og_url":"https:\/\/www.carloscastrofotografo.com\/blog\/neewer-z2-pro-qpro-s-review\/","og_site_name":"Blog de Carlos Castro Fot\u00f3grafo","article_published_time":"2025-08-22T16:34:44+00:00","article_modified_time":"2025-08-22T16:34:46+00:00","og_image":[{"width":2560,"height":1344,"url":"https:\/\/www.carloscastrofotografo.com\/blog\/wp-content\/uploads\/2025\/08\/NEEWER-Z2-PRO-scaled.jpg","type":"image\/jpeg"}],"author":"Carlos Castro","twitter_card":"summary_large_image","twitter_misc":{"Escrito por":"Carlos Castro","Tiempo de lectura":"4 minutos"},"schema":{"@context":"https:\/\/schema.org","@graph":[{"@type":"Article","@id":"https:\/\/www.carloscastrofotografo.com\/blog\/neewer-z2-pro-qpro-s-review\/#article","isPartOf":{"@id":"https:\/\/www.carloscastrofotografo.com\/blog\/neewer-z2-pro-qpro-s-review\/"},"author":{"name":"Carlos Castro","@id":"https:\/\/www.carloscastrofotografo.com\/blog\/#\/schema\/person\/f2df3dbaf3422e563228db874428292d"},"headline":"Flash NEEWER Z2 Pro + QPRO\u2011S | Review completa en espa\u00f1ol","datePublished":"2025-08-22T16:34:44+00:00","dateModified":"2025-08-22T16:34:46+00:00","mainEntityOfPage":{"@id":"https:\/\/www.carloscastrofotografo.com\/blog\/neewer-z2-pro-qpro-s-review\/"},"wordCount":955,"commentCount":0,"publisher":{"@id":"https:\/\/www.carloscastrofotografo.com\/blog\/#\/schema\/person\/f2df3dbaf3422e563228db874428292d"},"image":{"@id":"https:\/\/www.carloscastrofotografo.com\/blog\/neewer-z2-pro-qpro-s-review\/#primaryimage"},"thumbnailUrl":"https:\/\/www.carloscastrofotografo.com\/blog\/wp-content\/uploads\/2025\/08\/NEEWER-Z2-PRO-scaled.jpg","keywords":["flash redondo","fotograf\u00eda con flash","hss","neewer","neewer z2 pro","off\u2011camera","producto","qpro-s","retrato","review en espa\u00f1ol","ttl"],"articleSection":["Consejos de Compras y Ofertas","Equipo Audiovisual"],"inLanguage":"es","potentialAction":[{"@type":"CommentAction","name":"Comment","target":["https:\/\/www.carloscastrofotografo.com\/blog\/neewer-z2-pro-qpro-s-review\/#respond"]}]},{"@type":"WebPage","@id":"https:\/\/www.carloscastrofotografo.com\/blog\/neewer-z2-pro-qpro-s-review\/","url":"https:\/\/www.carloscastrofotografo.com\/blog\/neewer-z2-pro-qpro-s-review\/","name":"Flash NEEWER Z2 Pro + QPRO\u2011S | Review completa en espa\u00f1ol","isPartOf":{"@id":"https:\/\/www.carloscastrofotografo.com\/blog\/#website"},"primaryImageOfPage":{"@id":"https:\/\/www.carloscastrofotografo.com\/blog\/neewer-z2-pro-qpro-s-review\/#primaryimage"},"image":{"@id":"https:\/\/www.carloscastrofotografo.com\/blog\/neewer-z2-pro-qpro-s-review\/#primaryimage"},"thumbnailUrl":"https:\/\/www.carloscastrofotografo.com\/blog\/wp-content\/uploads\/2025\/08\/NEEWER-Z2-PRO-scaled.jpg","datePublished":"2025-08-22T16:34:44+00:00","dateModified":"2025-08-22T16:34:46+00:00","description":"Probamos el NEEWER Z2 Pro (76\u202fWs) con cabeza redonda y el disparador QPRO\u2011S. Calidad de luz, TTL, HSS y mucho m\u00e1s.","breadcrumb":{"@id":"https:\/\/www.carloscastrofotografo.com\/blog\/neewer-z2-pro-qpro-s-review\/#breadcrumb"},"inLanguage":"es","potentialAction":[{"@type":"ReadAction","target":["https:\/\/www.carloscastrofotografo.com\/blog\/neewer-z2-pro-qpro-s-review\/"]}]},{"@type":"ImageObject","inLanguage":"es","@id":"https:\/\/www.carloscastrofotografo.com\/blog\/neewer-z2-pro-qpro-s-review\/#primaryimage","url":"https:\/\/www.carloscastrofotografo.com\/blog\/wp-content\/uploads\/2025\/08\/NEEWER-Z2-PRO-scaled.jpg","contentUrl":"https:\/\/www.carloscastrofotografo.com\/blog\/wp-content\/uploads\/2025\/08\/NEEWER-Z2-PRO-scaled.jpg","width":2560,"height":1344,"caption":"NEEWER Z2 PRO"},{"@type":"BreadcrumbList","@id":"https:\/\/www.carloscastrofotografo.com\/blog\/neewer-z2-pro-qpro-s-review\/#breadcrumb","itemListElement":[{"@type":"ListItem","position":1,"name":"Portada","item":"https:\/\/www.carloscastrofotografo.com\/blog\/"},{"@type":"ListItem","position":2,"name":"Flash NEEWER Z2 Pro + QPRO\u2011S | Review completa en espa\u00f1ol"}]},{"@type":"WebSite","@id":"https:\/\/www.carloscastrofotografo.com\/blog\/#website","url":"https:\/\/www.carloscastrofotografo.com\/blog\/","name":"Blog de Carlos Castro Fot\u00f3grafo","description":"Todo sobre Fotograf\u00eda y V\u00eddeo, para apasionados de la imagen.","publisher":{"@id":"https:\/\/www.carloscastrofotografo.com\/blog\/#\/schema\/person\/f2df3dbaf3422e563228db874428292d"},"potentialAction":[{"@type":"SearchAction","target":{"@type":"EntryPoint","urlTemplate":"https:\/\/www.carloscastrofotografo.com\/blog\/?s={search_term_string}"},"query-input":{"@type":"PropertyValueSpecification","valueRequired":true,"valueName":"search_term_string"}}],"inLanguage":"es"},{"@type":["Person","Organization"],"@id":"https:\/\/www.carloscastrofotografo.com\/blog\/#\/schema\/person\/f2df3dbaf3422e563228db874428292d","name":"Carlos Castro","image":{"@type":"ImageObject","inLanguage":"es","@id":"https:\/\/secure.gravatar.com\/avatar\/dfdb382b872c007d17784b7cf24288a868cd90f2a34825da78d451a9ddbb4dfe?s=96&d=mm&r=g","url":"https:\/\/secure.gravatar.com\/avatar\/dfdb382b872c007d17784b7cf24288a868cd90f2a34825da78d451a9ddbb4dfe?s=96&d=mm&r=g","contentUrl":"https:\/\/secure.gravatar.com\/avatar\/dfdb382b872c007d17784b7cf24288a868cd90f2a34825da78d451a9ddbb4dfe?s=96&d=mm&r=g","caption":"Carlos Castro"},"logo":{"@id":"https:\/\/secure.gravatar.com\/avatar\/dfdb382b872c007d17784b7cf24288a868cd90f2a34825da78d451a9ddbb4dfe?s=96&d=mm&r=g"},"description":"Fot\u00f3grafo, Videografo y apasionado de la tecnolog\u00eda. Cazador de tormentas y astrofot\u00f3grafo amateur.","sameAs":["https:\/\/www.carloscastrofotografo.com","https:\/\/www.youtube.com\/carloscastrofotografo"],"url":"https:\/\/www.carloscastrofotografo.com\/blog\/author\/admin\/"}]}},"_links":{"self":[{"href":"https:\/\/www.carloscastrofotografo.com\/blog\/wp-json\/wp\/v2\/posts\/1016","targetHints":{"allow":["GET"]}}],"collection":[{"href":"https:\/\/www.carloscastrofotografo.com\/blog\/wp-json\/wp\/v2\/posts"}],"about":[{"href":"https:\/\/www.carloscastrofotografo.com\/blog\/wp-json\/wp\/v2\/types\/post"}],"author":[{"embeddable":true,"href":"https:\/\/www.carloscastrofotografo.com\/blog\/wp-json\/wp\/v2\/users\/1"}],"replies":[{"embeddable":true,"href":"https:\/\/www.carloscastrofotografo.com\/blog\/wp-json\/wp\/v2\/comments?post=1016"}],"version-history":[{"count":1,"href":"https:\/\/www.carloscastrofotografo.com\/blog\/wp-json\/wp\/v2\/posts\/1016\/revisions"}],"predecessor-version":[{"id":1020,"href":"https:\/\/www.carloscastrofotografo.com\/blog\/wp-json\/wp\/v2\/posts\/1016\/revisions\/1020"}],"wp:featuredmedia":[{"embeddable":true,"href":"https:\/\/www.carloscastrofotografo.com\/blog\/wp-json\/wp\/v2\/media\/1019"}],"wp:attachment":[{"href":"https:\/\/www.carloscastrofotografo.com\/blog\/wp-json\/wp\/v2\/media?parent=1016"}],"wp:term":[{"taxonomy":"category","embeddable":true,"href":"https:\/\/www.carloscastrofotografo.com\/blog\/wp-json\/wp\/v2\/categories?post=1016"},{"taxonomy":"post_tag","embeddable":true,"href":"https:\/\/www.carloscastrofotografo.com\/blog\/wp-json\/wp\/v2\/tags?post=1016"}],"curies":[{"name":"wp","href":"https:\/\/api.w.org\/{rel}","templated":true}]}}